{"id":1983,"date":"2014-11-06T13:02:30","date_gmt":"2014-11-06T13:02:30","guid":{"rendered":""},"modified":"-0001-11-30T00:00:00","modified_gmt":"-0001-11-30T03:00:00","slug":"pfns-de-petrolina-concentrados-no-dia-nacional-de-paralisacao","status":"publish","type":"post","link":"https:\/\/sinprofaz.org.br\/2024\/noticias\/pfns-de-petrolina-concentrados-no-dia-nacional-de-paralisacao\/","title":{"rendered":"PFNs de Petrolina concentrados no Dia Nacional de Paralisa\u00e7\u00e3o"},"content":{"rendered":"<p><img loading=\"lazy\" decoding=\"async\" style=\"margin-right: 10px; margin-bottom: 5px; float: left;\" alt=\"foto01\" src=\"images\/noticias\/pfns-petrolina-concentrados-dia-nacional-paralisacao\/foto01.jpg\" height=\"130\" width=\"200\" \/>Os Colegas Procuradores da Fazenda lotados em Petrolina aderiram ao Dia Nacional de Paralisa\u00e7\u00e3o da Advocacia P\u00fablica Federal com realiza\u00e7\u00e3o de ato na PGF local.<\/p>\n<p>Na reuni\u00e3o em Petrolina, os PFNs e membros das demais carreiras da AGU promoveram um debate e conclu\u00edram que a mobiliza\u00e7\u00e3o dos advogados p\u00fablicos federais deve se concentrar no Poder Legislativo.<\/p>\n<p>Segundo informa\u00e7\u00f5es dos Colegas, nas elei\u00e7\u00f5es deste ano, foram eleitos tr\u00eas deputados federais e um senador que t\u00eam origem e base eleitoral em Petrolina. No ato de ontem, os advogados p\u00fablicos presentes deliberaram que ir\u00e3o manter contato permanente com esses parlamentares para consolidar apoios \u00e0s pautas priorit\u00e1rias das carreiras: autonomia e honor\u00e1rios.<\/p>\n","protected":false},"excerpt":{"rendered":"<p>Os Colegas Procuradores da Fazenda lotados em Petrolina aderiram ao Dia Nacional de Paralisa\u00e7\u00e3o da Advocacia P\u00fablica Federal com realiza\u00e7\u00e3o de ato na PGF local.<\/p>\n","protected":false},"author":1,"featured_media":0,"comment_status":"closed","ping_status":"open","sticky":false,"template":"","format":"standard","meta":{"footnotes":""},"categories":[8],"tags":[],"featured_image_url":"https:\/\/dummyimage.com\/720x400","character_count":369,"formatted_date":"06\/11\/2014 - 13:02","contentNovo":"\r\n<p>Os Colegas Procuradores da Fazenda lotados em Petrolina aderiram ao Dia Nacional de Paralisa\u00e7\u00e3o da Advocacia P\u00fablica Federal com realiza\u00e7\u00e3o de ato na PGF local.<\/p>\r\n<p>Na reuni\u00e3o em Petrolina, os PFNs e membros das demais carreiras da AGU promoveram um debate e conclu\u00edram que a mobiliza\u00e7\u00e3o dos advogados p\u00fablicos federais deve se concentrar no Poder Legislativo.<\/p>\r\n<p>Segundo informa\u00e7\u00f5es dos Colegas, nas elei\u00e7\u00f5es deste ano, foram eleitos tr\u00eas deputados federais e um senador que t\u00eam origem e base eleitoral em Petrolina. No ato de ontem, os advogados p\u00fablicos presentes deliberaram que ir\u00e3o manter contato permanente com esses parlamentares para consolidar apoios \u00e0s pautas priorit\u00e1rias das carreiras: autonomia e honor\u00e1rios.<\/p>","_links":{"self":[{"href":"https:\/\/sinprofaz.org.br\/2024\/wp-json\/wp\/v2\/posts\/1983"}],"collection":[{"href":"https:\/\/sinprofaz.org.br\/2024\/wp-json\/wp\/v2\/posts"}],"about":[{"href":"https:\/\/sinprofaz.org.br\/2024\/wp-json\/wp\/v2\/types\/post"}],"author":[{"embeddable":true,"href":"https:\/\/sinprofaz.org.br\/2024\/wp-json\/wp\/v2\/users\/1"}],"replies":[{"embeddable":true,"href":"https:\/\/sinprofaz.org.br\/2024\/wp-json\/wp\/v2\/comments?post=1983"}],"version-history":[{"count":0,"href":"https:\/\/sinprofaz.org.br\/2024\/wp-json\/wp\/v2\/posts\/1983\/revisions"}],"wp:attachment":[{"href":"https:\/\/sinprofaz.org.br\/2024\/wp-json\/wp\/v2\/media?parent=1983"}],"wp:term":[{"taxonomy":"category","embeddable":true,"href":"https:\/\/sinprofaz.org.br\/2024\/wp-json\/wp\/v2\/categories?post=1983"},{"taxonomy":"post_tag","embeddable":true,"href":"https:\/\/sinprofaz.org.br\/2024\/wp-json\/wp\/v2\/tags?post=1983"}],"curies":[{"name":"wp","href":"https:\/\/api.w.org\/{rel}","templated":true}]}}