{"id":19806,"date":"2025-06-30T11:10:05","date_gmt":"2025-06-30T14:10:05","guid":{"rendered":"https:\/\/sinprofaz.org.br\/2024\/?p=19806"},"modified":"2025-06-30T11:10:05","modified_gmt":"2025-06-30T14:10:05","slug":"memorias-da-gestao-2023-2025-desafios-e-conquistas","status":"publish","type":"post","link":"https:\/\/sinprofaz.org.br\/2024\/noticias\/memorias-da-gestao-2023-2025-desafios-e-conquistas\/","title":{"rendered":"MEM\u00d3RIAS DA GEST\u00c3O 2023-2025: DESAFIOS E CONQUISTAS"},"content":{"rendered":"<p>H\u00e1 35 anos, o\u00a0SINPROFAZ atua de forma incans\u00e1vel em prol dos interesses de Procuradoras\u00a0e Procuradores da Fazenda Nacional.\u00a0Ao longo desse per\u00edodo, in\u00fameros foram os avan\u00e7os que resultaram no fortalecimento institucional da Advocacia P\u00fablica, na valoriza\u00e7\u00e3o da Carreira e na conquista de prerrogativas essenciais a Filiadas e Filiados.<\/p>\n<p>Na gest\u00e3o 2023-2025 n\u00e3o foi diferente. Em dois anos, o Sindicato acumulou importantes conquistas, que envolveram a articula\u00e7\u00e3o parlamentar em defesa dos PFNs, a concretiza\u00e7\u00e3o do reajuste salarial, a aprova\u00e7\u00e3o e nomea\u00e7\u00e3o de novos Membros e a valoriza\u00e7\u00e3o cada vez maior da Carreira no \u00e2mbito do Executivo federal.<\/p>\n<p>Para relembrar as principais conquistas sindicais durante o bi\u00eanio 2023-2025, o SINPROFAZ preparou o\u00a0<strong>Mem\u00f3rias da Gest\u00e3o<\/strong>. O hist\u00f3rico revela a trajet\u00f3ria marcada por comprometimento e resultados concretos e o trabalho intenso do Sindicato na miss\u00e3o de fortalecer a Carreira e a Justi\u00e7a Fiscal no Brasil.<\/p>\n<p><a href=\"https:\/\/sinprofaz.org.br\/2024\/wp-content\/uploads\/2025\/06\/Memorias-da-Gestao-2023-2025.pdf\" target=\"_blank\" rel=\"noopener\"><strong>Confira o Mem\u00f3rias da Gest\u00e3o 2023-2025!<\/strong><\/a><\/p>\n<p><!-- notionvc: 1ba0f8b8-71a7-482b-978d-c78f1fa2ca23 --><\/p>\n","protected":false},"excerpt":{"rendered":"<p>Para relembrar as conquistas sindicais durante o bi\u00eanio 2023-2025, o SINPROFAZ preparou o Mem\u00f3rias da Gest\u00e3o. O hist\u00f3rico revela a trajet\u00f3ria marcada por comprometimento e resultados concretos e o trabalho intenso do Sindicato na miss\u00e3o de fortalecer a Carreira e a Justi\u00e7a Fiscal no Brasil.<\/p>\n","protected":false},"author":2,"featured_media":19807,"comment_status":"open","ping_status":"open","sticky":false,"template":"","format":"standard","meta":{"footnotes":""},"categories":[8],"tags":[27,248,25],"featured_image_url":"https:\/\/sinprofaz.org.br\/2024\/wp-content\/uploads\/2025\/06\/capa.png","character_count":513,"formatted_date":"30\/06\/2025 - 11:10","contentNovo":"H\u00e1 35 anos, o\u00a0SINPROFAZ atua de forma incans\u00e1vel em prol dos interesses de Procuradoras\u00a0e Procuradores da Fazenda Nacional.\u00a0Ao longo desse per\u00edodo, in\u00fameros foram os avan\u00e7os que resultaram no fortalecimento institucional da Advocacia P\u00fablica, na valoriza\u00e7\u00e3o da Carreira e na conquista de prerrogativas essenciais a Filiadas e Filiados.\r\n\r\nNa gest\u00e3o 2023-2025 n\u00e3o foi diferente. Em dois anos, o Sindicato acumulou importantes conquistas, que envolveram a articula\u00e7\u00e3o parlamentar em defesa dos PFNs, a concretiza\u00e7\u00e3o do reajuste salarial, a aprova\u00e7\u00e3o e nomea\u00e7\u00e3o de novos Membros e a valoriza\u00e7\u00e3o cada vez maior da Carreira no \u00e2mbito do Executivo federal.\r\n\r\nPara relembrar as principais conquistas sindicais durante o bi\u00eanio 2023-2025, o SINPROFAZ preparou o\u00a0<strong>Mem\u00f3rias da Gest\u00e3o<\/strong>. O hist\u00f3rico revela a trajet\u00f3ria marcada por comprometimento e resultados concretos e o trabalho intenso do Sindicato na miss\u00e3o de fortalecer a Carreira e a Justi\u00e7a Fiscal no Brasil.\r\n\r\n<a href=\"https:\/\/sinprofaz.org.br\/2024\/wp-content\/uploads\/2025\/06\/Memorias-da-Gestao-2023-2025.pdf\" target=\"_blank\" rel=\"noopener\"><strong>Confira o Mem\u00f3rias da Gest\u00e3o 2023-2025!<\/strong><\/a>\r\n\r\n","_links":{"self":[{"href":"https:\/\/sinprofaz.org.br\/2024\/wp-json\/wp\/v2\/posts\/19806"}],"collection":[{"href":"https:\/\/sinprofaz.org.br\/2024\/wp-json\/wp\/v2\/posts"}],"about":[{"href":"https:\/\/sinprofaz.org.br\/2024\/wp-json\/wp\/v2\/types\/post"}],"author":[{"embeddable":true,"href":"https:\/\/sinprofaz.org.br\/2024\/wp-json\/wp\/v2\/users\/2"}],"replies":[{"embeddable":true,"href":"https:\/\/sinprofaz.org.br\/2024\/wp-json\/wp\/v2\/comments?post=19806"}],"version-history":[{"count":1,"href":"https:\/\/sinprofaz.org.br\/2024\/wp-json\/wp\/v2\/posts\/19806\/revisions"}],"predecessor-version":[{"id":19808,"href":"https:\/\/sinprofaz.org.br\/2024\/wp-json\/wp\/v2\/posts\/19806\/revisions\/19808"}],"wp:featuredmedia":[{"embeddable":true,"href":"https:\/\/sinprofaz.org.br\/2024\/wp-json\/wp\/v2\/media\/19807"}],"wp:attachment":[{"href":"https:\/\/sinprofaz.org.br\/2024\/wp-json\/wp\/v2\/media?parent=19806"}],"wp:term":[{"taxonomy":"category","embeddable":true,"href":"https:\/\/sinprofaz.org.br\/2024\/wp-json\/wp\/v2\/categories?post=19806"},{"taxonomy":"post_tag","embeddable":true,"href":"https:\/\/sinprofaz.org.br\/2024\/wp-json\/wp\/v2\/tags?post=19806"}],"curies":[{"name":"wp","href":"https:\/\/api.w.org\/{rel}","templated":true}]}}