{"id":19794,"date":"2025-06-25T09:52:22","date_gmt":"2025-06-25T12:52:22","guid":{"rendered":"https:\/\/sinprofaz.org.br\/2024\/?p=19794"},"modified":"2025-06-26T09:53:32","modified_gmt":"2025-06-26T12:53:32","slug":"ministro-dias-toffoli-recebe-a-diretoria-eleita-do-sinprofaz-em-reuniao-no-stf","status":"publish","type":"post","link":"https:\/\/sinprofaz.org.br\/2024\/noticias\/ministro-dias-toffoli-recebe-a-diretoria-eleita-do-sinprofaz-em-reuniao-no-stf\/","title":{"rendered":"MINISTRO DIAS TOFFOLI RECEBE A DIRETORIA ELEITA DO SINPROFAZ EM REUNI\u00c3O NO STF"},"content":{"rendered":"<p>A Diretoria eleita teve a honra de ser recebida hoje (25) pelo ministro Dias Toffoli, do Supremo Tribunal Federal, e de entregar pessoalmente o convite para a Solenidade de Posse dos novos dirigentes do SINPROFAZ.<\/p>\n<p>O encontro no STF tamb\u00e9m foi oportunidade para que a Diretoria expusesse ao ministro quest\u00f5es relativas ao julgamento da vincula\u00e7\u00e3o dos advogados p\u00fablicos \u00e0 Ordem dos Advogados do Brasil (RE 609.517, tema 936 STF). Atencioso, Dias Toffoli se mostrou simp\u00e1tico aos argumentos apresentados.<\/p>\n<p>Pela honrosa recep\u00e7\u00e3o, o SINPROFAZ agradece ao ministro e se coloca \u00e0 inteira disposi\u00e7\u00e3o!<\/p>\n","protected":false},"excerpt":{"rendered":"<p>O encontro foi oportunidade para que a Diretoria expusesse ao ministro quest\u00f5es relativas ao julgamento da vincula\u00e7\u00e3o dos advogados p\u00fablicos \u00e0 Ordem dos Advogados do Brasil (RE 609.517, tema 936 STF). Atencioso, Dias Toffoli se mostrou simp\u00e1tico aos argumentos apresentados.<\/p>\n","protected":false},"author":2,"featured_media":19795,"comment_status":"open","ping_status":"open","sticky":false,"template":"","format":"standard","meta":{"footnotes":""},"categories":[8],"tags":[32,27,25],"featured_image_url":"https:\/\/sinprofaz.org.br\/2024\/wp-content\/uploads\/2025\/06\/1-11.png","character_count":303,"formatted_date":"25\/06\/2025 - 09:52","contentNovo":"A Diretoria eleita teve a honra de ser recebida hoje (25) pelo ministro Dias Toffoli, do Supremo Tribunal Federal, e de entregar pessoalmente o convite para a Solenidade de Posse dos novos dirigentes do SINPROFAZ.\r\n\r\nO encontro no STF tamb\u00e9m foi oportunidade para que a Diretoria expusesse ao ministro quest\u00f5es relativas ao julgamento da vincula\u00e7\u00e3o dos advogados p\u00fablicos \u00e0 Ordem dos Advogados do Brasil (RE 609.517, tema 936 STF). Atencioso, Dias Toffoli se mostrou simp\u00e1tico aos argumentos apresentados.\r\n\r\nPela honrosa recep\u00e7\u00e3o, o SINPROFAZ agradece ao ministro e se coloca \u00e0 inteira disposi\u00e7\u00e3o!","_links":{"self":[{"href":"https:\/\/sinprofaz.org.br\/2024\/wp-json\/wp\/v2\/posts\/19794"}],"collection":[{"href":"https:\/\/sinprofaz.org.br\/2024\/wp-json\/wp\/v2\/posts"}],"about":[{"href":"https:\/\/sinprofaz.org.br\/2024\/wp-json\/wp\/v2\/types\/post"}],"author":[{"embeddable":true,"href":"https:\/\/sinprofaz.org.br\/2024\/wp-json\/wp\/v2\/users\/2"}],"replies":[{"embeddable":true,"href":"https:\/\/sinprofaz.org.br\/2024\/wp-json\/wp\/v2\/comments?post=19794"}],"version-history":[{"count":1,"href":"https:\/\/sinprofaz.org.br\/2024\/wp-json\/wp\/v2\/posts\/19794\/revisions"}],"predecessor-version":[{"id":19796,"href":"https:\/\/sinprofaz.org.br\/2024\/wp-json\/wp\/v2\/posts\/19794\/revisions\/19796"}],"wp:featuredmedia":[{"embeddable":true,"href":"https:\/\/sinprofaz.org.br\/2024\/wp-json\/wp\/v2\/media\/19795"}],"wp:attachment":[{"href":"https:\/\/sinprofaz.org.br\/2024\/wp-json\/wp\/v2\/media?parent=19794"}],"wp:term":[{"taxonomy":"category","embeddable":true,"href":"https:\/\/sinprofaz.org.br\/2024\/wp-json\/wp\/v2\/categories?post=19794"},{"taxonomy":"post_tag","embeddable":true,"href":"https:\/\/sinprofaz.org.br\/2024\/wp-json\/wp\/v2\/tags?post=19794"}],"curies":[{"name":"wp","href":"https:\/\/api.w.org\/{rel}","templated":true}]}}