{"id":19791,"date":"2025-06-25T09:39:06","date_gmt":"2025-06-25T12:39:06","guid":{"rendered":"https:\/\/sinprofaz.org.br\/2024\/?p=19791"},"modified":"2025-06-26T09:40:08","modified_gmt":"2025-06-26T12:40:08","slug":"tadeu-alencar-recebe-convite-para-solenidade-de-posse-da-diretoria-do-sinprofaz","status":"publish","type":"post","link":"https:\/\/sinprofaz.org.br\/2024\/noticias\/tadeu-alencar-recebe-convite-para-solenidade-de-posse-da-diretoria-do-sinprofaz\/","title":{"rendered":"TADEU ALENCAR RECEBE CONVITE PARA SOLENIDADE DE POSSE DA DIRETORIA DO SINPROFAZ"},"content":{"rendered":"<p>Parceiro de longa data do Sindicato, o filiado Tadeu Alencar foi convidado para a Solenidade de Posse da Diretoria eleita do SINPROFAZ. A cerim\u00f4nia ocorrer\u00e1 na ter\u00e7a-feira (1\u00ba), no Villa Rizza, em Bras\u00edlia\/DF. Todos os PFNs ser\u00e3o muito bem-vindos!<\/p>\n<p>Ex-delegado sindical, Tadeu Alencar foi fundamental para a defesa e o progresso da Carreira ao longo de seu trabalho na Procuradoria da Fazenda Nacional, assim como em sua atua\u00e7\u00e3o pol\u00edtica, mormente quando exerceu mandatos na C\u00e2mara dos Deputados.<\/p>\n<p>Hoje, \u00e0 frente da Secretaria-Executiva do Minist\u00e9rio do Empreendedorismo, da Microempresa e da Empresa de Pequeno Porte, o Colega segue exercendo fun\u00e7\u00e3o estrat\u00e9gica e defendendo com excel\u00eancia as atribui\u00e7\u00f5es e as prerrogativas dos procuradores da Fazenda Nacional.<\/p>\n","protected":false},"excerpt":{"rendered":"<p>Ex-delegado sindical e parceiro de longa data do SINPROFAZ, o filiado Tadeu Alencar foi convidado para a Solenidade de Posse da Diretoria eleita do Sindicato. A cerim\u00f4nia ocorrer\u00e1 na pr\u00f3xima ter\u00e7a-feira, no Villa Rizza, em Bras\u00edlia\/DF. Todos os PFNs ser\u00e3o muito bem-vindos!<\/p>\n","protected":false},"author":2,"featured_media":19792,"comment_status":"open","ping_status":"open","sticky":false,"template":"","format":"standard","meta":{"footnotes":""},"categories":[8],"tags":[32,27,25],"featured_image_url":"https:\/\/sinprofaz.org.br\/2024\/wp-content\/uploads\/2025\/06\/1-10.png","character_count":390,"formatted_date":"25\/06\/2025 - 09:39","contentNovo":"Parceiro de longa data do Sindicato, o filiado Tadeu Alencar foi convidado para a Solenidade de Posse da Diretoria eleita do SINPROFAZ. A cerim\u00f4nia ocorrer\u00e1 na ter\u00e7a-feira (1\u00ba), no Villa Rizza, em Bras\u00edlia\/DF. Todos os PFNs ser\u00e3o muito bem-vindos!\r\n\r\nEx-delegado sindical, Tadeu Alencar foi fundamental para a defesa e o progresso da Carreira ao longo de seu trabalho na Procuradoria da Fazenda Nacional, assim como em sua atua\u00e7\u00e3o pol\u00edtica, mormente quando exerceu mandatos na C\u00e2mara dos Deputados.\r\n\r\nHoje, \u00e0 frente da Secretaria-Executiva do Minist\u00e9rio do Empreendedorismo, da Microempresa e da Empresa de Pequeno Porte, o Colega segue exercendo fun\u00e7\u00e3o estrat\u00e9gica e defendendo com excel\u00eancia as atribui\u00e7\u00f5es e as prerrogativas dos procuradores da Fazenda Nacional.","_links":{"self":[{"href":"https:\/\/sinprofaz.org.br\/2024\/wp-json\/wp\/v2\/posts\/19791"}],"collection":[{"href":"https:\/\/sinprofaz.org.br\/2024\/wp-json\/wp\/v2\/posts"}],"about":[{"href":"https:\/\/sinprofaz.org.br\/2024\/wp-json\/wp\/v2\/types\/post"}],"author":[{"embeddable":true,"href":"https:\/\/sinprofaz.org.br\/2024\/wp-json\/wp\/v2\/users\/2"}],"replies":[{"embeddable":true,"href":"https:\/\/sinprofaz.org.br\/2024\/wp-json\/wp\/v2\/comments?post=19791"}],"version-history":[{"count":1,"href":"https:\/\/sinprofaz.org.br\/2024\/wp-json\/wp\/v2\/posts\/19791\/revisions"}],"predecessor-version":[{"id":19793,"href":"https:\/\/sinprofaz.org.br\/2024\/wp-json\/wp\/v2\/posts\/19791\/revisions\/19793"}],"wp:featuredmedia":[{"embeddable":true,"href":"https:\/\/sinprofaz.org.br\/2024\/wp-json\/wp\/v2\/media\/19792"}],"wp:attachment":[{"href":"https:\/\/sinprofaz.org.br\/2024\/wp-json\/wp\/v2\/media?parent=19791"}],"wp:term":[{"taxonomy":"category","embeddable":true,"href":"https:\/\/sinprofaz.org.br\/2024\/wp-json\/wp\/v2\/categories?post=19791"},{"taxonomy":"post_tag","embeddable":true,"href":"https:\/\/sinprofaz.org.br\/2024\/wp-json\/wp\/v2\/tags?post=19791"}],"curies":[{"name":"wp","href":"https:\/\/api.w.org\/{rel}","templated":true}]}}