{"id":1978,"date":"2014-11-05T11:56:14","date_gmt":"2014-11-05T11:56:14","guid":{"rendered":""},"modified":"-0001-11-30T00:00:00","modified_gmt":"-0001-11-30T03:00:00","slug":"deputado-moreira-mendes-reitera-apoio-a-pec-82-2007","status":"publish","type":"post","link":"https:\/\/sinprofaz.org.br\/2024\/noticias\/deputado-moreira-mendes-reitera-apoio-a-pec-82-2007\/","title":{"rendered":"Deputado Moreira Mendes reitera apoio \u00e0 PEC 82\/2007"},"content":{"rendered":"<p><img loading=\"lazy\" decoding=\"async\" style=\"margin-right: 10px; margin-bottom: 5px; float: left;\" alt=\"deputado-moreira-mendes-reitera-apoio-pec82-2007\" src=\"images\/noticias\/deputado-moreira-mendes-reitera-apoio-pec82-2007.jpg\" height=\"134\" width=\"200\" \/>Em conversa com o presidente do SINPROFAZ, o parlamentar renova seu compromisso de apoio incondicional \u00e0 PEC da Probidade.<\/p>\n<p>O deputado Moreira Mendes (PSD-TO), que \u00e9 advogado e l\u00edder partid\u00e1rio, mais uma vez, confirmou sua ades\u00e3o a este importante pleito da Advocacia P\u00fablica.<\/p>\n<p>Para o deputado, aprovar a PEC 82\/2007 \u00e9 uma medida inadi\u00e1vel para garantir \u00e0 Advocacia P\u00fablica, como Fun\u00e7\u00e3o Essencial \u00e0 Justi\u00e7a, tratamento ison\u00f4mico em rela\u00e7\u00e3o \u00e0 Magistratura e ao Minist\u00e9rio P\u00fablico.<\/p>\n","protected":false},"excerpt":{"rendered":"<p>Em conversa com o presidente do SINPROFAZ, o parlamentar renova seu compromisso de apoio incondicional \u00e0 PEC da Probidade.<\/p>\n","protected":false},"author":1,"featured_media":0,"comment_status":"closed","ping_status":"open","sticky":false,"template":"","format":"standard","meta":{"footnotes":""},"categories":[8],"tags":[],"featured_image_url":"https:\/\/dummyimage.com\/720x400","character_count":249,"formatted_date":"05\/11\/2014 - 11:56","contentNovo":"\r\n<p>Em conversa com o presidente do SINPROFAZ, o parlamentar renova seu compromisso de apoio incondicional \u00e0 PEC da Probidade.<\/p>\r\n<p>O deputado Moreira Mendes (PSD-TO), que \u00e9 advogado e l\u00edder partid\u00e1rio, mais uma vez, confirmou sua ades\u00e3o a este importante pleito da Advocacia P\u00fablica.<\/p>\r\n<p>Para o deputado, aprovar a PEC 82\/2007 \u00e9 uma medida inadi\u00e1vel para garantir \u00e0 Advocacia P\u00fablica, como Fun\u00e7\u00e3o Essencial \u00e0 Justi\u00e7a, tratamento ison\u00f4mico em rela\u00e7\u00e3o \u00e0 Magistratura e ao Minist\u00e9rio P\u00fablico.<\/p>","_links":{"self":[{"href":"https:\/\/sinprofaz.org.br\/2024\/wp-json\/wp\/v2\/posts\/1978"}],"collection":[{"href":"https:\/\/sinprofaz.org.br\/2024\/wp-json\/wp\/v2\/posts"}],"about":[{"href":"https:\/\/sinprofaz.org.br\/2024\/wp-json\/wp\/v2\/types\/post"}],"author":[{"embeddable":true,"href":"https:\/\/sinprofaz.org.br\/2024\/wp-json\/wp\/v2\/users\/1"}],"replies":[{"embeddable":true,"href":"https:\/\/sinprofaz.org.br\/2024\/wp-json\/wp\/v2\/comments?post=1978"}],"version-history":[{"count":0,"href":"https:\/\/sinprofaz.org.br\/2024\/wp-json\/wp\/v2\/posts\/1978\/revisions"}],"wp:attachment":[{"href":"https:\/\/sinprofaz.org.br\/2024\/wp-json\/wp\/v2\/media?parent=1978"}],"wp:term":[{"taxonomy":"category","embeddable":true,"href":"https:\/\/sinprofaz.org.br\/2024\/wp-json\/wp\/v2\/categories?post=1978"},{"taxonomy":"post_tag","embeddable":true,"href":"https:\/\/sinprofaz.org.br\/2024\/wp-json\/wp\/v2\/tags?post=1978"}],"curies":[{"name":"wp","href":"https:\/\/api.w.org\/{rel}","templated":true}]}}