{"id":19769,"date":"2025-06-17T17:18:33","date_gmt":"2025-06-17T20:18:33","guid":{"rendered":"https:\/\/sinprofaz.org.br\/2024\/?p=19769"},"modified":"2025-06-17T17:18:33","modified_gmt":"2025-06-17T20:18:33","slug":"pfn-aposentada-lancara-obra-durante-a-bienal-do-livro-no-rio-de-janeiro","status":"publish","type":"post","link":"https:\/\/sinprofaz.org.br\/2024\/noticias\/pfn-aposentada-lancara-obra-durante-a-bienal-do-livro-no-rio-de-janeiro\/","title":{"rendered":"PFN APOSENTADA LAN\u00c7AR\u00c1 OBRA DURANTE A BIENAL DO LIVRO NO RIO DE JANEIRO"},"content":{"rendered":"<p>A Colega Ana Lucia de Lyra Tavares, filiada aposentada, que foi professora do Programa de P\u00f3s-Gradua\u00e7\u00e3o\u00a0em Direito &#8211; Teoria do Estado e Direito Constitucional da PUC-Rio, lan\u00e7a na quinta-feira (19) a obra intitulada\u00a0<em><strong>O Direito Comparado: evoca\u00e7\u00f5es de um magist\u00e9rio<\/strong><\/em>. O lan\u00e7amento ocorrer\u00e1 durante a Bienal do Livro no Rio de Janeiro\/RJ, para a qual todos os PFNs est\u00e3o convidados. A Bienal tem programa\u00e7\u00e3o at\u00e9 o dia 22 de junho e conta com a participa\u00e7\u00e3o de mais de 300 autores nacionais e internacionais:\u00a0<a href=\"http:\/\/www.bienaldolivro.com.br\/\" target=\"_blank\" rel=\"noopener\">www.bienaldolivro.com.br<\/a><\/p>\n<p><strong>Sobre a obra<br \/>\n<\/strong>Ao escrever sobre a raz\u00e3o de ser do livro, Ana Lucia de Lyra Tavares lembrou o per\u00edodo de desenvolvimento da obra, que atravessou o momento de pandemia. &#8220;Encaro este processo de escrev\u00ea-lo como um passeio, atrav\u00e9s do qual v\u00e3o sendo redescobertas muitas paisagens que admirei e que fico feliz em rever e compartilhar. Agrade\u00e7o a Deus poder faz\u00ea-lo nesta fase avan\u00e7ada da vida, com todas as lacunas previs\u00edveis. Busquei destacar ensinamentos que mais me calaram nessa longeva experi\u00eancia de ensino do direito comparado e autores que nortearam muitas das minhas reflex\u00f5es.&#8221;<\/p>\n<p>Para saber mais e adquirir um exemplar da obra,\u00a0<a href=\"https:\/\/letracapital.com.br\/produto\/o-direito-comparado-evocacoes-de-um-magisterio\/?srsltid=AfmBOooI_M9mfYLkH7OGjQnFd8xZlRHwWIy8rDOHAOaloV1m8WYlHSLH\" target=\"_blank\" rel=\"noopener\">clique aqui!<\/a><\/p>\n\n\t\t<style type=\"text\/css\">\n\t\t\t#gallery-1 {\n\t\t\t\tmargin: auto;\n\t\t\t}\n\t\t\t#gallery-1 .gallery-item {\n\t\t\t\tfloat: left;\n\t\t\t\tmargin-top: 10px;\n\t\t\t\ttext-align: center;\n\t\t\t\twidth: 33%;\n\t\t\t}\n\t\t\t#gallery-1 img {\n\t\t\t\tborder: 2px solid #cfcfcf;\n\t\t\t}\n\t\t\t#gallery-1 .gallery-caption {\n\t\t\t\tmargin-left: 0;\n\t\t\t}\n\t\t\t\/* see gallery_shortcode() in wp-includes\/media.php *\/\n\t\t<\/style>\n\t\t<div id='gallery-1' class='gallery galleryid-19769 gallery-columns-3 gallery-size-thumbnail'><dl class='gallery-item'>\n\t\t\t<dt class='gallery-icon landscape'>\n\t\t\t\t<a href='https:\/\/sinprofaz.org.br\/2024\/wp-content\/uploads\/2025\/06\/2-1.png'><img loading=\"lazy\" decoding=\"async\" width=\"150\" height=\"150\" src=\"https:\/\/sinprofaz.org.br\/2024\/wp-content\/uploads\/2025\/06\/2-1-150x150.png\" class=\"attachment-thumbnail size-thumbnail\" alt=\"\" \/><\/a>\n\t\t\t<\/dt><\/dl>\n\t\t\t<br style='clear: both' \/>\n\t\t<\/div>\n\n<p><!-- notionvc: 2169952e-cfa8-4bc4-bd1a-a75d0da67c61 --><\/p>\n","protected":false},"excerpt":{"rendered":"<p>A Colega Ana Lucia de Lyra Tavares, filiada aposentada, que foi professora do Programa de P\u00f3s-Gradua\u00e7\u00e3o em Direito &#8211; Teoria do Estado e Direito Constitucional da PUC-Rio, lan\u00e7a na quinta-feira (19) a obra intitulada &#8220;O Direito Comparado: evoca\u00e7\u00f5es de um magist\u00e9rio&#8221;.<\/p>\n","protected":false},"author":2,"featured_media":19771,"comment_status":"open","ping_status":"open","sticky":false,"template":"","format":"standard","meta":{"footnotes":""},"categories":[8],"tags":[32,121,177],"featured_image_url":"https:\/\/sinprofaz.org.br\/2024\/wp-content\/uploads\/2025\/06\/1-7.png","character_count":790,"formatted_date":"17\/06\/2025 - 17:18","contentNovo":"A Colega Ana Lucia de Lyra Tavares, filiada aposentada, que foi professora do Programa de P\u00f3s-Gradua\u00e7\u00e3o\u00a0em Direito - Teoria do Estado e Direito Constitucional da PUC-Rio, lan\u00e7a na quinta-feira (19) a obra intitulada\u00a0<em><strong>O Direito Comparado: evoca\u00e7\u00f5es de um magist\u00e9rio<\/strong><\/em>. O lan\u00e7amento ocorrer\u00e1 durante a Bienal do Livro no Rio de Janeiro\/RJ, para a qual todos os PFNs est\u00e3o convidados. A Bienal tem programa\u00e7\u00e3o at\u00e9 o dia 22 de junho e conta com a participa\u00e7\u00e3o de mais de 300 autores nacionais e internacionais:\u00a0<a href=\"http:\/\/www.bienaldolivro.com.br\/\" target=\"_blank\" rel=\"noopener\">www.bienaldolivro.com.br<\/a>\r\n\r\n<strong>Sobre a obra\r\n<\/strong>Ao escrever sobre a raz\u00e3o de ser do livro, Ana Lucia de Lyra Tavares lembrou o per\u00edodo de desenvolvimento da obra, que atravessou o momento de pandemia. \"Encaro este processo de escrev\u00ea-lo como um passeio, atrav\u00e9s do qual v\u00e3o sendo redescobertas muitas paisagens que admirei e que fico feliz em rever e compartilhar. Agrade\u00e7o a Deus poder faz\u00ea-lo nesta fase avan\u00e7ada da vida, com todas as lacunas previs\u00edveis. Busquei destacar ensinamentos que mais me calaram nessa longeva experi\u00eancia de ensino do direito comparado e autores que nortearam muitas das minhas reflex\u00f5es.\"\r\n\r\nPara saber mais e adquirir um exemplar da obra,\u00a0<a href=\"https:\/\/letracapital.com.br\/produto\/o-direito-comparado-evocacoes-de-um-magisterio\/?srsltid=AfmBOooI_M9mfYLkH7OGjQnFd8xZlRHwWIy8rDOHAOaloV1m8WYlHSLH\" target=\"_blank\" rel=\"noopener\">clique aqui!<\/a>\r\n\r\n[gallery link=\"file\" ids=\"19772\"]\r\n\r\n","_links":{"self":[{"href":"https:\/\/sinprofaz.org.br\/2024\/wp-json\/wp\/v2\/posts\/19769"}],"collection":[{"href":"https:\/\/sinprofaz.org.br\/2024\/wp-json\/wp\/v2\/posts"}],"about":[{"href":"https:\/\/sinprofaz.org.br\/2024\/wp-json\/wp\/v2\/types\/post"}],"author":[{"embeddable":true,"href":"https:\/\/sinprofaz.org.br\/2024\/wp-json\/wp\/v2\/users\/2"}],"replies":[{"embeddable":true,"href":"https:\/\/sinprofaz.org.br\/2024\/wp-json\/wp\/v2\/comments?post=19769"}],"version-history":[{"count":1,"href":"https:\/\/sinprofaz.org.br\/2024\/wp-json\/wp\/v2\/posts\/19769\/revisions"}],"predecessor-version":[{"id":19773,"href":"https:\/\/sinprofaz.org.br\/2024\/wp-json\/wp\/v2\/posts\/19769\/revisions\/19773"}],"wp:featuredmedia":[{"embeddable":true,"href":"https:\/\/sinprofaz.org.br\/2024\/wp-json\/wp\/v2\/media\/19771"}],"wp:attachment":[{"href":"https:\/\/sinprofaz.org.br\/2024\/wp-json\/wp\/v2\/media?parent=19769"}],"wp:term":[{"taxonomy":"category","embeddable":true,"href":"https:\/\/sinprofaz.org.br\/2024\/wp-json\/wp\/v2\/categories?post=19769"},{"taxonomy":"post_tag","embeddable":true,"href":"https:\/\/sinprofaz.org.br\/2024\/wp-json\/wp\/v2\/tags?post=19769"}],"curies":[{"name":"wp","href":"https:\/\/api.w.org\/{rel}","templated":true}]}}