{"id":19765,"date":"2025-06-13T09:45:15","date_gmt":"2025-06-13T12:45:15","guid":{"rendered":"https:\/\/sinprofaz.org.br\/2024\/?p=19765"},"modified":"2025-06-13T09:45:15","modified_gmt":"2025-06-13T12:45:15","slug":"sinprofaz-e-entidades-se-reunem-na-sede-da-anpprev-em-brasilia","status":"publish","type":"post","link":"https:\/\/sinprofaz.org.br\/2024\/noticias\/sinprofaz-e-entidades-se-reunem-na-sede-da-anpprev-em-brasilia\/","title":{"rendered":"SINPROFAZ E ENTIDADES SE RE\u00daNEM NA SEDE DA ANPPREV, EM BRAS\u00cdLIA"},"content":{"rendered":"<p>A presidente Iolanda Guindani representou o SINPROFAZ em reuni\u00e3o na quarta-feira (11) entre as entidades representativas dos Membros\u00a0da AGU. O encontro\u00a0ocorreu na sede da Associa\u00e7\u00e3o Nacional dos Procuradores e Advogados P\u00fablicos Federais &#8211; ANPPREV, em Bras\u00edlia\/DF.<\/p>\n<p>Assuntos de interesse dos\u00a0Membros\u00a0da ativa e aposentados foram discutidos pelos presentes. Na ocasi\u00e3o, o SINPROFAZ apresentou sugest\u00f5es alinhadas \u00e0s expectativas das procuradoras e dos procuradores da Fazenda Nacional. De modo geral, as tratativas entre Sindicato e demais entidades versaram sobre a concretiza\u00e7\u00e3o de direitos dos\u00a0Membros e sobre a aten\u00e7\u00e3o especial devida aos aposentados da AGU.<\/p>\n","protected":false},"excerpt":{"rendered":"<p>A presidente Iolanda Guindani representou o SINPROFAZ em reuni\u00e3o na quarta-feira (11) entre as entidades representativas dos Membros da AGU. O encontro ocorreu na sede da Associa\u00e7\u00e3o Nacional dos Procuradores e Advogados P\u00fablicos Federais &#8211; ANPPREV, em Bras\u00edlia\/DF. Confira!<\/p>\n","protected":false},"author":2,"featured_media":19766,"comment_status":"open","ping_status":"open","sticky":false,"template":"","format":"standard","meta":{"footnotes":""},"categories":[8],"tags":[43,23,25],"featured_image_url":"https:\/\/sinprofaz.org.br\/2024\/wp-content\/uploads\/2025\/06\/1-6.png","character_count":342,"formatted_date":"13\/06\/2025 - 09:45","contentNovo":"A presidente Iolanda Guindani representou o SINPROFAZ em reuni\u00e3o na quarta-feira (11) entre as entidades representativas dos Membros\u00a0da AGU. O encontro\u00a0ocorreu na sede da Associa\u00e7\u00e3o Nacional dos Procuradores e Advogados P\u00fablicos Federais - ANPPREV, em Bras\u00edlia\/DF.\r\n\r\nAssuntos de interesse dos\u00a0Membros\u00a0da ativa e aposentados foram discutidos pelos presentes. Na ocasi\u00e3o, o SINPROFAZ apresentou sugest\u00f5es alinhadas \u00e0s expectativas das procuradoras e dos procuradores da Fazenda Nacional. De modo geral, as tratativas entre Sindicato e demais entidades versaram sobre a concretiza\u00e7\u00e3o de direitos dos\u00a0Membros e sobre a aten\u00e7\u00e3o especial devida aos aposentados da AGU.","_links":{"self":[{"href":"https:\/\/sinprofaz.org.br\/2024\/wp-json\/wp\/v2\/posts\/19765"}],"collection":[{"href":"https:\/\/sinprofaz.org.br\/2024\/wp-json\/wp\/v2\/posts"}],"about":[{"href":"https:\/\/sinprofaz.org.br\/2024\/wp-json\/wp\/v2\/types\/post"}],"author":[{"embeddable":true,"href":"https:\/\/sinprofaz.org.br\/2024\/wp-json\/wp\/v2\/users\/2"}],"replies":[{"embeddable":true,"href":"https:\/\/sinprofaz.org.br\/2024\/wp-json\/wp\/v2\/comments?post=19765"}],"version-history":[{"count":1,"href":"https:\/\/sinprofaz.org.br\/2024\/wp-json\/wp\/v2\/posts\/19765\/revisions"}],"predecessor-version":[{"id":19767,"href":"https:\/\/sinprofaz.org.br\/2024\/wp-json\/wp\/v2\/posts\/19765\/revisions\/19767"}],"wp:featuredmedia":[{"embeddable":true,"href":"https:\/\/sinprofaz.org.br\/2024\/wp-json\/wp\/v2\/media\/19766"}],"wp:attachment":[{"href":"https:\/\/sinprofaz.org.br\/2024\/wp-json\/wp\/v2\/media?parent=19765"}],"wp:term":[{"taxonomy":"category","embeddable":true,"href":"https:\/\/sinprofaz.org.br\/2024\/wp-json\/wp\/v2\/categories?post=19765"},{"taxonomy":"post_tag","embeddable":true,"href":"https:\/\/sinprofaz.org.br\/2024\/wp-json\/wp\/v2\/tags?post=19765"}],"curies":[{"name":"wp","href":"https:\/\/api.w.org\/{rel}","templated":true}]}}