{"id":19752,"date":"2025-06-10T13:37:27","date_gmt":"2025-06-10T16:37:27","guid":{"rendered":"https:\/\/sinprofaz.org.br\/2024\/?p=19752"},"modified":"2025-06-23T11:04:22","modified_gmt":"2025-06-23T14:04:22","slug":"sinprofaz-lanca-livro-comemorativo-pelos-35-anos-de-luta-em-defesa-da-carreira","status":"publish","type":"post","link":"https:\/\/sinprofaz.org.br\/2024\/noticias\/sinprofaz-lanca-livro-comemorativo-pelos-35-anos-de-luta-em-defesa-da-carreira\/","title":{"rendered":"SINPROFAZ LAN\u00c7A LIVRO COMEMORATIVO PELOS 35 ANOS DE LUTA EM DEFESA DA CARREIRA"},"content":{"rendered":"<p>O Sindicato Nacional dos Procuradores da Fazenda Nacional &#8211; SINPROFAZ comemorou, em 11 de janeiro de 2025, seu trig\u00e9simo quinto anivers\u00e1rio de funda\u00e7\u00e3o. Nessas mais de tr\u00eas d\u00e9cadas de exist\u00eancia, o SINPROFAZ vem atuando, com independ\u00eancia e altivez, na defesa dos interesses das Procuradoras e dos Procuradores da Fazenda Nacional. In\u00fameros foram os desafios ao longo dessa trajet\u00f3ria, mas todos os obst\u00e1culos foram superados. Hoje, a Carreira se encontra em um elevado patamar de reconhecimento e de valoriza\u00e7\u00e3o no \u00e2mbito do funcionalismo p\u00fablico nacional.<\/p>\n<p>Da mesma forma, o Sindicato evoluiu: no cen\u00e1rio atual, o SINPROFAZ \u00e9 refer\u00eancia para as demais entidades representativas das carreiras da Advocacia P\u00fablica Federal. Maduro e respons\u00e1vel, o SINPROFAZ possui o respeito das Institui\u00e7\u00f5es dos Tr\u00eas Poderes da Rep\u00fablica. Mas o trabalho n\u00e3o cessa: o Sindicato segue firme em dire\u00e7\u00e3o a novos desafios. Para tanto, conta com as Procuradoras e os Procuradores da Fazenda Nacional, ativos e aposentados, aos quais manifesta profunda gratid\u00e3o pelo apoio, pelas cr\u00edticas, pelas sugest\u00f5es e, acima de tudo, pela confian\u00e7a sempre depositada.<\/p>\n<p>Para marcar este ano simb\u00f3lico, o Sindicato presenteia Filiadas e Filiados com o Livro Comemorativo\u00a0<em><strong>SINPROFAZ 35 anos: Uma trajet\u00f3ria de fortalecimento e valoriza\u00e7\u00e3o da Carreira de PFN<\/strong><\/em>. A publica\u00e7\u00e3o conta com Pref\u00e1cio de Honra do ex-advogado-geral da Uni\u00e3o Jos\u00e9 Eduardo Cardozo e traz entrevistas com v\u00e1rios PFNs que fazem parte da hist\u00f3ria do Sindicato. O Livro Comemorativo destaca a presen\u00e7a da Carreira em toda parte do pa\u00eds, as importantes vit\u00f3rias alcan\u00e7adas, o avan\u00e7o na articula\u00e7\u00e3o com os Tr\u00eas Poderes, a constru\u00e7\u00e3o do futuro com autonomia e muito mais!<\/p>\n<p><a href=\"https:\/\/sinprofaz.org.br\/2024\/wp-content\/uploads\/2025\/06\/35-anos_SINPROFAZ_WEB-1.pdf\" target=\"_blank\" rel=\"noopener\">Acesse aqui a publica\u00e7\u00e3o<\/a>\u00a0preparada com carinho pelo SINPROFAZ e orgulhe-se de fazer parte dessa hist\u00f3ria de sucesso!<\/p>\n<p><!-- notionvc: 53e911fa-b861-47c5-bc04-908cefef59f4 --><\/p>\n","protected":false},"excerpt":{"rendered":"<p>A publica\u00e7\u00e3o conta com Pref\u00e1cio de Honra do ex-AGU Jos\u00e9 Eduardo Cardozo e com entrevistas de v\u00e1rios PFNs que fazem parte da hist\u00f3ria do Sindicato. O Livro destaca as vit\u00f3rias alcan\u00e7adas, a articula\u00e7\u00e3o com os Tr\u00eas Poderes, a constru\u00e7\u00e3o do futuro com autonomia e muito mais. Confira!<\/p>\n","protected":false},"author":2,"featured_media":19753,"comment_status":"open","ping_status":"open","sticky":false,"template":"","format":"standard","meta":{"footnotes":""},"categories":[8],"tags":[32,177,25],"featured_image_url":"https:\/\/sinprofaz.org.br\/2024\/wp-content\/uploads\/2025\/06\/1-4.png","character_count":939,"formatted_date":"10\/06\/2025 - 13:37","contentNovo":"O Sindicato Nacional dos Procuradores da Fazenda Nacional - SINPROFAZ comemorou, em 11 de janeiro de 2025, seu trig\u00e9simo quinto anivers\u00e1rio de funda\u00e7\u00e3o. Nessas mais de tr\u00eas d\u00e9cadas de exist\u00eancia, o SINPROFAZ vem atuando, com independ\u00eancia e altivez, na defesa dos interesses das Procuradoras e dos Procuradores da Fazenda Nacional. In\u00fameros foram os desafios ao longo dessa trajet\u00f3ria, mas todos os obst\u00e1culos foram superados. Hoje, a Carreira se encontra em um elevado patamar de reconhecimento e de valoriza\u00e7\u00e3o no \u00e2mbito do funcionalismo p\u00fablico nacional.\r\n\r\nDa mesma forma, o Sindicato evoluiu: no cen\u00e1rio atual, o SINPROFAZ \u00e9 refer\u00eancia para as demais entidades representativas das carreiras da Advocacia P\u00fablica Federal. Maduro e respons\u00e1vel, o SINPROFAZ possui o respeito das Institui\u00e7\u00f5es dos Tr\u00eas Poderes da Rep\u00fablica. Mas o trabalho n\u00e3o cessa: o Sindicato segue firme em dire\u00e7\u00e3o a novos desafios. Para tanto, conta com as Procuradoras e os Procuradores da Fazenda Nacional, ativos e aposentados, aos quais manifesta profunda gratid\u00e3o pelo apoio, pelas cr\u00edticas, pelas sugest\u00f5es e, acima de tudo, pela confian\u00e7a sempre depositada.\r\n\r\nPara marcar este ano simb\u00f3lico, o Sindicato presenteia Filiadas e Filiados com o Livro Comemorativo\u00a0<em><strong>SINPROFAZ 35 anos: Uma trajet\u00f3ria de fortalecimento e valoriza\u00e7\u00e3o da Carreira de PFN<\/strong><\/em>. A publica\u00e7\u00e3o conta com Pref\u00e1cio de Honra do ex-advogado-geral da Uni\u00e3o Jos\u00e9 Eduardo Cardozo e traz entrevistas com v\u00e1rios PFNs que fazem parte da hist\u00f3ria do Sindicato. O Livro Comemorativo destaca a presen\u00e7a da Carreira em toda parte do pa\u00eds, as importantes vit\u00f3rias alcan\u00e7adas, o avan\u00e7o na articula\u00e7\u00e3o com os Tr\u00eas Poderes, a constru\u00e7\u00e3o do futuro com autonomia e muito mais!\r\n\r\n<a href=\"https:\/\/sinprofaz.org.br\/2024\/wp-content\/uploads\/2025\/06\/35-anos_SINPROFAZ_WEB-1.pdf\" target=\"_blank\" rel=\"noopener\">Acesse aqui a publica\u00e7\u00e3o<\/a>\u00a0preparada com carinho pelo SINPROFAZ e orgulhe-se de fazer parte dessa hist\u00f3ria de sucesso!\r\n\r\n","_links":{"self":[{"href":"https:\/\/sinprofaz.org.br\/2024\/wp-json\/wp\/v2\/posts\/19752"}],"collection":[{"href":"https:\/\/sinprofaz.org.br\/2024\/wp-json\/wp\/v2\/posts"}],"about":[{"href":"https:\/\/sinprofaz.org.br\/2024\/wp-json\/wp\/v2\/types\/post"}],"author":[{"embeddable":true,"href":"https:\/\/sinprofaz.org.br\/2024\/wp-json\/wp\/v2\/users\/2"}],"replies":[{"embeddable":true,"href":"https:\/\/sinprofaz.org.br\/2024\/wp-json\/wp\/v2\/comments?post=19752"}],"version-history":[{"count":3,"href":"https:\/\/sinprofaz.org.br\/2024\/wp-json\/wp\/v2\/posts\/19752\/revisions"}],"predecessor-version":[{"id":19786,"href":"https:\/\/sinprofaz.org.br\/2024\/wp-json\/wp\/v2\/posts\/19752\/revisions\/19786"}],"wp:featuredmedia":[{"embeddable":true,"href":"https:\/\/sinprofaz.org.br\/2024\/wp-json\/wp\/v2\/media\/19753"}],"wp:attachment":[{"href":"https:\/\/sinprofaz.org.br\/2024\/wp-json\/wp\/v2\/media?parent=19752"}],"wp:term":[{"taxonomy":"category","embeddable":true,"href":"https:\/\/sinprofaz.org.br\/2024\/wp-json\/wp\/v2\/categories?post=19752"},{"taxonomy":"post_tag","embeddable":true,"href":"https:\/\/sinprofaz.org.br\/2024\/wp-json\/wp\/v2\/tags?post=19752"}],"curies":[{"name":"wp","href":"https:\/\/api.w.org\/{rel}","templated":true}]}}