{"id":19745,"date":"2025-06-06T10:44:25","date_gmt":"2025-06-06T13:44:25","guid":{"rendered":"https:\/\/sinprofaz.org.br\/2024\/?p=19745"},"modified":"2025-06-06T10:44:25","modified_gmt":"2025-06-06T13:44:25","slug":"sinprofaz-participa-de-reuniao-nacional-do-instituto-servir-brasil","status":"publish","type":"post","link":"https:\/\/sinprofaz.org.br\/2024\/noticias\/sinprofaz-participa-de-reuniao-nacional-do-instituto-servir-brasil\/","title":{"rendered":"SINPROFAZ PARTICIPA DE REUNI\u00c3O NACIONAL DO INSTITUTO SERVIR BRASIL"},"content":{"rendered":"<p>A presidente Iolanda Guindani representou o SINPROFAZ na reuni\u00e3o realizada ontem (5) ap\u00f3s convoca\u00e7\u00e3o do Instituto\u00a0Servir Brasil. O encontro on-line reuniu cerca de 250 dirigentes sindicais &#8211; representantes de servidores dos Tr\u00eas Poderes e das tr\u00eas esferas da Federa\u00e7\u00e3o &#8211; que, unidos, demonstraram coes\u00e3o na luta em defesa do servi\u00e7o p\u00fablico. A cria\u00e7\u00e3o, na C\u00e2mara dos Deputados, do Grupo de Trabalho da Reforma Administrativa tem motivado a mobiliza\u00e7\u00e3o das carreiras e entidades, que v\u00eam trabalhando para o alinhamento de estrat\u00e9gias e a reuni\u00e3o de for\u00e7as em \u00e2mbito nacional.<\/p>\n<p>Ao anunciar a cria\u00e7\u00e3o do GT, o\u00a0presidente da C\u00e2mara, deputado Hugo Motta (Republicanos\/PB), afirmou que a proposta de reforma administrativa buscar\u00e1 &#8220;reduzir a m\u00e1quina p\u00fablica&#8221; &#8211; discurso que acende o alerta para medidas de flexibiliza\u00e7\u00e3o, perda de direitos e retrocessos. Na oportunidade da reuni\u00e3o nacional, ent\u00e3o, as entidades do Instituto Servir Brasil ressaltaram que qualquer debate legislativo sobre a moderniza\u00e7\u00e3o do Estado dever\u00e1 ocorrer com di\u00e1logo, articula\u00e7\u00e3o, responsabilidade e, sobretudo, respeito \u00e0quelas e \u00e0queles que\u00a0dedicam a vida ao atendimento da popula\u00e7\u00e3o.<\/p>\n","protected":false},"excerpt":{"rendered":"<p>A presidente Iolanda Guindani representou o SINPROFAZ na reuni\u00e3o realizada na quinta-feira (5) ap\u00f3s convoca\u00e7\u00e3o do Instituto Servir Brasil. O encontro on-line reuniu cerca de 250 dirigentes sindicais representantes de servidores dos Tr\u00eas Poderes e das tr\u00eas esferas da Federa\u00e7\u00e3o.<\/p>\n","protected":false},"author":2,"featured_media":19746,"comment_status":"open","ping_status":"open","sticky":false,"template":"","format":"standard","meta":{"footnotes":""},"categories":[8],"tags":[151,200,25],"featured_image_url":"https:\/\/sinprofaz.org.br\/2024\/wp-content\/uploads\/2025\/06\/1-3.png","character_count":614,"formatted_date":"06\/06\/2025 - 10:44","contentNovo":"A presidente Iolanda Guindani representou o SINPROFAZ na reuni\u00e3o realizada ontem (5) ap\u00f3s convoca\u00e7\u00e3o do Instituto\u00a0Servir Brasil. O encontro on-line reuniu cerca de 250 dirigentes sindicais - representantes de servidores dos Tr\u00eas Poderes e das tr\u00eas esferas da Federa\u00e7\u00e3o - que, unidos, demonstraram coes\u00e3o na luta em defesa do servi\u00e7o p\u00fablico. A cria\u00e7\u00e3o, na C\u00e2mara dos Deputados, do Grupo de Trabalho da Reforma Administrativa tem motivado a mobiliza\u00e7\u00e3o das carreiras e entidades, que v\u00eam trabalhando para o alinhamento de estrat\u00e9gias e a reuni\u00e3o de for\u00e7as em \u00e2mbito nacional.\r\n\r\nAo anunciar a cria\u00e7\u00e3o do GT, o\u00a0presidente da C\u00e2mara, deputado Hugo Motta (Republicanos\/PB), afirmou que a proposta de reforma administrativa buscar\u00e1 \"reduzir a m\u00e1quina p\u00fablica\" - discurso que acende o alerta para medidas de flexibiliza\u00e7\u00e3o, perda de direitos e retrocessos. Na oportunidade da reuni\u00e3o nacional, ent\u00e3o, as entidades do Instituto Servir Brasil ressaltaram que qualquer debate legislativo sobre a moderniza\u00e7\u00e3o do Estado dever\u00e1 ocorrer com di\u00e1logo, articula\u00e7\u00e3o, responsabilidade e, sobretudo, respeito \u00e0quelas e \u00e0queles que\u00a0dedicam a vida ao atendimento da popula\u00e7\u00e3o.","_links":{"self":[{"href":"https:\/\/sinprofaz.org.br\/2024\/wp-json\/wp\/v2\/posts\/19745"}],"collection":[{"href":"https:\/\/sinprofaz.org.br\/2024\/wp-json\/wp\/v2\/posts"}],"about":[{"href":"https:\/\/sinprofaz.org.br\/2024\/wp-json\/wp\/v2\/types\/post"}],"author":[{"embeddable":true,"href":"https:\/\/sinprofaz.org.br\/2024\/wp-json\/wp\/v2\/users\/2"}],"replies":[{"embeddable":true,"href":"https:\/\/sinprofaz.org.br\/2024\/wp-json\/wp\/v2\/comments?post=19745"}],"version-history":[{"count":1,"href":"https:\/\/sinprofaz.org.br\/2024\/wp-json\/wp\/v2\/posts\/19745\/revisions"}],"predecessor-version":[{"id":19747,"href":"https:\/\/sinprofaz.org.br\/2024\/wp-json\/wp\/v2\/posts\/19745\/revisions\/19747"}],"wp:featuredmedia":[{"embeddable":true,"href":"https:\/\/sinprofaz.org.br\/2024\/wp-json\/wp\/v2\/media\/19746"}],"wp:attachment":[{"href":"https:\/\/sinprofaz.org.br\/2024\/wp-json\/wp\/v2\/media?parent=19745"}],"wp:term":[{"taxonomy":"category","embeddable":true,"href":"https:\/\/sinprofaz.org.br\/2024\/wp-json\/wp\/v2\/categories?post=19745"},{"taxonomy":"post_tag","embeddable":true,"href":"https:\/\/sinprofaz.org.br\/2024\/wp-json\/wp\/v2\/tags?post=19745"}],"curies":[{"name":"wp","href":"https:\/\/api.w.org\/{rel}","templated":true}]}}