{"id":19741,"date":"2025-06-05T16:13:20","date_gmt":"2025-06-05T19:13:20","guid":{"rendered":"https:\/\/sinprofaz.org.br\/2024\/?p=19741"},"modified":"2025-06-05T16:20:12","modified_gmt":"2025-06-05T19:20:12","slug":"conheca-os-vencedores-do-7o-concurso-de-monografias-do-sinprofaz","status":"publish","type":"post","link":"https:\/\/sinprofaz.org.br\/2024\/noticias\/conheca-os-vencedores-do-7o-concurso-de-monografias-do-sinprofaz\/","title":{"rendered":"CONHE\u00c7A OS VENCEDORES DO 7\u00ba CONCURSO DE MONOGRAFIAS DO SINPROFAZ"},"content":{"rendered":"<p>O SINPROFAZ e a Comiss\u00e3o Julgadora v\u00eam divulgar os nomes da Procuradora e dos Procuradores da Fazenda Nacional vencedores do\u00a0<strong><span class=\"notion-enable-hover\" data-token-index=\"1\">7\u00ba Concurso de Monografias\u00a0<\/span><em><span class=\"notion-enable-hover\" data-token-index=\"2\">S\u00e9rgio Lu\u00eds de Souza Carneiro<\/span><\/em><\/strong>. Os trabalhos premiados foram norteados pelo tema\u00a0<span class=\"notion-enable-hover\" data-token-index=\"4\"><strong>As Reformas Tribut\u00e1rias no Brasil e o Direito Comparado<\/strong>\u00a0<\/span>e\u00a0ser\u00e3o publicados na Revista Justi\u00e7a Fiscal para divulga\u00e7\u00e3o \u00e0 toda a Carreira! Confira a classifica\u00e7\u00e3o:<!-- notionvc: d5d119e1-edaa-40b0-875e-ad86edfb7333 --><\/p>\n<p><strong><span class=\"notion-enable-hover\" data-token-index=\"0\">1\u00aa Colocada &#8211; Aline Della Vittoria<\/span><\/strong>, com a monografia\u00a0<em><a class=\"notion-link-token notion-focusable-token notion-enable-hover\" tabindex=\"0\" href=\"https:\/\/sinprofaz.org.br\/2024\/wp-content\/uploads\/2025\/06\/As-Reformas-Tributarias-no-Brasil-e-o-Direito-Comparado-Taylor-de-Vries-1.pdf\" target=\"_blank\" rel=\"noopener noreferrer\" data-token-index=\"2\"><span class=\"link-annotation-unknown-block-id-2077762598\">As Reformas Tribut\u00e1rias no Brasil sob uma Perspectiva Filos\u00f3fica da Justi\u00e7a Fiscal: An\u00e1lise Comparada com Modelos Internacionais<\/span><\/a><\/em>. Condecorada com o pr\u00eamio de R$ 12 mil.<!-- notionvc: ee34be39-6aa6-4ffd-964f-000d4db418c0 --><\/p>\n<p><strong><span class=\"notion-enable-hover\" data-token-index=\"0\">2\u00ba Colocado &#8211; Vinicius Garcia<\/span><\/strong>, com a monografia<em>\u00a0<a class=\"notion-link-token notion-focusable-token notion-enable-hover\" tabindex=\"0\" href=\"https:\/\/sinprofaz.org.br\/2024\/wp-content\/uploads\/2025\/06\/REFORMA-TRIBUTARIA-DIREITO-COMPARADO-VII-CONCURSO-DE-MONOGRAFIAS-DO-SINPROFAZ-1.pdf\" target=\"_blank\" rel=\"noopener noreferrer\" data-token-index=\"2\"><span class=\"link-annotation-unknown-block-id-1485121725\">A Matriz Tribut\u00e1ria Brasileira e a influ\u00eancia do Direito Internacional sobre a Reforma Tribut\u00e1ria sobre o Consumo<\/span><\/a><\/em>. Condecorado com o pr\u00eamio de\u00a0R$ 8 mil.<!-- notionvc: 51edc09a-24bf-4438-b6a4-4ddfe1757ef3 --><\/p>\n<p><strong><span class=\"notion-enable-hover\" data-token-index=\"0\">3\u00ba Colocado &#8211; Vitor Tadeu Carram\u00e3o Mello<\/span><\/strong>, com a monografia<em>\u00a0<a class=\"notion-link-token notion-focusable-token notion-enable-hover\" tabindex=\"0\" href=\"https:\/\/sinprofaz.org.br\/2024\/wp-content\/uploads\/2025\/06\/IMPOSTO-SOBRE-O-VALOR-AGREGADO-E-O-PRINCIPIO-DA-NEUTRALIDADE.-CONSIDERACOES-SOBRE-O-TEMA-NO-DIREITO-EUROPEU-E-NA-REFORMA-TRIBUTARIA-BRASILEIRA.-1.pdf\" target=\"_blank\" rel=\"noopener noreferrer\" data-token-index=\"2\"><span class=\"link-annotation-unknown-block-id--711191807\">Imposto\u00a0sobre Valor Agregado e Princ\u00edpio da Neutralidade. Considera\u00e7\u00f5es sobre o tema no Direito Europeu e na Reforma Tribut\u00e1ria Brasileira<\/span><\/a><\/em>. Condecorado com o pr\u00eamio de\u00a0R$ 6 mil.<!-- notionvc: bec6ea7f-a41a-446a-951f-a86e15f9e181 --><\/p>\n<p>A Diretoria do SINPROFAZ agradece a participa\u00e7\u00e3o dos Colegas e parabeniza os vencedores pelo alto n\u00edvel dos trabalhos!<\/p>\n","protected":false},"excerpt":{"rendered":"<p>O SINPROFAZ e a Comiss\u00e3o Julgadora v\u00eam divulgar os nomes da Procuradora e dos Procuradores da Fazenda Nacional vencedores do 7\u00ba Concurso de Monografias S\u00e9rgio Lu\u00eds de Souza Carneiro. Os trabalhos foram norteados pelo tema &#8220;As Reformas Tribut\u00e1rias no Brasil e o Direito Comparado&#8221;.<\/p>\n","protected":false},"author":2,"featured_media":19742,"comment_status":"open","ping_status":"open","sticky":false,"template":"","format":"standard","meta":{"footnotes":""},"categories":[8],"tags":[32,63,25],"featured_image_url":"https:\/\/sinprofaz.org.br\/2024\/wp-content\/uploads\/2025\/06\/1-2.png","character_count":618,"formatted_date":"05\/06\/2025 - 16:13","contentNovo":"O SINPROFAZ e a Comiss\u00e3o Julgadora v\u00eam divulgar os nomes da Procuradora e dos Procuradores da Fazenda Nacional vencedores do\u00a0<strong>7\u00ba Concurso de Monografias\u00a0<em>S\u00e9rgio Lu\u00eds de Souza Carneiro<\/em><\/strong>. Os trabalhos premiados foram norteados pelo tema\u00a0<strong>As Reformas Tribut\u00e1rias no Brasil e o Direito Comparado<\/strong>\u00a0e\u00a0ser\u00e3o publicados na Revista Justi\u00e7a Fiscal para divulga\u00e7\u00e3o \u00e0 toda a Carreira! Confira a classifica\u00e7\u00e3o:\r\n\r\n<strong>1\u00aa Colocada - Aline Della Vittoria<\/strong>, com a monografia\u00a0<em><a class=\"notion-link-token notion-focusable-token notion-enable-hover\" tabindex=\"0\" href=\"https:\/\/sinprofaz.org.br\/2024\/wp-content\/uploads\/2025\/06\/As-Reformas-Tributarias-no-Brasil-e-o-Direito-Comparado-Taylor-de-Vries-1.pdf\" target=\"_blank\" rel=\"noopener noreferrer\" data-token-index=\"2\">As Reformas Tribut\u00e1rias no Brasil sob uma Perspectiva Filos\u00f3fica da Justi\u00e7a Fiscal: An\u00e1lise Comparada com Modelos Internacionais<\/a><\/em>. Condecorada com o pr\u00eamio de R$ 12 mil.\r\n\r\n<strong>2\u00ba Colocado - Vinicius Garcia<\/strong>, com a monografia<em>\u00a0<a class=\"notion-link-token notion-focusable-token notion-enable-hover\" tabindex=\"0\" href=\"https:\/\/sinprofaz.org.br\/2024\/wp-content\/uploads\/2025\/06\/REFORMA-TRIBUTARIA-DIREITO-COMPARADO-VII-CONCURSO-DE-MONOGRAFIAS-DO-SINPROFAZ-1.pdf\" target=\"_blank\" rel=\"noopener noreferrer\" data-token-index=\"2\">A Matriz Tribut\u00e1ria Brasileira e a influ\u00eancia do Direito Internacional sobre a Reforma Tribut\u00e1ria sobre o Consumo<\/a><\/em>. Condecorado com o pr\u00eamio de\u00a0R$ 8 mil.\r\n\r\n<strong>3\u00ba Colocado - Vitor Tadeu Carram\u00e3o Mello<\/strong>, com a monografia<em>\u00a0<a class=\"notion-link-token notion-focusable-token notion-enable-hover\" tabindex=\"0\" href=\"https:\/\/sinprofaz.org.br\/2024\/wp-content\/uploads\/2025\/06\/IMPOSTO-SOBRE-O-VALOR-AGREGADO-E-O-PRINCIPIO-DA-NEUTRALIDADE.-CONSIDERACOES-SOBRE-O-TEMA-NO-DIREITO-EUROPEU-E-NA-REFORMA-TRIBUTARIA-BRASILEIRA.-1.pdf\" target=\"_blank\" rel=\"noopener noreferrer\" data-token-index=\"2\">Imposto\u00a0sobre Valor Agregado e Princ\u00edpio da Neutralidade. Considera\u00e7\u00f5es sobre o tema no Direito Europeu e na Reforma Tribut\u00e1ria Brasileira<\/a><\/em>. Condecorado com o pr\u00eamio de\u00a0R$ 6 mil.\r\n\r\nA Diretoria do SINPROFAZ agradece a participa\u00e7\u00e3o dos Colegas e parabeniza os vencedores pelo alto n\u00edvel dos trabalhos!","_links":{"self":[{"href":"https:\/\/sinprofaz.org.br\/2024\/wp-json\/wp\/v2\/posts\/19741"}],"collection":[{"href":"https:\/\/sinprofaz.org.br\/2024\/wp-json\/wp\/v2\/posts"}],"about":[{"href":"https:\/\/sinprofaz.org.br\/2024\/wp-json\/wp\/v2\/types\/post"}],"author":[{"embeddable":true,"href":"https:\/\/sinprofaz.org.br\/2024\/wp-json\/wp\/v2\/users\/2"}],"replies":[{"embeddable":true,"href":"https:\/\/sinprofaz.org.br\/2024\/wp-json\/wp\/v2\/comments?post=19741"}],"version-history":[{"count":2,"href":"https:\/\/sinprofaz.org.br\/2024\/wp-json\/wp\/v2\/posts\/19741\/revisions"}],"predecessor-version":[{"id":19744,"href":"https:\/\/sinprofaz.org.br\/2024\/wp-json\/wp\/v2\/posts\/19741\/revisions\/19744"}],"wp:featuredmedia":[{"embeddable":true,"href":"https:\/\/sinprofaz.org.br\/2024\/wp-json\/wp\/v2\/media\/19742"}],"wp:attachment":[{"href":"https:\/\/sinprofaz.org.br\/2024\/wp-json\/wp\/v2\/media?parent=19741"}],"wp:term":[{"taxonomy":"category","embeddable":true,"href":"https:\/\/sinprofaz.org.br\/2024\/wp-json\/wp\/v2\/categories?post=19741"},{"taxonomy":"post_tag","embeddable":true,"href":"https:\/\/sinprofaz.org.br\/2024\/wp-json\/wp\/v2\/tags?post=19741"}],"curies":[{"name":"wp","href":"https:\/\/api.w.org\/{rel}","templated":true}]}}