{"id":19735,"date":"2025-06-05T09:37:00","date_gmt":"2025-06-05T12:37:00","guid":{"rendered":"https:\/\/sinprofaz.org.br\/2024\/?p=19735"},"modified":"2025-06-05T09:37:00","modified_gmt":"2025-06-05T12:37:00","slug":"sinprofaz-lanca-enquete-sobre-interesse-dos-pfns-na-migracao-para-a-funpresp","status":"publish","type":"post","link":"https:\/\/sinprofaz.org.br\/2024\/noticias\/sinprofaz-lanca-enquete-sobre-interesse-dos-pfns-na-migracao-para-a-funpresp\/","title":{"rendered":"SINPROFAZ LAN\u00c7A ENQUETE SOBRE INTERESSE DOS PFNS NA MIGRA\u00c7\u00c3O PARA A FUNPRESP"},"content":{"rendered":"<p>A pedido do F\u00f3rum Nacional Permanente de Carreiras T\u00edpicas de Estado &#8211; Fonacate, o SINPROFAZ lan\u00e7a hoje uma enquete sobre o interesse da Carreira na reabertura do prazo de migra\u00e7\u00e3o para a\u00a0<strong>Funpresp<\/strong>\u00a0&#8211; Funda\u00e7\u00e3o de Previd\u00eancia Complementar do Servidor P\u00fablico Federal.<\/p>\n<p>O resultado da enquete do SINPROFAZ integrar\u00e1 um levantamento do Fonacate sobre o n\u00famero de interessados na eventual reabertura do prazo de migra\u00e7\u00e3o.<\/p>\n<p>Filiadas e Filiados t\u00eam at\u00e9 \u00e0s 23h59 da segunda-feira (9) para participar da enquete, que j\u00e1 est\u00e1 dispon\u00edvel no SinproApp. Fa\u00e7a o download do aplicativo e vote!<\/p>\n<p><strong>SinproApp para iOS<\/strong>:\u00a0<a href=\"https:\/\/apps.apple.com\/br\/app\/sinproapp\/id6736673889\" target=\"_blank\" rel=\"noopener\">https:\/\/apps.apple.com\/br\/app\/sinproapp\/id6736673889<\/a><\/p>\n<p><strong>SinproApp para Android<\/strong>: <a href=\"https:\/\/play.google.com\/store\/apps\/details?id=com.sinprofaz.sinproapp&amp;pcampaignid=web_share\" target=\"_blank\" rel=\"noopener\">https:\/\/play.google.com\/store\/apps\/details?id=com.sinprofaz.sinproapp&amp;pcampaignid=web_share<\/a><\/p>\n<p><!-- notionvc: 5a367511-409f-4392-bb1b-20872502d652 --><\/p>\n","protected":false},"excerpt":{"rendered":"<p>A pedido do F\u00f3rum Nacional Permanente de Carreiras T\u00edpicas de Estado &#8211; Fonacate, o SINPROFAZ lan\u00e7a hoje uma enquete sobre o interesse da Carreira na reabertura do prazo de migra\u00e7\u00e3o para a Funpresp &#8211; Funda\u00e7\u00e3o de Previd\u00eancia Complementar do Servidor P\u00fablico Federal. <\/p>\n","protected":false},"author":2,"featured_media":19736,"comment_status":"open","ping_status":"open","sticky":false,"template":"","format":"standard","meta":{"footnotes":""},"categories":[8],"tags":[76,25,238],"featured_image_url":"https:\/\/sinprofaz.org.br\/2024\/wp-content\/uploads\/2025\/06\/1-1.png","character_count":403,"formatted_date":"05\/06\/2025 - 09:37","contentNovo":"A pedido do F\u00f3rum Nacional Permanente de Carreiras T\u00edpicas de Estado - Fonacate, o SINPROFAZ lan\u00e7a hoje uma enquete sobre o interesse da Carreira na reabertura do prazo de migra\u00e7\u00e3o para a\u00a0<strong>Funpresp<\/strong>\u00a0- Funda\u00e7\u00e3o de Previd\u00eancia Complementar do Servidor P\u00fablico Federal.\r\n\r\nO resultado da enquete do SINPROFAZ integrar\u00e1 um levantamento do Fonacate sobre o n\u00famero de interessados na eventual reabertura do prazo de migra\u00e7\u00e3o.\r\n\r\nFiliadas e Filiados t\u00eam at\u00e9 \u00e0s 23h59 da segunda-feira (9) para participar da enquete, que j\u00e1 est\u00e1 dispon\u00edvel no SinproApp. Fa\u00e7a o download do aplicativo e vote!\r\n\r\n<strong>SinproApp para iOS<\/strong>:\u00a0<a href=\"https:\/\/apps.apple.com\/br\/app\/sinproapp\/id6736673889\" target=\"_blank\" rel=\"noopener\">https:\/\/apps.apple.com\/br\/app\/sinproapp\/id6736673889<\/a>\r\n\r\n<strong>SinproApp para Android<\/strong>: <a href=\"https:\/\/play.google.com\/store\/apps\/details?id=com.sinprofaz.sinproapp&amp;pcampaignid=web_share\" target=\"_blank\" rel=\"noopener\">https:\/\/play.google.com\/store\/apps\/details?id=com.sinprofaz.sinproapp&amp;pcampaignid=web_share<\/a>\r\n\r\n","_links":{"self":[{"href":"https:\/\/sinprofaz.org.br\/2024\/wp-json\/wp\/v2\/posts\/19735"}],"collection":[{"href":"https:\/\/sinprofaz.org.br\/2024\/wp-json\/wp\/v2\/posts"}],"about":[{"href":"https:\/\/sinprofaz.org.br\/2024\/wp-json\/wp\/v2\/types\/post"}],"author":[{"embeddable":true,"href":"https:\/\/sinprofaz.org.br\/2024\/wp-json\/wp\/v2\/users\/2"}],"replies":[{"embeddable":true,"href":"https:\/\/sinprofaz.org.br\/2024\/wp-json\/wp\/v2\/comments?post=19735"}],"version-history":[{"count":1,"href":"https:\/\/sinprofaz.org.br\/2024\/wp-json\/wp\/v2\/posts\/19735\/revisions"}],"predecessor-version":[{"id":19737,"href":"https:\/\/sinprofaz.org.br\/2024\/wp-json\/wp\/v2\/posts\/19735\/revisions\/19737"}],"wp:featuredmedia":[{"embeddable":true,"href":"https:\/\/sinprofaz.org.br\/2024\/wp-json\/wp\/v2\/media\/19736"}],"wp:attachment":[{"href":"https:\/\/sinprofaz.org.br\/2024\/wp-json\/wp\/v2\/media?parent=19735"}],"wp:term":[{"taxonomy":"category","embeddable":true,"href":"https:\/\/sinprofaz.org.br\/2024\/wp-json\/wp\/v2\/categories?post=19735"},{"taxonomy":"post_tag","embeddable":true,"href":"https:\/\/sinprofaz.org.br\/2024\/wp-json\/wp\/v2\/tags?post=19735"}],"curies":[{"name":"wp","href":"https:\/\/api.w.org\/{rel}","templated":true}]}}