{"id":19678,"date":"2025-05-21T13:48:15","date_gmt":"2025-05-21T16:48:15","guid":{"rendered":"https:\/\/sinprofaz.org.br\/2024\/?p=19678"},"modified":"2025-05-29T13:40:36","modified_gmt":"2025-05-29T16:40:36","slug":"advogado-geral-da-uniao-recebe-a-carreira-para-debate-sobre-a-lei-organica","status":"publish","type":"post","link":"https:\/\/sinprofaz.org.br\/2024\/noticias\/advogado-geral-da-uniao-recebe-a-carreira-para-debate-sobre-a-lei-organica\/","title":{"rendered":"ADVOGADO-GERAL DA UNI\u00c3O RECEBE A CARREIRA PARA DEBATE SOBRE A LEI ORG\u00c2NICA"},"content":{"rendered":"<p>O SINPROFAZ, representado pela presidente Iolanda Guindani e por Colegas das Delegacias Sindicais e da Comiss\u00e3o de Atua\u00e7\u00e3o Parlamentar, foi recebido ontem (20) pelo advogado-geral da Uni\u00e3o, Jorge Messias. Realizada na sede da Escola Superior da AGU, em Bras\u00edlia\/DF, a reuni\u00e3o contou com a presen\u00e7a de dezenas de PFNs e possibilitou o debate sobre as altera\u00e7\u00f5es necess\u00e1rias \u00e0 minuta da nova Lei Org\u00e2nica da Institui\u00e7\u00e3o. O encontro tamb\u00e9m contou com as presen\u00e7as da procuradora-geral da Fazenda Nacional, Anelize Lenzi; do secret\u00e1rio-geral de Consultoria e vice-AGU, Flavio Roman; do secret\u00e1rio de Atos Normativos, Cesar Carrijo; e do diretor da ESAGU, Jo\u00e3o Carlos Souto.<\/p>\n<p>Ao fazer uso da palavra na ocasi\u00e3o, a presidente do SINPROFAZ reiterou os termos da Nota Conjunta divulgada na segunda-feira: de acordo com Iolanda Guindani, a Lei Complementar n\u00ba 73 de 1993 n\u00e3o pode ser reformada de maneira a\u00e7odada e a partir de um texto que n\u00e3o avance em prerrogativas fundamentais. Para o SINPROFAZ, ademais, a vers\u00e3o inicial do anteprojeto enfraquece a Procuradoria da Fazenda Nacional e cria desequil\u00edbrios entre carreiras, como por exemplo na composi\u00e7\u00e3o do Conselho Superior da AGU. Por fim, conforme a presidente do Sindicato, o texto p\u00f5e em risco prerrogativas dos Membros e n\u00e3o confere a eles as garantias necess\u00e1rias ao desempenho da Fun\u00e7\u00e3o Essencial.<\/p>\n<p>Ao abordar o processo de elabora\u00e7\u00e3o do anteprojeto de Lei Complementar, os gestores da Advocacia-Geral da Uni\u00e3o ressaltaram que n\u00e3o houve a pretens\u00e3o de apresentar um texto pronto para mero referendo pelos\u00a0Membros. Assim, para promover o di\u00e1logo entre gest\u00e3o, entidade e carreira, o advogado-geral da Uni\u00e3o se disp\u00f4s a debater os termos da proposta e colher as sugest\u00f5es dos Colegas sobre\u00a0os pontos mais sens\u00edveis do texto. Findada a reuni\u00e3o, ficaram garantidas ao Sindicato e aos procuradores da Fazenda Nacional a recalendariza\u00e7\u00e3o do processo de desenvolvimento da proposta e a revis\u00e3o t\u00e9cnica do anteprojeto, com vistas \u00e0 inclus\u00e3o de avan\u00e7os institucionais e ao impedimento a retrocessos.<\/p>\n<p>&nbsp;<\/p>\n\n\t\t<style type=\"text\/css\">\n\t\t\t#gallery-1 {\n\t\t\t\tmargin: auto;\n\t\t\t}\n\t\t\t#gallery-1 .gallery-item {\n\t\t\t\tfloat: left;\n\t\t\t\tmargin-top: 10px;\n\t\t\t\ttext-align: center;\n\t\t\t\twidth: 33%;\n\t\t\t}\n\t\t\t#gallery-1 img {\n\t\t\t\tborder: 2px solid #cfcfcf;\n\t\t\t}\n\t\t\t#gallery-1 .gallery-caption {\n\t\t\t\tmargin-left: 0;\n\t\t\t}\n\t\t\t\/* see gallery_shortcode() in wp-includes\/media.php *\/\n\t\t<\/style>\n\t\t<div id='gallery-1' class='gallery galleryid-19678 gallery-columns-3 gallery-size-thumbnail'><dl class='gallery-item'>\n\t\t\t<dt class='gallery-icon landscape'>\n\t\t\t\t<a href='https:\/\/sinprofaz.org.br\/2024\/wp-content\/uploads\/2025\/05\/2-4.png'><img loading=\"lazy\" decoding=\"async\" width=\"150\" height=\"150\" src=\"https:\/\/sinprofaz.org.br\/2024\/wp-content\/uploads\/2025\/05\/2-4-150x150.png\" class=\"attachment-thumbnail size-thumbnail\" alt=\"\" aria-describedby=\"gallery-1-19680\" \/><\/a>\n\t\t\t<\/dt>\n\t\t\t\t<dd class='wp-caption-text gallery-caption' id='gallery-1-19680'>\n\t\t\t\tLideran\u00e7as institucionais\n\t\t\t\t<\/dd><\/dl><dl class='gallery-item'>\n\t\t\t<dt class='gallery-icon landscape'>\n\t\t\t\t<a href='https:\/\/sinprofaz.org.br\/2024\/wp-content\/uploads\/2025\/05\/3-3.png'><img loading=\"lazy\" decoding=\"async\" width=\"150\" height=\"150\" src=\"https:\/\/sinprofaz.org.br\/2024\/wp-content\/uploads\/2025\/05\/3-3-150x150.png\" class=\"attachment-thumbnail size-thumbnail\" alt=\"\" aria-describedby=\"gallery-1-19681\" \/><\/a>\n\t\t\t<\/dt>\n\t\t\t\t<dd class='wp-caption-text gallery-caption' id='gallery-1-19681'>\n\t\t\t\tIolanda Guindani\n\t\t\t\t<\/dd><\/dl><dl class='gallery-item'>\n\t\t\t<dt class='gallery-icon landscape'>\n\t\t\t\t<a href='https:\/\/sinprofaz.org.br\/2024\/wp-content\/uploads\/2025\/05\/4-2.png'><img loading=\"lazy\" decoding=\"async\" width=\"150\" height=\"150\" src=\"https:\/\/sinprofaz.org.br\/2024\/wp-content\/uploads\/2025\/05\/4-2-150x150.png\" class=\"attachment-thumbnail size-thumbnail\" alt=\"\" aria-describedby=\"gallery-1-19682\" \/><\/a>\n\t\t\t<\/dt>\n\t\t\t\t<dd class='wp-caption-text gallery-caption' id='gallery-1-19682'>\n\t\t\t\tSede da Escola da AGU\n\t\t\t\t<\/dd><\/dl><br style=\"clear: both\" \/><dl class='gallery-item'>\n\t\t\t<dt class='gallery-icon landscape'>\n\t\t\t\t<a href='https:\/\/sinprofaz.org.br\/2024\/wp-content\/uploads\/2025\/05\/5-1.png'><img loading=\"lazy\" decoding=\"async\" width=\"150\" height=\"150\" src=\"https:\/\/sinprofaz.org.br\/2024\/wp-content\/uploads\/2025\/05\/5-1-150x150.png\" class=\"attachment-thumbnail size-thumbnail\" alt=\"\" aria-describedby=\"gallery-1-19683\" \/><\/a>\n\t\t\t<\/dt>\n\t\t\t\t<dd class='wp-caption-text gallery-caption' id='gallery-1-19683'>\n\t\t\t\tAnelize Lenzi\n\t\t\t\t<\/dd><\/dl><dl class='gallery-item'>\n\t\t\t<dt class='gallery-icon landscape'>\n\t\t\t\t<a href='https:\/\/sinprofaz.org.br\/2024\/wp-content\/uploads\/2025\/05\/6-1.png'><img loading=\"lazy\" decoding=\"async\" width=\"150\" height=\"150\" src=\"https:\/\/sinprofaz.org.br\/2024\/wp-content\/uploads\/2025\/05\/6-1-150x150.png\" class=\"attachment-thumbnail size-thumbnail\" alt=\"\" aria-describedby=\"gallery-1-19684\" \/><\/a>\n\t\t\t<\/dt>\n\t\t\t\t<dd class='wp-caption-text gallery-caption' id='gallery-1-19684'>\n\t\t\t\tVal\u00e9ria Saques\n\t\t\t\t<\/dd><\/dl><dl class='gallery-item'>\n\t\t\t<dt class='gallery-icon landscape'>\n\t\t\t\t<a href='https:\/\/sinprofaz.org.br\/2024\/wp-content\/uploads\/2025\/05\/7-1.png'><img loading=\"lazy\" decoding=\"async\" width=\"150\" height=\"150\" src=\"https:\/\/sinprofaz.org.br\/2024\/wp-content\/uploads\/2025\/05\/7-1-150x150.png\" class=\"attachment-thumbnail size-thumbnail\" alt=\"\" aria-describedby=\"gallery-1-19685\" \/><\/a>\n\t\t\t<\/dt>\n\t\t\t\t<dd class='wp-caption-text gallery-caption' id='gallery-1-19685'>\n\t\t\t\tVal\u00e9ria Ferreira\n\t\t\t\t<\/dd><\/dl><br style=\"clear: both\" \/><dl class='gallery-item'>\n\t\t\t<dt class='gallery-icon landscape'>\n\t\t\t\t<a href='https:\/\/sinprofaz.org.br\/2024\/wp-content\/uploads\/2025\/05\/8-1.png'><img loading=\"lazy\" decoding=\"async\" width=\"150\" height=\"150\" src=\"https:\/\/sinprofaz.org.br\/2024\/wp-content\/uploads\/2025\/05\/8-1-150x150.png\" class=\"attachment-thumbnail size-thumbnail\" alt=\"\" aria-describedby=\"gallery-1-19686\" \/><\/a>\n\t\t\t<\/dt>\n\t\t\t\t<dd class='wp-caption-text gallery-caption' id='gallery-1-19686'>\n\t\t\t\tPaulo Mariano\n\t\t\t\t<\/dd><\/dl><dl class='gallery-item'>\n\t\t\t<dt class='gallery-icon landscape'>\n\t\t\t\t<a href='https:\/\/sinprofaz.org.br\/2024\/wp-content\/uploads\/2025\/05\/9-1.png'><img loading=\"lazy\" decoding=\"async\" width=\"150\" height=\"150\" src=\"https:\/\/sinprofaz.org.br\/2024\/wp-content\/uploads\/2025\/05\/9-1-150x150.png\" class=\"attachment-thumbnail size-thumbnail\" alt=\"\" aria-describedby=\"gallery-1-19687\" \/><\/a>\n\t\t\t<\/dt>\n\t\t\t\t<dd class='wp-caption-text gallery-caption' id='gallery-1-19687'>\n\t\t\t\tP\u00e9ricles Sousa\n\t\t\t\t<\/dd><\/dl><dl class='gallery-item'>\n\t\t\t<dt class='gallery-icon landscape'>\n\t\t\t\t<a href='https:\/\/sinprofaz.org.br\/2024\/wp-content\/uploads\/2025\/05\/10-1.png'><img loading=\"lazy\" decoding=\"async\" width=\"150\" height=\"150\" src=\"https:\/\/sinprofaz.org.br\/2024\/wp-content\/uploads\/2025\/05\/10-1-150x150.png\" class=\"attachment-thumbnail size-thumbnail\" alt=\"\" aria-describedby=\"gallery-1-19688\" \/><\/a>\n\t\t\t<\/dt>\n\t\t\t\t<dd class='wp-caption-text gallery-caption' id='gallery-1-19688'>\n\t\t\t\tDeysi Da\u2019Rolt\n\t\t\t\t<\/dd><\/dl><br style=\"clear: both\" \/><dl class='gallery-item'>\n\t\t\t<dt class='gallery-icon landscape'>\n\t\t\t\t<a href='https:\/\/sinprofaz.org.br\/2024\/wp-content\/uploads\/2025\/05\/11-1.png'><img loading=\"lazy\" decoding=\"async\" width=\"150\" height=\"150\" src=\"https:\/\/sinprofaz.org.br\/2024\/wp-content\/uploads\/2025\/05\/11-1-150x150.png\" class=\"attachment-thumbnail size-thumbnail\" alt=\"\" aria-describedby=\"gallery-1-19689\" \/><\/a>\n\t\t\t<\/dt>\n\t\t\t\t<dd class='wp-caption-text gallery-caption' id='gallery-1-19689'>\n\t\t\t\tGraziela Honorato\n\t\t\t\t<\/dd><\/dl><dl class='gallery-item'>\n\t\t\t<dt class='gallery-icon landscape'>\n\t\t\t\t<a href='https:\/\/sinprofaz.org.br\/2024\/wp-content\/uploads\/2025\/05\/12.png'><img loading=\"lazy\" decoding=\"async\" width=\"150\" height=\"150\" src=\"https:\/\/sinprofaz.org.br\/2024\/wp-content\/uploads\/2025\/05\/12-150x150.png\" class=\"attachment-thumbnail size-thumbnail\" alt=\"\" aria-describedby=\"gallery-1-19690\" \/><\/a>\n\t\t\t<\/dt>\n\t\t\t\t<dd class='wp-caption-text gallery-caption' id='gallery-1-19690'>\n\t\t\t\tF\u00e1bio Lima\n\t\t\t\t<\/dd><\/dl><dl class='gallery-item'>\n\t\t\t<dt class='gallery-icon landscape'>\n\t\t\t\t<a href='https:\/\/sinprofaz.org.br\/2024\/wp-content\/uploads\/2025\/05\/13.png'><img loading=\"lazy\" decoding=\"async\" width=\"150\" height=\"150\" src=\"https:\/\/sinprofaz.org.br\/2024\/wp-content\/uploads\/2025\/05\/13-150x150.png\" class=\"attachment-thumbnail size-thumbnail\" alt=\"\" aria-describedby=\"gallery-1-19691\" \/><\/a>\n\t\t\t<\/dt>\n\t\t\t\t<dd class='wp-caption-text gallery-caption' id='gallery-1-19691'>\n\t\t\t\tJo\u00e3o Gabriel Cavalleiro\n\t\t\t\t<\/dd><\/dl><br style=\"clear: both\" \/><dl class='gallery-item'>\n\t\t\t<dt class='gallery-icon landscape'>\n\t\t\t\t<a href='https:\/\/sinprofaz.org.br\/2024\/wp-content\/uploads\/2025\/05\/14.png'><img loading=\"lazy\" decoding=\"async\" width=\"150\" height=\"150\" src=\"https:\/\/sinprofaz.org.br\/2024\/wp-content\/uploads\/2025\/05\/14-150x150.png\" class=\"attachment-thumbnail size-thumbnail\" alt=\"\" aria-describedby=\"gallery-1-19692\" \/><\/a>\n\t\t\t<\/dt>\n\t\t\t\t<dd class='wp-caption-text gallery-caption' id='gallery-1-19692'>\n\t\t\t\tSimone Anacleto\n\t\t\t\t<\/dd><\/dl><dl class='gallery-item'>\n\t\t\t<dt class='gallery-icon landscape'>\n\t\t\t\t<a href='https:\/\/sinprofaz.org.br\/2024\/wp-content\/uploads\/2025\/05\/15.png'><img loading=\"lazy\" decoding=\"async\" width=\"150\" height=\"150\" src=\"https:\/\/sinprofaz.org.br\/2024\/wp-content\/uploads\/2025\/05\/15-150x150.png\" class=\"attachment-thumbnail size-thumbnail\" alt=\"\" aria-describedby=\"gallery-1-19693\" \/><\/a>\n\t\t\t<\/dt>\n\t\t\t\t<dd class='wp-caption-text gallery-caption' id='gallery-1-19693'>\n\t\t\t\tHerta Rani\n\t\t\t\t<\/dd><\/dl><dl class='gallery-item'>\n\t\t\t<dt class='gallery-icon landscape'>\n\t\t\t\t<a href='https:\/\/sinprofaz.org.br\/2024\/wp-content\/uploads\/2025\/05\/16.png'><img loading=\"lazy\" decoding=\"async\" width=\"150\" height=\"150\" src=\"https:\/\/sinprofaz.org.br\/2024\/wp-content\/uploads\/2025\/05\/16-150x150.png\" class=\"attachment-thumbnail size-thumbnail\" alt=\"\" aria-describedby=\"gallery-1-19694\" \/><\/a>\n\t\t\t<\/dt>\n\t\t\t\t<dd class='wp-caption-text gallery-caption' id='gallery-1-19694'>\n\t\t\t\tMarcio Machado\n\t\t\t\t<\/dd><\/dl><br style=\"clear: both\" \/>\n\t\t<\/div>\n\n","protected":false},"excerpt":{"rendered":"<p>O SINPROFAZ, representado pela presidente Iolanda Guindani e por Colegas das Delegacias Sindicais e da Comiss\u00e3o de Atua\u00e7\u00e3o Parlamentar, foi recebido por Jorge Messias. Realizada na sede da ESAGU, a reuni\u00e3o possibilitou o debate sobre altera\u00e7\u00f5es necess\u00e1rias \u00e0 nova Lei Org\u00e2nica da Institui\u00e7\u00e3o. <\/p>\n","protected":false},"author":2,"featured_media":19679,"comment_status":"open","ping_status":"open","sticky":false,"template":"","format":"standard","meta":{"footnotes":""},"categories":[8],"tags":[43,245,25],"featured_image_url":"https:\/\/sinprofaz.org.br\/2024\/wp-content\/uploads\/2025\/05\/1-7.png","character_count":1552,"formatted_date":"21\/05\/2025 - 13:48","contentNovo":"O SINPROFAZ, representado pela presidente Iolanda Guindani e por Colegas das Delegacias Sindicais e da Comiss\u00e3o de Atua\u00e7\u00e3o Parlamentar, foi recebido ontem (20) pelo advogado-geral da Uni\u00e3o, Jorge Messias. Realizada na sede da Escola Superior da AGU, em Bras\u00edlia\/DF, a reuni\u00e3o contou com a presen\u00e7a de dezenas de PFNs e possibilitou o debate sobre as altera\u00e7\u00f5es necess\u00e1rias \u00e0 minuta da nova Lei Org\u00e2nica da Institui\u00e7\u00e3o. O encontro tamb\u00e9m contou com as presen\u00e7as da procuradora-geral da Fazenda Nacional, Anelize Lenzi; do secret\u00e1rio-geral de Consultoria e vice-AGU, Flavio Roman; do secret\u00e1rio de Atos Normativos, Cesar Carrijo; e do diretor da ESAGU, Jo\u00e3o Carlos Souto.\r\n\r\nAo fazer uso da palavra na ocasi\u00e3o, a presidente do SINPROFAZ reiterou os termos da Nota Conjunta divulgada na segunda-feira: de acordo com Iolanda Guindani, a Lei Complementar n\u00ba 73 de 1993 n\u00e3o pode ser reformada de maneira a\u00e7odada e a partir de um texto que n\u00e3o avance em prerrogativas fundamentais. Para o SINPROFAZ, ademais, a vers\u00e3o inicial do anteprojeto enfraquece a Procuradoria da Fazenda Nacional e cria desequil\u00edbrios entre carreiras, como por exemplo na composi\u00e7\u00e3o do Conselho Superior da AGU. Por fim, conforme a presidente do Sindicato, o texto p\u00f5e em risco prerrogativas dos Membros e n\u00e3o confere a eles as garantias necess\u00e1rias ao desempenho da Fun\u00e7\u00e3o Essencial.\r\n\r\nAo abordar o processo de elabora\u00e7\u00e3o do anteprojeto de Lei Complementar, os gestores da Advocacia-Geral da Uni\u00e3o ressaltaram que n\u00e3o houve a pretens\u00e3o de apresentar um texto pronto para mero referendo pelos\u00a0Membros. Assim, para promover o di\u00e1logo entre gest\u00e3o, entidade e carreira, o advogado-geral da Uni\u00e3o se disp\u00f4s a debater os termos da proposta e colher as sugest\u00f5es dos Colegas sobre\u00a0os pontos mais sens\u00edveis do texto. Findada a reuni\u00e3o, ficaram garantidas ao Sindicato e aos procuradores da Fazenda Nacional a recalendariza\u00e7\u00e3o do processo de desenvolvimento da proposta e a revis\u00e3o t\u00e9cnica do anteprojeto, com vistas \u00e0 inclus\u00e3o de avan\u00e7os institucionais e ao impedimento a retrocessos.\r\n\r\n&nbsp;\r\n\r\n[gallery link=\"file\" ids=\"19680,19681,19682,19683,19684,19685,19686,19687,19688,19689,19690,19691,19692,19693,19694\"]","_links":{"self":[{"href":"https:\/\/sinprofaz.org.br\/2024\/wp-json\/wp\/v2\/posts\/19678"}],"collection":[{"href":"https:\/\/sinprofaz.org.br\/2024\/wp-json\/wp\/v2\/posts"}],"about":[{"href":"https:\/\/sinprofaz.org.br\/2024\/wp-json\/wp\/v2\/types\/post"}],"author":[{"embeddable":true,"href":"https:\/\/sinprofaz.org.br\/2024\/wp-json\/wp\/v2\/users\/2"}],"replies":[{"embeddable":true,"href":"https:\/\/sinprofaz.org.br\/2024\/wp-json\/wp\/v2\/comments?post=19678"}],"version-history":[{"count":1,"href":"https:\/\/sinprofaz.org.br\/2024\/wp-json\/wp\/v2\/posts\/19678\/revisions"}],"predecessor-version":[{"id":19695,"href":"https:\/\/sinprofaz.org.br\/2024\/wp-json\/wp\/v2\/posts\/19678\/revisions\/19695"}],"wp:featuredmedia":[{"embeddable":true,"href":"https:\/\/sinprofaz.org.br\/2024\/wp-json\/wp\/v2\/media\/19679"}],"wp:attachment":[{"href":"https:\/\/sinprofaz.org.br\/2024\/wp-json\/wp\/v2\/media?parent=19678"}],"wp:term":[{"taxonomy":"category","embeddable":true,"href":"https:\/\/sinprofaz.org.br\/2024\/wp-json\/wp\/v2\/categories?post=19678"},{"taxonomy":"post_tag","embeddable":true,"href":"https:\/\/sinprofaz.org.br\/2024\/wp-json\/wp\/v2\/tags?post=19678"}],"curies":[{"name":"wp","href":"https:\/\/api.w.org\/{rel}","templated":true}]}}