{"id":19674,"date":"2025-05-19T14:27:32","date_gmt":"2025-05-19T17:27:32","guid":{"rendered":"https:\/\/sinprofaz.org.br\/2024\/?p=19674"},"modified":"2025-05-19T14:46:33","modified_gmt":"2025-05-19T17:46:33","slug":"sinprofaz-participa-de-reuniao-promovida-pela-frente-e-pelo-instituto-servir-brasil","status":"publish","type":"post","link":"https:\/\/sinprofaz.org.br\/2024\/noticias\/sinprofaz-participa-de-reuniao-promovida-pela-frente-e-pelo-instituto-servir-brasil\/","title":{"rendered":"SINPROFAZ PARTICIPA DE REUNI\u00c3O PROMOVIDA PELA FRENTE E PELO INSTITUTO SERVIR BRASIL"},"content":{"rendered":"<p>O SINPROFAZ, representado pela presidente Iolanda Guindani, compareceu \u00e0 reuni\u00e3o promovida pela Frente Parlamentar e pelo Instituto Servir Brasil em Fortaleza\/CE. Realizado na quinta-feira (15), o encontro contou com a participa\u00e7\u00e3o de dezenas de lideran\u00e7as de entidades representativas de servidores p\u00fablicos, que debateram pautas de interesse do funcionalismo. A reuni\u00e3o foi prestigiada pelo presidente da Frente, o deputado federal Andr\u00e9 Figueiredo (PDT\/CE), e pelo presidente do Instituto, Alison Souza.<\/p>\n<p>O encontro teve como destaque a discuss\u00e3o sobre a retomada da Reforma Administrativa, por iniciativa do presidente da C\u00e2mara dos Deputados, Hugo Motta (Republicanos\/PB), que articula a cria\u00e7\u00e3o de um Grupo de Trabalho sobre o tema. O deputado Z\u00e9 Trov\u00e3o (PL\/SC) \u00e9 o mais cotado para coordenar os trabalhos do Grupo, que dever\u00e1 contar com a participa\u00e7\u00e3o do deputado Andr\u00e9 Figueiredo, a quem caber\u00e1 levar a perspectiva sobre um servi\u00e7o p\u00fablico eficiente, valorizado e alinhado aos interesses da popula\u00e7\u00e3o.<\/p>\n<p>De acordo com o deputado Andr\u00e9 Figueiredo, &#8220;o servi\u00e7o p\u00fablico n\u00e3o \u00e9 um gasto, mas um investimento. E \u00e9 dever do Parlamento garantir que qualquer mudan\u00e7a respeite os direitos de quem dedica a vida ao atendimento da popula\u00e7\u00e3o. O di\u00e1logo com as entidades \u00e9 fundamental para construirmos solu\u00e7\u00f5es justas e vi\u00e1veis&#8221;. A fala foi ratificada por Alison Souza, segundo o qual &#8220;essa\u00a0articula\u00e7\u00e3o presencial fortalece nossas redes, aproxima as lideran\u00e7as e nos permite evoluir para uma atua\u00e7\u00e3o pol\u00edtica concreta e estrat\u00e9gica&#8221;.<\/p>\n<p>Outro tema central da reuni\u00e3o foi a PEC 6\/2024, de autoria do deputado Cleber Verde (MDB\/MA), que prop\u00f5e extinguir gradativamente\u00a0a contribui\u00e7\u00e3o previdenci\u00e1ria de servidores p\u00fablicos aposentados e pensionistas. A proposta de emenda prev\u00ea a redu\u00e7\u00e3o anual de 10% da al\u00edquota a partir dos 66 anos de idade para homens e dos 63 anos para mulheres, at\u00e9 a isen\u00e7\u00e3o total aos 75 anos. Al\u00e9m disso, a PEC 6\/2024 assegura isen\u00e7\u00e3o imediata para aposentados por invalidez ou acometidos por doen\u00e7as incapacitantes.<\/p>\n<p>Participaram da reuni\u00e3o lideran\u00e7as de entidades representativas de servidores dos tr\u00eas Poderes da Rep\u00fablica e das tr\u00eas esferas da Federa\u00e7\u00e3o.\u00a0O encontro refor\u00e7ou o papel da Frente Parlamentar e do Instituto Servir Brasil na constru\u00e7\u00e3o de uma agenda coletiva e qualificada em defesa dos servidores p\u00fablicos\u00a0e da sociedade. A reuni\u00e3o tamb\u00e9m significou um importante passo rumo \u00e0 consolida\u00e7\u00e3o da Frente e do Instituto em uma atua\u00e7\u00e3o firme, t\u00e9cnica e articulada, especialmente diante dos atuais desafios legislativos.<\/p>\n<p>&nbsp;<\/p>\n<p><em>Com informa\u00e7\u00f5es da Frente Servir Brasil<\/em><\/p>\n<p>&nbsp;<\/p>\n\n\t\t<style type=\"text\/css\">\n\t\t\t#gallery-1 {\n\t\t\t\tmargin: auto;\n\t\t\t}\n\t\t\t#gallery-1 .gallery-item {\n\t\t\t\tfloat: left;\n\t\t\t\tmargin-top: 10px;\n\t\t\t\ttext-align: center;\n\t\t\t\twidth: 33%;\n\t\t\t}\n\t\t\t#gallery-1 img {\n\t\t\t\tborder: 2px solid #cfcfcf;\n\t\t\t}\n\t\t\t#gallery-1 .gallery-caption {\n\t\t\t\tmargin-left: 0;\n\t\t\t}\n\t\t\t\/* see gallery_shortcode() in wp-includes\/media.php *\/\n\t\t<\/style>\n\t\t<div id='gallery-1' class='gallery galleryid-19674 gallery-columns-3 gallery-size-thumbnail'><dl class='gallery-item'>\n\t\t\t<dt class='gallery-icon landscape'>\n\t\t\t\t<a href='https:\/\/sinprofaz.org.br\/2024\/wp-content\/uploads\/2025\/05\/2-3.png'><img loading=\"lazy\" decoding=\"async\" width=\"150\" height=\"150\" src=\"https:\/\/sinprofaz.org.br\/2024\/wp-content\/uploads\/2025\/05\/2-3-150x150.png\" class=\"attachment-thumbnail size-thumbnail\" alt=\"\" aria-describedby=\"gallery-1-19676\" \/><\/a>\n\t\t\t<\/dt>\n\t\t\t\t<dd class='wp-caption-text gallery-caption' id='gallery-1-19676'>\n\t\t\t\tDeputado Andr\u00e9 Figueiredo (PDT\/CE)\n\t\t\t\t<\/dd><\/dl>\n\t\t\t<br style='clear: both' \/>\n\t\t<\/div>\n\n<p><!-- notionvc: c16ba237-2e63-4d6f-89a2-6e32a38bf3e1 --><\/p>\n","protected":false},"excerpt":{"rendered":"<p>O SINPROFAZ, representado por Iolanda Guindani, compareceu \u00e0 reuni\u00e3o promovida pela Frente Parlamentar e pelo Instituto Servir Brasil em Fortaleza\/CE. Realizado na quinta-feira (15), o encontro contou com a participa\u00e7\u00e3o de dezenas de lideran\u00e7as de entidades representativas de servidores p\u00fablicos.<\/p>\n","protected":false},"author":2,"featured_media":19675,"comment_status":"open","ping_status":"open","sticky":false,"template":"","format":"standard","meta":{"footnotes":""},"categories":[8],"tags":[219,151,200],"featured_image_url":"https:\/\/sinprofaz.org.br\/2024\/wp-content\/uploads\/2025\/05\/1-6.png","character_count":1556,"formatted_date":"19\/05\/2025 - 14:27","contentNovo":"O SINPROFAZ, representado pela presidente Iolanda Guindani, compareceu \u00e0 reuni\u00e3o promovida pela Frente Parlamentar e pelo Instituto Servir Brasil em Fortaleza\/CE. Realizado na quinta-feira (15), o encontro contou com a participa\u00e7\u00e3o de dezenas de lideran\u00e7as de entidades representativas de servidores p\u00fablicos, que debateram pautas de interesse do funcionalismo. A reuni\u00e3o foi prestigiada pelo presidente da Frente, o deputado federal Andr\u00e9 Figueiredo (PDT\/CE), e pelo presidente do Instituto, Alison Souza.\r\n\r\nO encontro teve como destaque a discuss\u00e3o sobre a retomada da Reforma Administrativa, por iniciativa do presidente da C\u00e2mara dos Deputados, Hugo Motta (Republicanos\/PB), que articula a cria\u00e7\u00e3o de um Grupo de Trabalho sobre o tema. O deputado Z\u00e9 Trov\u00e3o (PL\/SC) \u00e9 o mais cotado para coordenar os trabalhos do Grupo, que dever\u00e1 contar com a participa\u00e7\u00e3o do deputado Andr\u00e9 Figueiredo, a quem caber\u00e1 levar a perspectiva sobre um servi\u00e7o p\u00fablico eficiente, valorizado e alinhado aos interesses da popula\u00e7\u00e3o.\r\n\r\nDe acordo com o deputado Andr\u00e9 Figueiredo, \"o servi\u00e7o p\u00fablico n\u00e3o \u00e9 um gasto, mas um investimento. E \u00e9 dever do Parlamento garantir que qualquer mudan\u00e7a respeite os direitos de quem dedica a vida ao atendimento da popula\u00e7\u00e3o. O di\u00e1logo com as entidades \u00e9 fundamental para construirmos solu\u00e7\u00f5es justas e vi\u00e1veis\". A fala foi ratificada por Alison Souza, segundo o qual \"essa\u00a0articula\u00e7\u00e3o presencial fortalece nossas redes, aproxima as lideran\u00e7as e nos permite evoluir para uma atua\u00e7\u00e3o pol\u00edtica concreta e estrat\u00e9gica\".\r\n\r\nOutro tema central da reuni\u00e3o foi a PEC 6\/2024, de autoria do deputado Cleber Verde (MDB\/MA), que prop\u00f5e extinguir gradativamente\u00a0a contribui\u00e7\u00e3o previdenci\u00e1ria de servidores p\u00fablicos aposentados e pensionistas. A proposta de emenda prev\u00ea a redu\u00e7\u00e3o anual de 10% da al\u00edquota a partir dos 66 anos de idade para homens e dos 63 anos para mulheres, at\u00e9 a isen\u00e7\u00e3o total aos 75 anos. Al\u00e9m disso, a PEC 6\/2024 assegura isen\u00e7\u00e3o imediata para aposentados por invalidez ou acometidos por doen\u00e7as incapacitantes.\r\n\r\nParticiparam da reuni\u00e3o lideran\u00e7as de entidades representativas de servidores dos tr\u00eas Poderes da Rep\u00fablica e das tr\u00eas esferas da Federa\u00e7\u00e3o.\u00a0O encontro refor\u00e7ou o papel da Frente Parlamentar e do Instituto Servir Brasil na constru\u00e7\u00e3o de uma agenda coletiva e qualificada em defesa dos servidores p\u00fablicos\u00a0e da sociedade. A reuni\u00e3o tamb\u00e9m significou um importante passo rumo \u00e0 consolida\u00e7\u00e3o da Frente e do Instituto em uma atua\u00e7\u00e3o firme, t\u00e9cnica e articulada, especialmente diante dos atuais desafios legislativos.\r\n\r\n&nbsp;\r\n\r\n<em>Com informa\u00e7\u00f5es da Frente Servir Brasil<\/em>\r\n\r\n&nbsp;\r\n\r\n[gallery link=\"file\" ids=\"19676\"]\r\n\r\n","_links":{"self":[{"href":"https:\/\/sinprofaz.org.br\/2024\/wp-json\/wp\/v2\/posts\/19674"}],"collection":[{"href":"https:\/\/sinprofaz.org.br\/2024\/wp-json\/wp\/v2\/posts"}],"about":[{"href":"https:\/\/sinprofaz.org.br\/2024\/wp-json\/wp\/v2\/types\/post"}],"author":[{"embeddable":true,"href":"https:\/\/sinprofaz.org.br\/2024\/wp-json\/wp\/v2\/users\/2"}],"replies":[{"embeddable":true,"href":"https:\/\/sinprofaz.org.br\/2024\/wp-json\/wp\/v2\/comments?post=19674"}],"version-history":[{"count":1,"href":"https:\/\/sinprofaz.org.br\/2024\/wp-json\/wp\/v2\/posts\/19674\/revisions"}],"predecessor-version":[{"id":19677,"href":"https:\/\/sinprofaz.org.br\/2024\/wp-json\/wp\/v2\/posts\/19674\/revisions\/19677"}],"wp:featuredmedia":[{"embeddable":true,"href":"https:\/\/sinprofaz.org.br\/2024\/wp-json\/wp\/v2\/media\/19675"}],"wp:attachment":[{"href":"https:\/\/sinprofaz.org.br\/2024\/wp-json\/wp\/v2\/media?parent=19674"}],"wp:term":[{"taxonomy":"category","embeddable":true,"href":"https:\/\/sinprofaz.org.br\/2024\/wp-json\/wp\/v2\/categories?post=19674"},{"taxonomy":"post_tag","embeddable":true,"href":"https:\/\/sinprofaz.org.br\/2024\/wp-json\/wp\/v2\/tags?post=19674"}],"curies":[{"name":"wp","href":"https:\/\/api.w.org\/{rel}","templated":true}]}}