{"id":19641,"date":"2025-05-09T15:19:13","date_gmt":"2025-05-09T18:19:13","guid":{"rendered":"https:\/\/sinprofaz.org.br\/2024\/?p=19641"},"modified":"2025-05-09T17:40:29","modified_gmt":"2025-05-09T20:40:29","slug":"trabalho-em-prol-da-pec-17-2024-mobilizou-o-congresso-nacional","status":"publish","type":"post","link":"https:\/\/sinprofaz.org.br\/2024\/noticias\/trabalho-em-prol-da-pec-17-2024-mobilizou-o-congresso-nacional\/","title":{"rendered":"TRABALHO EM PROL DA PEC 17\/2024 MOBILIZOU O CONGRESSO NACIONAL"},"content":{"rendered":"<p>O Movimento Nacional pela Valoriza\u00e7\u00e3o da Advocacia P\u00fablica motivou a reuni\u00e3o de centenas de advogados p\u00fablicos durante esta semana em Bras\u00edlia\/DF. Unidos em prol dos objetivos comuns, Membros da AGU e das Procuradorias dos Estados e Munic\u00edpios percorreram os corredores do Congresso Nacional a fim de sensibilizar deputados e senadores para a import\u00e2ncia da PEC 17\/2024, que garante autonomia or\u00e7ament\u00e1ria \u00e0 Advocacia P\u00fablica.<\/p>\n<p>Tendo em vista a estrat\u00e9gia de aproxima\u00e7\u00e3o dos parlamentares do Estado de origem, coube \u00e0 presidente do SINPROFAZ a visita aos gabinetes dos deputados Giovani Cherini (PL\/RS), Bohn Gass (PT\/RS), Danrlei de Deus (PSD\/RS) e Marcon (PT\/RS). Em aten\u00e7\u00e3o a Iolanda Guindani, os parlamentares receberam os materiais informativos, compreenderam a relev\u00e2ncia da pauta e fizeram sugest\u00f5es relacionadas \u00e0 tramita\u00e7\u00e3o da PEC na C\u00e2mara dos Deputados. O trabalho ocorreu em sintonia com o das demais entidades integrantes do FORVM e com o da Comiss\u00e3o de Atua\u00e7\u00e3o Parlamentar do SINPROFAZ.<\/p>\n<p>A presen\u00e7a do Sindicato e das demais carreiras no Congresso Nacional foi determinante para o avan\u00e7o da PEC 17 na C\u00e2mara. Na sess\u00e3o plen\u00e1ria da quarta-feira (7), o deputado Vicentinho J\u00fanior (PP\/TO) apresentou requerimento para que a proposta de emenda seguisse para a Comiss\u00e3o de Constitui\u00e7\u00e3o e Justi\u00e7a e de Cidadania da Casa. O pleito foi atendido pelo presidente Hugo Motta (Republicanos\/PB), que parabenizou o deputado por defender pauta t\u00e3o justa para o pa\u00eds. O trabalho conjunto se concentra agora na CCJ!<\/p>\n\n\t\t<style type=\"text\/css\">\n\t\t\t#gallery-1 {\n\t\t\t\tmargin: auto;\n\t\t\t}\n\t\t\t#gallery-1 .gallery-item {\n\t\t\t\tfloat: left;\n\t\t\t\tmargin-top: 10px;\n\t\t\t\ttext-align: center;\n\t\t\t\twidth: 33%;\n\t\t\t}\n\t\t\t#gallery-1 img {\n\t\t\t\tborder: 2px solid #cfcfcf;\n\t\t\t}\n\t\t\t#gallery-1 .gallery-caption {\n\t\t\t\tmargin-left: 0;\n\t\t\t}\n\t\t\t\/* see gallery_shortcode() in wp-includes\/media.php *\/\n\t\t<\/style>\n\t\t<div id='gallery-1' class='gallery galleryid-19641 gallery-columns-3 gallery-size-thumbnail'><dl class='gallery-item'>\n\t\t\t<dt class='gallery-icon landscape'>\n\t\t\t\t<a href='https:\/\/sinprofaz.org.br\/2024\/wp-content\/uploads\/2025\/05\/2-1.png'><img loading=\"lazy\" decoding=\"async\" width=\"150\" height=\"150\" src=\"https:\/\/sinprofaz.org.br\/2024\/wp-content\/uploads\/2025\/05\/2-1-150x150.png\" class=\"attachment-thumbnail size-thumbnail\" alt=\"\" \/><\/a>\n\t\t\t<\/dt><\/dl><dl class='gallery-item'>\n\t\t\t<dt class='gallery-icon landscape'>\n\t\t\t\t<a href='https:\/\/sinprofaz.org.br\/2024\/wp-content\/uploads\/2025\/05\/3-1.png'><img loading=\"lazy\" decoding=\"async\" width=\"150\" height=\"150\" src=\"https:\/\/sinprofaz.org.br\/2024\/wp-content\/uploads\/2025\/05\/3-1-150x150.png\" class=\"attachment-thumbnail size-thumbnail\" alt=\"\" \/><\/a>\n\t\t\t<\/dt><\/dl><dl class='gallery-item'>\n\t\t\t<dt class='gallery-icon landscape'>\n\t\t\t\t<a href='https:\/\/sinprofaz.org.br\/2024\/wp-content\/uploads\/2025\/05\/4-1.png'><img loading=\"lazy\" decoding=\"async\" width=\"150\" height=\"150\" src=\"https:\/\/sinprofaz.org.br\/2024\/wp-content\/uploads\/2025\/05\/4-1-150x150.png\" class=\"attachment-thumbnail size-thumbnail\" alt=\"\" \/><\/a>\n\t\t\t<\/dt><\/dl><br style=\"clear: both\" \/><dl class='gallery-item'>\n\t\t\t<dt class='gallery-icon landscape'>\n\t\t\t\t<a href='https:\/\/sinprofaz.org.br\/2024\/wp-content\/uploads\/2025\/05\/5.png'><img loading=\"lazy\" decoding=\"async\" width=\"150\" height=\"150\" src=\"https:\/\/sinprofaz.org.br\/2024\/wp-content\/uploads\/2025\/05\/5-150x150.png\" class=\"attachment-thumbnail size-thumbnail\" alt=\"\" \/><\/a>\n\t\t\t<\/dt><\/dl><dl class='gallery-item'>\n\t\t\t<dt class='gallery-icon landscape'>\n\t\t\t\t<a href='https:\/\/sinprofaz.org.br\/2024\/wp-content\/uploads\/2025\/05\/1-2.png'><img loading=\"lazy\" decoding=\"async\" width=\"150\" height=\"150\" src=\"https:\/\/sinprofaz.org.br\/2024\/wp-content\/uploads\/2025\/05\/1-2-150x150.png\" class=\"attachment-thumbnail size-thumbnail\" alt=\"\" \/><\/a>\n\t\t\t<\/dt><\/dl><dl class='gallery-item'>\n\t\t\t<dt class='gallery-icon landscape'>\n\t\t\t\t<a href='https:\/\/sinprofaz.org.br\/2024\/wp-content\/uploads\/2025\/05\/7.png'><img loading=\"lazy\" decoding=\"async\" width=\"150\" height=\"150\" src=\"https:\/\/sinprofaz.org.br\/2024\/wp-content\/uploads\/2025\/05\/7-150x150.png\" class=\"attachment-thumbnail size-thumbnail\" alt=\"\" \/><\/a>\n\t\t\t<\/dt><\/dl><br style=\"clear: both\" \/><dl class='gallery-item'>\n\t\t\t<dt class='gallery-icon landscape'>\n\t\t\t\t<a href='https:\/\/sinprofaz.org.br\/2024\/wp-content\/uploads\/2025\/05\/8.png'><img loading=\"lazy\" decoding=\"async\" width=\"150\" height=\"150\" src=\"https:\/\/sinprofaz.org.br\/2024\/wp-content\/uploads\/2025\/05\/8-150x150.png\" class=\"attachment-thumbnail size-thumbnail\" alt=\"\" \/><\/a>\n\t\t\t<\/dt><\/dl><dl class='gallery-item'>\n\t\t\t<dt class='gallery-icon landscape'>\n\t\t\t\t<a href='https:\/\/sinprofaz.org.br\/2024\/wp-content\/uploads\/2025\/05\/9.png'><img loading=\"lazy\" decoding=\"async\" width=\"150\" height=\"150\" src=\"https:\/\/sinprofaz.org.br\/2024\/wp-content\/uploads\/2025\/05\/9-150x150.png\" class=\"attachment-thumbnail size-thumbnail\" alt=\"\" \/><\/a>\n\t\t\t<\/dt><\/dl><dl class='gallery-item'>\n\t\t\t<dt class='gallery-icon landscape'>\n\t\t\t\t<a href='https:\/\/sinprofaz.org.br\/2024\/wp-content\/uploads\/2025\/05\/10.png'><img loading=\"lazy\" decoding=\"async\" width=\"150\" height=\"150\" src=\"https:\/\/sinprofaz.org.br\/2024\/wp-content\/uploads\/2025\/05\/10-150x150.png\" class=\"attachment-thumbnail size-thumbnail\" alt=\"\" \/><\/a>\n\t\t\t<\/dt><\/dl><br style=\"clear: both\" \/><dl class='gallery-item'>\n\t\t\t<dt class='gallery-icon landscape'>\n\t\t\t\t<a href='https:\/\/sinprofaz.org.br\/2024\/wp-content\/uploads\/2025\/05\/11.png'><img loading=\"lazy\" decoding=\"async\" width=\"150\" height=\"150\" src=\"https:\/\/sinprofaz.org.br\/2024\/wp-content\/uploads\/2025\/05\/11-150x150.png\" class=\"attachment-thumbnail size-thumbnail\" alt=\"\" \/><\/a>\n\t\t\t<\/dt><\/dl>\n\t\t\t<br style='clear: both' \/>\n\t\t<\/div>\n\n","protected":false},"excerpt":{"rendered":"<p>Unidos em prol dos objetivos comuns, Membros da Advocacia-Geral da Uni\u00e3o e das Procuradorias dos Estados e Munic\u00edpios percorreram os corredores do Congresso Nacional a fim de sensibilizar deputados e senadores para a import\u00e2ncia da PEC 17\/2024. Confira!<\/p>\n","protected":false},"author":2,"featured_media":19647,"comment_status":"open","ping_status":"open","sticky":false,"template":"","format":"standard","meta":{"footnotes":""},"categories":[8],"tags":[34,223,48],"featured_image_url":"https:\/\/sinprofaz.org.br\/2024\/wp-content\/uploads\/2025\/05\/6.png","character_count":1012,"formatted_date":"09\/05\/2025 - 15:19","contentNovo":"O Movimento Nacional pela Valoriza\u00e7\u00e3o da Advocacia P\u00fablica motivou a reuni\u00e3o de centenas de advogados p\u00fablicos durante esta semana em Bras\u00edlia\/DF. Unidos em prol dos objetivos comuns, Membros da AGU e das Procuradorias dos Estados e Munic\u00edpios percorreram os corredores do Congresso Nacional a fim de sensibilizar deputados e senadores para a import\u00e2ncia da PEC 17\/2024, que garante autonomia or\u00e7ament\u00e1ria \u00e0 Advocacia P\u00fablica.\r\n\r\nTendo em vista a estrat\u00e9gia de aproxima\u00e7\u00e3o dos parlamentares do Estado de origem, coube \u00e0 presidente do SINPROFAZ a visita aos gabinetes dos deputados Giovani Cherini (PL\/RS), Bohn Gass (PT\/RS), Danrlei de Deus (PSD\/RS) e Marcon (PT\/RS). Em aten\u00e7\u00e3o a Iolanda Guindani, os parlamentares receberam os materiais informativos, compreenderam a relev\u00e2ncia da pauta e fizeram sugest\u00f5es relacionadas \u00e0 tramita\u00e7\u00e3o da PEC na C\u00e2mara dos Deputados. O trabalho ocorreu em sintonia com o das demais entidades integrantes do FORVM e com o da Comiss\u00e3o de Atua\u00e7\u00e3o Parlamentar do SINPROFAZ.\r\n\r\nA presen\u00e7a do Sindicato e das demais carreiras no Congresso Nacional foi determinante para o avan\u00e7o da PEC 17 na C\u00e2mara. Na sess\u00e3o plen\u00e1ria da quarta-feira (7), o deputado Vicentinho J\u00fanior (PP\/TO) apresentou requerimento para que a proposta de emenda seguisse para a Comiss\u00e3o de Constitui\u00e7\u00e3o e Justi\u00e7a e de Cidadania da Casa. O pleito foi atendido pelo presidente Hugo Motta (Republicanos\/PB), que parabenizou o deputado por defender pauta t\u00e3o justa para o pa\u00eds. O trabalho conjunto se concentra agora na CCJ!\r\n\r\n[gallery link=\"file\" ids=\"19643,19644,19645,19646,19642,19648,19649,19650,19651,19652\"]","_links":{"self":[{"href":"https:\/\/sinprofaz.org.br\/2024\/wp-json\/wp\/v2\/posts\/19641"}],"collection":[{"href":"https:\/\/sinprofaz.org.br\/2024\/wp-json\/wp\/v2\/posts"}],"about":[{"href":"https:\/\/sinprofaz.org.br\/2024\/wp-json\/wp\/v2\/types\/post"}],"author":[{"embeddable":true,"href":"https:\/\/sinprofaz.org.br\/2024\/wp-json\/wp\/v2\/users\/2"}],"replies":[{"embeddable":true,"href":"https:\/\/sinprofaz.org.br\/2024\/wp-json\/wp\/v2\/comments?post=19641"}],"version-history":[{"count":2,"href":"https:\/\/sinprofaz.org.br\/2024\/wp-json\/wp\/v2\/posts\/19641\/revisions"}],"predecessor-version":[{"id":19657,"href":"https:\/\/sinprofaz.org.br\/2024\/wp-json\/wp\/v2\/posts\/19641\/revisions\/19657"}],"wp:featuredmedia":[{"embeddable":true,"href":"https:\/\/sinprofaz.org.br\/2024\/wp-json\/wp\/v2\/media\/19647"}],"wp:attachment":[{"href":"https:\/\/sinprofaz.org.br\/2024\/wp-json\/wp\/v2\/media?parent=19641"}],"wp:term":[{"taxonomy":"category","embeddable":true,"href":"https:\/\/sinprofaz.org.br\/2024\/wp-json\/wp\/v2\/categories?post=19641"},{"taxonomy":"post_tag","embeddable":true,"href":"https:\/\/sinprofaz.org.br\/2024\/wp-json\/wp\/v2\/tags?post=19641"}],"curies":[{"name":"wp","href":"https:\/\/api.w.org\/{rel}","templated":true}]}}