{"id":19635,"date":"2025-05-08T17:38:23","date_gmt":"2025-05-08T20:38:23","guid":{"rendered":"https:\/\/sinprofaz.org.br\/2024\/?p=19635"},"modified":"2025-05-08T17:38:23","modified_gmt":"2025-05-08T20:38:23","slug":"entidades-e-membros-se-mobilizam-pela-autonomia-da-advocacia-publica","status":"publish","type":"post","link":"https:\/\/sinprofaz.org.br\/2024\/noticias\/entidades-e-membros-se-mobilizam-pela-autonomia-da-advocacia-publica\/","title":{"rendered":"ENTIDADES E MEMBROS SE MOBILIZAM PELA AUTONOMIA DA ADVOCACIA P\u00daBLICA"},"content":{"rendered":"<p>O debate sobre autonomia e defesa dos interesses sociais marcou a 2\u00aa edi\u00e7\u00e3o do Movimento Nacional pela Valoriza\u00e7\u00e3o da Advocacia P\u00fablica, promovido ontem (7), em Bras\u00edlia\/DF. A mobiliza\u00e7\u00e3o teve como tema central\u00a0<em>Advocacia P\u00fablica e Constitui\u00e7\u00e3o: um projeto inacabado<\/em>\u00a0e reuniu advogados p\u00fablicos de todo o pa\u00eds, que uniram\u00a0for\u00e7as em prol dos avan\u00e7os institucionais pleiteados. Representado pela presidente, Iolanda Guindani, o SINPROFAZ apoiou e participou do Movimento em conjunto com as demais entidades integrantes do F\u00f3rum Nacional da Advocacia P\u00fablica Federal.<\/p>\n<p>O evento foi prestigiado por autoridades dos tr\u00eas Poderes da Rep\u00fablica. Em discurso na ocasi\u00e3o, a ministra Edilene\u00a0L\u00f4bo, do Tribunal Superior Eleitoral, defendeu que a autonomia\u00a0da Advocacia P\u00fablica \u00e9 primordial para que se garanta uma atua\u00e7\u00e3o efetiva, principalmente no atual cen\u00e1rio de revolu\u00e7\u00e3o tecnol\u00f3gica, em que vigora a intelig\u00eancia artificial generativa. A deputada federal Maria Arraes (Solidariedade\/PE), por sua vez, lembrou que a Advocacia P\u00fablica tem sido protagonista em lutas sobre pautas sens\u00edveis, como o combate \u00e0 desinforma\u00e7\u00e3o e a garantia dos direitos fundamentais dos cidad\u00e3os.<\/p>\n<p>A atua\u00e7\u00e3o coordenada das carreiras da Advocacia P\u00fablica nacional foi destaque na fala de Paulo Maur\u00edcio Siqueira, presidente da Seccional da Ordem dos Advogados do Brasil no Distrito Federal (OAB\/DF). Na oportunidade do discurso, o presidente ressaltou o compromisso da Ordem com as pautas priorit\u00e1rias dos advogados p\u00fablicos dos tr\u00eas n\u00edveis da Federa\u00e7\u00e3o e destacou que a autonomia or\u00e7ament\u00e1ria, proposta pela PEC 17\/2024, \u00e9 sin\u00f4nimo de respeito \u00e0s carreiras e aos Membros que desempenham Fun\u00e7\u00e3o Essencial \u00e0 Justi\u00e7a e defendem, com excel\u00eancia, o Estado Democr\u00e1tico de Direito.<\/p>\n<p><strong>Parlamento<br \/>\n<\/strong>O Movimento Nacional pela Valoriza\u00e7\u00e3o da Advocacia P\u00fablica teve continuidade no Congresso Nacional, onde os advogados p\u00fablicos visitaram uma s\u00e9rie de gabinetes. O trabalho parlamentar surtiu efeito no mesmo dia: durante a sess\u00e3o deliberativa do Plen\u00e1rio da C\u00e2mara dos Deputados, o deputado Vicentinho Jr. (PP\/TO) solicitou ao presidente Hugo Motta (Republicanos\/PB) o encaminhamento da PEC 17\/2024 \u00e0 Comiss\u00e3o de Constitui\u00e7\u00e3o e Justi\u00e7a e de Cidadania da Casa. A solicita\u00e7\u00e3o foi atendida pelo presidente, que\u00a0determinou o despacho para que a PEC siga o tr\u00e2mite regimental na Comiss\u00e3o.<\/p>\n\n\t\t<style type=\"text\/css\">\n\t\t\t#gallery-1 {\n\t\t\t\tmargin: auto;\n\t\t\t}\n\t\t\t#gallery-1 .gallery-item {\n\t\t\t\tfloat: left;\n\t\t\t\tmargin-top: 10px;\n\t\t\t\ttext-align: center;\n\t\t\t\twidth: 33%;\n\t\t\t}\n\t\t\t#gallery-1 img {\n\t\t\t\tborder: 2px solid #cfcfcf;\n\t\t\t}\n\t\t\t#gallery-1 .gallery-caption {\n\t\t\t\tmargin-left: 0;\n\t\t\t}\n\t\t\t\/* see gallery_shortcode() in wp-includes\/media.php *\/\n\t\t<\/style>\n\t\t<div id='gallery-1' class='gallery galleryid-19635 gallery-columns-3 gallery-size-thumbnail'><dl class='gallery-item'>\n\t\t\t<dt class='gallery-icon landscape'>\n\t\t\t\t<a href='https:\/\/sinprofaz.org.br\/2024\/wp-content\/uploads\/2025\/05\/2.png'><img loading=\"lazy\" decoding=\"async\" width=\"150\" height=\"150\" src=\"https:\/\/sinprofaz.org.br\/2024\/wp-content\/uploads\/2025\/05\/2-150x150.png\" class=\"attachment-thumbnail size-thumbnail\" alt=\"\" \/><\/a>\n\t\t\t<\/dt><\/dl><dl class='gallery-item'>\n\t\t\t<dt class='gallery-icon landscape'>\n\t\t\t\t<a href='https:\/\/sinprofaz.org.br\/2024\/wp-content\/uploads\/2025\/05\/3.png'><img loading=\"lazy\" decoding=\"async\" width=\"150\" height=\"150\" src=\"https:\/\/sinprofaz.org.br\/2024\/wp-content\/uploads\/2025\/05\/3-150x150.png\" class=\"attachment-thumbnail size-thumbnail\" alt=\"\" \/><\/a>\n\t\t\t<\/dt><\/dl><dl class='gallery-item'>\n\t\t\t<dt class='gallery-icon landscape'>\n\t\t\t\t<a href='https:\/\/sinprofaz.org.br\/2024\/wp-content\/uploads\/2025\/05\/4.png'><img loading=\"lazy\" decoding=\"async\" width=\"150\" height=\"150\" src=\"https:\/\/sinprofaz.org.br\/2024\/wp-content\/uploads\/2025\/05\/4-150x150.png\" class=\"attachment-thumbnail size-thumbnail\" alt=\"\" \/><\/a>\n\t\t\t<\/dt><\/dl><br style=\"clear: both\" \/>\n\t\t<\/div>\n\n<p><!-- notionvc: 926a4792-530a-45a4-b1de-64b299bd31c2 --><\/p>\n","protected":false},"excerpt":{"rendered":"<p>O debate sobre autonomia e defesa dos interesses sociais marcou a 2\u00aa edi\u00e7\u00e3o do Movimento Nacional pela Valoriza\u00e7\u00e3o da Advocacia P\u00fablica. A mobiliza\u00e7\u00e3o teve como tema central &#8220;Advocacia P\u00fablica e Constitui\u00e7\u00e3o: um projeto inacabado&#8221; e reuniu advogados p\u00fablicos de todo o pa\u00eds.<\/p>\n","protected":false},"author":2,"featured_media":19636,"comment_status":"open","ping_status":"open","sticky":false,"template":"","format":"standard","meta":{"footnotes":""},"categories":[8],"tags":[34,223,137],"featured_image_url":"https:\/\/sinprofaz.org.br\/2024\/wp-content\/uploads\/2025\/05\/1-1.png","character_count":1397,"formatted_date":"08\/05\/2025 - 17:38","contentNovo":"O debate sobre autonomia e defesa dos interesses sociais marcou a 2\u00aa edi\u00e7\u00e3o do Movimento Nacional pela Valoriza\u00e7\u00e3o da Advocacia P\u00fablica, promovido ontem (7), em Bras\u00edlia\/DF. A mobiliza\u00e7\u00e3o teve como tema central\u00a0<em>Advocacia P\u00fablica e Constitui\u00e7\u00e3o: um projeto inacabado<\/em>\u00a0e reuniu advogados p\u00fablicos de todo o pa\u00eds, que uniram\u00a0for\u00e7as em prol dos avan\u00e7os institucionais pleiteados. Representado pela presidente, Iolanda Guindani, o SINPROFAZ apoiou e participou do Movimento em conjunto com as demais entidades integrantes do F\u00f3rum Nacional da Advocacia P\u00fablica Federal.\r\n\r\nO evento foi prestigiado por autoridades dos tr\u00eas Poderes da Rep\u00fablica. Em discurso na ocasi\u00e3o, a ministra Edilene\u00a0L\u00f4bo, do Tribunal Superior Eleitoral, defendeu que a autonomia\u00a0da Advocacia P\u00fablica \u00e9 primordial para que se garanta uma atua\u00e7\u00e3o efetiva, principalmente no atual cen\u00e1rio de revolu\u00e7\u00e3o tecnol\u00f3gica, em que vigora a intelig\u00eancia artificial generativa. A deputada federal Maria Arraes (Solidariedade\/PE), por sua vez, lembrou que a Advocacia P\u00fablica tem sido protagonista em lutas sobre pautas sens\u00edveis, como o combate \u00e0 desinforma\u00e7\u00e3o e a garantia dos direitos fundamentais dos cidad\u00e3os.\r\n\r\nA atua\u00e7\u00e3o coordenada das carreiras da Advocacia P\u00fablica nacional foi destaque na fala de Paulo Maur\u00edcio Siqueira, presidente da Seccional da Ordem dos Advogados do Brasil no Distrito Federal (OAB\/DF). Na oportunidade do discurso, o presidente ressaltou o compromisso da Ordem com as pautas priorit\u00e1rias dos advogados p\u00fablicos dos tr\u00eas n\u00edveis da Federa\u00e7\u00e3o e destacou que a autonomia or\u00e7ament\u00e1ria, proposta pela PEC 17\/2024, \u00e9 sin\u00f4nimo de respeito \u00e0s carreiras e aos Membros que desempenham Fun\u00e7\u00e3o Essencial \u00e0 Justi\u00e7a e defendem, com excel\u00eancia, o Estado Democr\u00e1tico de Direito.\r\n\r\n<strong>Parlamento\r\n<\/strong>O Movimento Nacional pela Valoriza\u00e7\u00e3o da Advocacia P\u00fablica teve continuidade no Congresso Nacional, onde os advogados p\u00fablicos visitaram uma s\u00e9rie de gabinetes. O trabalho parlamentar surtiu efeito no mesmo dia: durante a sess\u00e3o deliberativa do Plen\u00e1rio da C\u00e2mara dos Deputados, o deputado Vicentinho Jr. (PP\/TO) solicitou ao presidente Hugo Motta (Republicanos\/PB) o encaminhamento da PEC 17\/2024 \u00e0 Comiss\u00e3o de Constitui\u00e7\u00e3o e Justi\u00e7a e de Cidadania da Casa. A solicita\u00e7\u00e3o foi atendida pelo presidente, que\u00a0determinou o despacho para que a PEC siga o tr\u00e2mite regimental na Comiss\u00e3o.\r\n\r\n[gallery link=\"file\" ids=\"19637,19638,19639\"]\r\n\r\n","_links":{"self":[{"href":"https:\/\/sinprofaz.org.br\/2024\/wp-json\/wp\/v2\/posts\/19635"}],"collection":[{"href":"https:\/\/sinprofaz.org.br\/2024\/wp-json\/wp\/v2\/posts"}],"about":[{"href":"https:\/\/sinprofaz.org.br\/2024\/wp-json\/wp\/v2\/types\/post"}],"author":[{"embeddable":true,"href":"https:\/\/sinprofaz.org.br\/2024\/wp-json\/wp\/v2\/users\/2"}],"replies":[{"embeddable":true,"href":"https:\/\/sinprofaz.org.br\/2024\/wp-json\/wp\/v2\/comments?post=19635"}],"version-history":[{"count":1,"href":"https:\/\/sinprofaz.org.br\/2024\/wp-json\/wp\/v2\/posts\/19635\/revisions"}],"predecessor-version":[{"id":19640,"href":"https:\/\/sinprofaz.org.br\/2024\/wp-json\/wp\/v2\/posts\/19635\/revisions\/19640"}],"wp:featuredmedia":[{"embeddable":true,"href":"https:\/\/sinprofaz.org.br\/2024\/wp-json\/wp\/v2\/media\/19636"}],"wp:attachment":[{"href":"https:\/\/sinprofaz.org.br\/2024\/wp-json\/wp\/v2\/media?parent=19635"}],"wp:term":[{"taxonomy":"category","embeddable":true,"href":"https:\/\/sinprofaz.org.br\/2024\/wp-json\/wp\/v2\/categories?post=19635"},{"taxonomy":"post_tag","embeddable":true,"href":"https:\/\/sinprofaz.org.br\/2024\/wp-json\/wp\/v2\/tags?post=19635"}],"curies":[{"name":"wp","href":"https:\/\/api.w.org\/{rel}","templated":true}]}}