{"id":19631,"date":"2025-05-08T10:11:03","date_gmt":"2025-05-08T13:11:03","guid":{"rendered":"https:\/\/sinprofaz.org.br\/2024\/?p=19631"},"modified":"2025-05-08T10:22:29","modified_gmt":"2025-05-08T13:22:29","slug":"sinprofaz-convoca-filiadas-e-filiados-para-live-com-o-ccha","status":"publish","type":"post","link":"https:\/\/sinprofaz.org.br\/2024\/noticias\/sinprofaz-convoca-filiadas-e-filiados-para-live-com-o-ccha\/","title":{"rendered":"SINPROFAZ CONVOCA FILIADAS E FILIADOS PARA LIVE COM O CCHA"},"content":{"rendered":"<p>O SINPROFAZ convoca filiadas e filiados para a\u00a0<span class=\"notion-enable-hover\" data-token-index=\"1\"><em>live<\/em>\u00a0<\/span><strong><span class=\"notion-enable-hover\" data-token-index=\"2\">Di\u00e1logos com a Diretoria\u00a0e o CCHA<\/span><\/strong>. O evento ocorrer\u00e1 no dia 12 de maio (segunda-feira), \u00e0s 15h, via Zoom. O link para acesso ser\u00e1 oportunamente disponibilizado no grupo de Informes do WhatsApp. <!-- --> <!-- notionvc: 6fbfb323-8b4f-4dc5-9fd4-80a6db7b2a82 --><\/p>\n<p>A\u00a0<span class=\"notion-enable-hover\" data-token-index=\"1\"><em>live<\/em>\u00a0<\/span>objetiva o estreitamento da comunica\u00e7\u00e3o entre Diretoria, CCHA e filiados, bem como a transmiss\u00e3o de informa\u00e7\u00f5es acerca das atua\u00e7\u00f5es e perspectivas do Sindicato e do Conselho com vistas ao progresso das prerrogativas da Carreira.<!-- notionvc: 4c2a389c-791c-4986-818d-07a4ffd062ab --><\/p>\n<p>Atente-se para as divulga\u00e7\u00f5es realizadas no grupo de Informes e participe!<\/p>\n","protected":false},"excerpt":{"rendered":"<p>O SINPROFAZ convoca filiadas e filiados para a live &#8220;Di\u00e1logos com a Diretoria e o CCHA&#8221;. O evento ocorrer\u00e1 no dia 12 de maio (segunda-feira), \u00e0s 15h, via Zoom. O link para acesso ser\u00e1 oportunamente disponibilizado no grupo de Informes do WhatsApp. Atente-se para o grupo e participe!<\/p>\n","protected":false},"author":2,"featured_media":19632,"comment_status":"open","ping_status":"open","sticky":false,"template":"","format":"standard","meta":{"footnotes":""},"categories":[8],"tags":[71,27,25],"featured_image_url":"https:\/\/sinprofaz.org.br\/2024\/wp-content\/uploads\/2025\/05\/1.png","character_count":289,"formatted_date":"08\/05\/2025 - 10:11","contentNovo":"O SINPROFAZ convoca filiadas e filiados para a\u00a0<em>live<\/em>\u00a0<strong>Di\u00e1logos com a Diretoria\u00a0e o CCHA<\/strong>. O evento ocorrer\u00e1 no dia 12 de maio (segunda-feira), \u00e0s 15h, via Zoom. O link para acesso ser\u00e1 oportunamente disponibilizado no grupo de Informes do WhatsApp.  \r\n\r\nA\u00a0<em>live<\/em>\u00a0objetiva o estreitamento da comunica\u00e7\u00e3o entre Diretoria, CCHA e filiados, bem como a transmiss\u00e3o de informa\u00e7\u00f5es acerca das atua\u00e7\u00f5es e perspectivas do Sindicato e do Conselho com vistas ao progresso das prerrogativas da Carreira.\r\n\r\nAtente-se para as divulga\u00e7\u00f5es realizadas no grupo de Informes e participe!","_links":{"self":[{"href":"https:\/\/sinprofaz.org.br\/2024\/wp-json\/wp\/v2\/posts\/19631"}],"collection":[{"href":"https:\/\/sinprofaz.org.br\/2024\/wp-json\/wp\/v2\/posts"}],"about":[{"href":"https:\/\/sinprofaz.org.br\/2024\/wp-json\/wp\/v2\/types\/post"}],"author":[{"embeddable":true,"href":"https:\/\/sinprofaz.org.br\/2024\/wp-json\/wp\/v2\/users\/2"}],"replies":[{"embeddable":true,"href":"https:\/\/sinprofaz.org.br\/2024\/wp-json\/wp\/v2\/comments?post=19631"}],"version-history":[{"count":2,"href":"https:\/\/sinprofaz.org.br\/2024\/wp-json\/wp\/v2\/posts\/19631\/revisions"}],"predecessor-version":[{"id":19634,"href":"https:\/\/sinprofaz.org.br\/2024\/wp-json\/wp\/v2\/posts\/19631\/revisions\/19634"}],"wp:featuredmedia":[{"embeddable":true,"href":"https:\/\/sinprofaz.org.br\/2024\/wp-json\/wp\/v2\/media\/19632"}],"wp:attachment":[{"href":"https:\/\/sinprofaz.org.br\/2024\/wp-json\/wp\/v2\/media?parent=19631"}],"wp:term":[{"taxonomy":"category","embeddable":true,"href":"https:\/\/sinprofaz.org.br\/2024\/wp-json\/wp\/v2\/categories?post=19631"},{"taxonomy":"post_tag","embeddable":true,"href":"https:\/\/sinprofaz.org.br\/2024\/wp-json\/wp\/v2\/tags?post=19631"}],"curies":[{"name":"wp","href":"https:\/\/api.w.org\/{rel}","templated":true}]}}