{"id":1963,"date":"2014-10-30T14:10:30","date_gmt":"2014-10-30T14:10:30","guid":{"rendered":""},"modified":"-0001-11-30T00:00:00","modified_gmt":"-0001-11-30T03:00:00","slug":"deputado-fabio-trad-pmdb-ms-atua-pela-autonomia-dos-advogados-publicos","status":"publish","type":"post","link":"https:\/\/sinprofaz.org.br\/2024\/noticias\/deputado-fabio-trad-pmdb-ms-atua-pela-autonomia-dos-advogados-publicos\/","title":{"rendered":"Deputado F\u00e1bio Trad (PMDB-MS) atua pela autonomia dos advogados p\u00fablicos"},"content":{"rendered":"<p><img loading=\"lazy\" decoding=\"async\" style=\"margin-right: 10px; float: left;\" alt=\"deputado-fabio-trad-atua-pela-autonomia-dos-advogados-pub\" src=\"images\/noticias\/deputado-fabio-trad-atua-pela-autonomia-dos-advogados-pub.jpg\" height=\"150\" width=\"200\" \/>Perto do encerramento do mandato, parlamentar reitera seus posicionamentos favor\u00e1veis aos pleitos da Advocacia P\u00fablica.<\/p>\n<p>Aliado de primeira linha da Advocacia P\u00fablica, o deputado desempenha papel decisivo no encaminhamento das reivindica\u00e7\u00f5es de interesse das Carreiras. Foi assim na inclus\u00e3o do pagamento de honor\u00e1rios aos advogados p\u00fablicos no texto do novo CPC e na aprova\u00e7\u00e3o, na comiss\u00e3o especial, da PEC 82\/2007, que confere autonomia e prerrogativas \u00e0 Advocacia P\u00fablica.<\/p>\n<p>Esta semana, em conversa com o presidente do SINPROFAZ e outras lideran\u00e7as da Advocacia P\u00fablica, o deputado, que \u00e9 presidente da Frente Parlamentar em Defesa da Advocacia P\u00fablica, confirmou seu apoio \u00e0 PEC da Probidade.<\/p>\n<p>O deputado colocou-se \u00e0 disposi\u00e7\u00e3o das entidades sindicais e associativas para atuar no sentido de inclus\u00e3o da PEC 82\/2007 na pauta do plen\u00e1rio da C\u00e2mara.<\/p>\n","protected":false},"excerpt":{"rendered":"<p>Perto do encerramento do mandato, parlamentar reitera seus posicionamentos favor\u00e1veis aos pleitos da Advocacia P\u00fablica.<\/p>\n","protected":false},"author":1,"featured_media":0,"comment_status":"closed","ping_status":"open","sticky":false,"template":"","format":"standard","meta":{"footnotes":""},"categories":[8],"tags":[],"featured_image_url":"https:\/\/dummyimage.com\/720x400","character_count":437,"formatted_date":"30\/10\/2014 - 14:10","contentNovo":"\r\n<p>Perto do encerramento do mandato, parlamentar reitera seus posicionamentos favor\u00e1veis aos pleitos da Advocacia P\u00fablica.<\/p>\r\n<p>Aliado de primeira linha da Advocacia P\u00fablica, o deputado desempenha papel decisivo no encaminhamento das reivindica\u00e7\u00f5es de interesse das Carreiras. Foi assim na inclus\u00e3o do pagamento de honor\u00e1rios aos advogados p\u00fablicos no texto do novo CPC e na aprova\u00e7\u00e3o, na comiss\u00e3o especial, da PEC 82\/2007, que confere autonomia e prerrogativas \u00e0 Advocacia P\u00fablica.<\/p>\r\n<p>Esta semana, em conversa com o presidente do SINPROFAZ e outras lideran\u00e7as da Advocacia P\u00fablica, o deputado, que \u00e9 presidente da Frente Parlamentar em Defesa da Advocacia P\u00fablica, confirmou seu apoio \u00e0 PEC da Probidade.<\/p>\r\n<p>O deputado colocou-se \u00e0 disposi\u00e7\u00e3o das entidades sindicais e associativas para atuar no sentido de inclus\u00e3o da PEC 82\/2007 na pauta do plen\u00e1rio da C\u00e2mara.<\/p>","_links":{"self":[{"href":"https:\/\/sinprofaz.org.br\/2024\/wp-json\/wp\/v2\/posts\/1963"}],"collection":[{"href":"https:\/\/sinprofaz.org.br\/2024\/wp-json\/wp\/v2\/posts"}],"about":[{"href":"https:\/\/sinprofaz.org.br\/2024\/wp-json\/wp\/v2\/types\/post"}],"author":[{"embeddable":true,"href":"https:\/\/sinprofaz.org.br\/2024\/wp-json\/wp\/v2\/users\/1"}],"replies":[{"embeddable":true,"href":"https:\/\/sinprofaz.org.br\/2024\/wp-json\/wp\/v2\/comments?post=1963"}],"version-history":[{"count":0,"href":"https:\/\/sinprofaz.org.br\/2024\/wp-json\/wp\/v2\/posts\/1963\/revisions"}],"wp:attachment":[{"href":"https:\/\/sinprofaz.org.br\/2024\/wp-json\/wp\/v2\/media?parent=1963"}],"wp:term":[{"taxonomy":"category","embeddable":true,"href":"https:\/\/sinprofaz.org.br\/2024\/wp-json\/wp\/v2\/categories?post=1963"},{"taxonomy":"post_tag","embeddable":true,"href":"https:\/\/sinprofaz.org.br\/2024\/wp-json\/wp\/v2\/tags?post=1963"}],"curies":[{"name":"wp","href":"https:\/\/api.w.org\/{rel}","templated":true}]}}