{"id":19628,"date":"2025-05-07T14:08:36","date_gmt":"2025-05-07T17:08:36","guid":{"rendered":"https:\/\/sinprofaz.org.br\/2024\/?p=19628"},"modified":"2025-05-07T14:09:24","modified_gmt":"2025-05-07T17:09:24","slug":"comunicado-n-1-da-junta-de-julgamento-comunicacao-de-inscricao-de-chapas","status":"publish","type":"post","link":"https:\/\/sinprofaz.org.br\/2024\/noticias\/comunicado-n-1-da-junta-de-julgamento-comunicacao-de-inscricao-de-chapas\/","title":{"rendered":"COMUNICADO N. 1 DA JUNTA DE JULGAMENTO: COMUNICA\u00c7\u00c3O DE INSCRI\u00c7\u00c3O DE CHAPAS"},"content":{"rendered":"<p>Senhoras e Senhores Procuradoras e Procuradores da Fazenda Nacional,<\/p>\n<p>A Junta de Julgamento do SINPROFAZ, no uso de suas atribui\u00e7\u00f5es estatut\u00e1rias, comunica que <a class=\"notion-link-token notion-focusable-token notion-enable-hover\" tabindex=\"0\" href=\"https:\/\/sinprofaz.org.br\/2024\/wp-content\/uploads\/2025\/05\/Comunicado_n._1_Junta_de_Julgamento_do_SINPROFAZ_assinado_assinado.pdf\" rel=\"noopener noreferrer\" data-token-index=\"1\"><span class=\"link-annotation-unknown-block-id--1432551824\">duas (2) chapas efetuaram registro<\/span><\/a> para a elei\u00e7\u00e3o da Diretoria referente ao bi\u00eanio 2025\/2027. Candidatas e candidatos atendem \u00e0s exig\u00eancias estatut\u00e1rias. Conforme decis\u00e3o da Assembleia Geral Ordin\u00e1ria, a elei\u00e7\u00e3o ocorrer\u00e1 no dia 2 de junho, das 9h \u00e0s 18h.<!-- notionvc: eaaba353-3343-448e-b531-3a51bf2a64e0 --><br \/>\n<!-- notionvc: 7f253c98-5d9e-4180-b80e-116f5b21ec71 --><\/p>\n<p>Respeitosamente,<\/p>\n<p>&nbsp;<\/p>\n<p style=\"text-align: center;\"><em>Jos\u00e9 Edmundo Barros de Lacerda<\/em><br \/>\nMembro da Junta de Julgamento<\/p>\n<p>&nbsp;<\/p>\n<p style=\"text-align: center;\"><em>Ot\u00e1vio Tavares de Moraes Neto<\/em><br \/>\nMembro da Junta de Julgamento<\/p>\n<p>&nbsp;<\/p>\n<p style=\"text-align: center;\"><em>Vl\u00e1dia Bezerra do Carmo<\/em><br \/>\nMembro da Junta de Julgamento<\/p>\n<p><!-- notionvc: 2d82490e-efe2-4b0f-a7f7-b69a8892833e --><\/p>\n","protected":false},"excerpt":{"rendered":"<p>A Junta de Julgamento do SINPROFAZ comunica que duas (2) chapas efetuaram registro para a elei\u00e7\u00e3o da Diretoria referente ao bi\u00eanio 2025\/2027. Candidatas e candidatos atendem \u00e0s exig\u00eancias estatut\u00e1rias. Conforme decis\u00e3o da AGO, a elei\u00e7\u00e3o ocorrer\u00e1 no dia 2 de junho.<\/p>\n","protected":false},"author":2,"featured_media":0,"comment_status":"open","ping_status":"open","sticky":false,"template":"","format":"standard","meta":{"footnotes":""},"categories":[8],"tags":[32,93,146,25],"featured_image_url":"https:\/\/dummyimage.com\/720x400","character_count":324,"formatted_date":"07\/05\/2025 - 14:08","contentNovo":"Senhoras e Senhores Procuradoras e Procuradores da Fazenda Nacional,\r\n\r\nA Junta de Julgamento do SINPROFAZ, no uso de suas atribui\u00e7\u00f5es estatut\u00e1rias, comunica que <a class=\"notion-link-token notion-focusable-token notion-enable-hover\" tabindex=\"0\" href=\"https:\/\/sinprofaz.org.br\/2024\/wp-content\/uploads\/2025\/05\/Comunicado_n._1_Junta_de_Julgamento_do_SINPROFAZ_assinado_assinado.pdf\" rel=\"noopener noreferrer\" data-token-index=\"1\">duas (2) chapas efetuaram registro<\/a> para a elei\u00e7\u00e3o da Diretoria referente ao bi\u00eanio 2025\/2027. Candidatas e candidatos atendem \u00e0s exig\u00eancias estatut\u00e1rias. Conforme decis\u00e3o da Assembleia Geral Ordin\u00e1ria, a elei\u00e7\u00e3o ocorrer\u00e1 no dia 2 de junho, das 9h \u00e0s 18h.\r\n\r\n\r\nRespeitosamente,\r\n\r\n&nbsp;\r\n<p style=\"text-align: center;\"><em>Jos\u00e9 Edmundo Barros de Lacerda<\/em>\r\nMembro da Junta de Julgamento<\/p>\r\n&nbsp;\r\n<p style=\"text-align: center;\"><em>Ot\u00e1vio Tavares de Moraes Neto<\/em>\r\nMembro da Junta de Julgamento<\/p>\r\n&nbsp;\r\n<p style=\"text-align: center;\"><em>Vl\u00e1dia Bezerra do Carmo<\/em>\r\nMembro da Junta de Julgamento<\/p>\r\n","_links":{"self":[{"href":"https:\/\/sinprofaz.org.br\/2024\/wp-json\/wp\/v2\/posts\/19628"}],"collection":[{"href":"https:\/\/sinprofaz.org.br\/2024\/wp-json\/wp\/v2\/posts"}],"about":[{"href":"https:\/\/sinprofaz.org.br\/2024\/wp-json\/wp\/v2\/types\/post"}],"author":[{"embeddable":true,"href":"https:\/\/sinprofaz.org.br\/2024\/wp-json\/wp\/v2\/users\/2"}],"replies":[{"embeddable":true,"href":"https:\/\/sinprofaz.org.br\/2024\/wp-json\/wp\/v2\/comments?post=19628"}],"version-history":[{"count":2,"href":"https:\/\/sinprofaz.org.br\/2024\/wp-json\/wp\/v2\/posts\/19628\/revisions"}],"predecessor-version":[{"id":19630,"href":"https:\/\/sinprofaz.org.br\/2024\/wp-json\/wp\/v2\/posts\/19628\/revisions\/19630"}],"wp:attachment":[{"href":"https:\/\/sinprofaz.org.br\/2024\/wp-json\/wp\/v2\/media?parent=19628"}],"wp:term":[{"taxonomy":"category","embeddable":true,"href":"https:\/\/sinprofaz.org.br\/2024\/wp-json\/wp\/v2\/categories?post=19628"},{"taxonomy":"post_tag","embeddable":true,"href":"https:\/\/sinprofaz.org.br\/2024\/wp-json\/wp\/v2\/tags?post=19628"}],"curies":[{"name":"wp","href":"https:\/\/api.w.org\/{rel}","templated":true}]}}