{"id":19595,"date":"2025-04-25T14:00:03","date_gmt":"2025-04-25T17:00:03","guid":{"rendered":"https:\/\/sinprofaz.org.br\/2024\/?p=19595"},"modified":"2025-04-25T16:26:37","modified_gmt":"2025-04-25T19:26:37","slug":"joao-carlos-souto-lanca-obra-sobre-aborto-e-genero-na-suprema-corte-dos-eua","status":"publish","type":"post","link":"https:\/\/sinprofaz.org.br\/2024\/noticias\/joao-carlos-souto-lanca-obra-sobre-aborto-e-genero-na-suprema-corte-dos-eua\/","title":{"rendered":"JO\u00c3O CARLOS SOUTO LAN\u00c7A OBRA SOBRE ABORTO E G\u00caNERO NA SUPREMA CORTE DOS EUA"},"content":{"rendered":"<p>O SINPROFAZ, representado pelo diretor Roberto Rodrigues, compareceu na quarta-feira (23) ao evento de lan\u00e7amento da obra\u00a0<em><strong>Aborto e G\u00eanero na Suprema Corte dos Estados Unidos<\/strong><\/em>, de autoria do diretor da Escola Superior da AGU e ex-presidente do Sindicato, Jo\u00e3o Carlos Souto. O evento foi realizado na Biblioteca do Supremo Tribunal Federal e reuniu v\u00e1rios procuradores da Fazenda Nacional, al\u00e9m de autoridades como o presidente do STF,\u00a0Lu\u00eds Roberto Barroso, e a ex-senadora e ministra K\u00e1tia Abreu.<\/p>\n<p>Em discurso na ocasi\u00e3o do lan\u00e7amento, Jo\u00e3o Carlos Souto agradeceu a presen\u00e7a dos v\u00e1rios amigos. &#8220;Estou cercado de pessoas queridas e muito competentes, que comparecem a este evento no Dia Mundial do Livro, coincidentemente. O t\u00edtulo da obra hoje lan\u00e7ada indica tratar-se de estudo sobre um tribunal estrangeiro, o que implica a pesquisa de doutrina e jurisprud\u00eancia\u00a0produzidas em outro idioma e com outras caracter\u00edsticas &#8211; o que \u00e9 sempre desafiador&#8221;, ressaltou o diretor da Escola Superior da AGU.<\/p>\n<p>O ministro Lu\u00eds Roberto Barroso tamb\u00e9m fez uso da palavra. Segundo o presidente do STF, a obra lan\u00e7ada segue a linha que Jo\u00e3o Carlos Souto vem desenvolvendo como um dos grandes especialistas brasileiros nos temas da Suprema Corte dos EUA. &#8220;Conhe\u00e7o o Souto e conhe\u00e7o a qualidade do livro. Quem desejar ter um sabor do Direito Constitucional\u00a0Americano vai estar guiado pelas melhores m\u00e3os, que s\u00e3o as do autor: um grande conhecedor e explorador dos detalhes da jurisprud\u00eancia. Parab\u00e9ns, Souto!&#8221;<\/p>\n<p><strong>Sobre o lan\u00e7amento<br \/>\n<\/strong>A obra\u00a0<em><strong>Aborto e G\u00eanero na Suprema Corte dos Estados Unidos<\/strong><\/em>\u00a0contextualiza aspectos hist\u00f3ricos e imprime minuciosa an\u00e1lise jurisprudencial sobre as lutas das mulheres, com destaque para as vit\u00f3rias que pavimentaram a emancipa\u00e7\u00e3o feminina. O livro aborda como a Suprema Corte dos Estados Unidos tem decidido a respeito de temas diversos, como planejamento familiar (Griswold v. Connecticut, 1965), igualdade de oportunidades (U.S. v. Virginia, 1996) e\u00a0<em>equal pay<\/em>\u00a0(Ledbetter v. Goodyear, 2007).<\/p>\n<p><a href=\"https:\/\/www.grupogen.com.br\/livro-aborto-e-genero-na-suprema-corte-dos-estados-1-edicao-2025-joao-carlos-souto-editora-atlas-9786559776634\" target=\"_blank\" rel=\"noopener\">Publicado pela editora Gen\/Atlas<\/a>, o livro \u00e9 resultado da tese de doutorado de Jo\u00e3o Carlos Souto, que obteve nota m\u00e1xima da banca (<em>suma cum laude<\/em>). Segundo Arnaldo Sampaio de Moraes Godoy, advogado e livre-docente pela USP, &#8220;trata-se de marco bibliogr\u00e1fico indispens\u00e1vel para quem buscamos compreender, de forma comparada, o complexo tema &#8216;g\u00eanero&#8217; e suas implica\u00e7\u00f5es jur\u00eddicas, com refer\u00eancia na linha hist\u00f3rica e interpretativa da Suprema Corte dos Estados Unidos&#8221;.<\/p>\n\n\t\t<style type=\"text\/css\">\n\t\t\t#gallery-1 {\n\t\t\t\tmargin: auto;\n\t\t\t}\n\t\t\t#gallery-1 .gallery-item {\n\t\t\t\tfloat: left;\n\t\t\t\tmargin-top: 10px;\n\t\t\t\ttext-align: center;\n\t\t\t\twidth: 33%;\n\t\t\t}\n\t\t\t#gallery-1 img {\n\t\t\t\tborder: 2px solid #cfcfcf;\n\t\t\t}\n\t\t\t#gallery-1 .gallery-caption {\n\t\t\t\tmargin-left: 0;\n\t\t\t}\n\t\t\t\/* see gallery_shortcode() in wp-includes\/media.php *\/\n\t\t<\/style>\n\t\t<div id='gallery-1' class='gallery galleryid-19595 gallery-columns-3 gallery-size-thumbnail'><dl class='gallery-item'>\n\t\t\t<dt class='gallery-icon landscape'>\n\t\t\t\t<a href='https:\/\/sinprofaz.org.br\/2024\/wp-content\/uploads\/2025\/04\/2-7.png'><img loading=\"lazy\" decoding=\"async\" width=\"150\" height=\"150\" src=\"https:\/\/sinprofaz.org.br\/2024\/wp-content\/uploads\/2025\/04\/2-7-150x150.png\" class=\"attachment-thumbnail size-thumbnail\" alt=\"\" \/><\/a>\n\t\t\t<\/dt><\/dl><dl class='gallery-item'>\n\t\t\t<dt class='gallery-icon landscape'>\n\t\t\t\t<a href='https:\/\/sinprofaz.org.br\/2024\/wp-content\/uploads\/2025\/04\/3-7.png'><img loading=\"lazy\" decoding=\"async\" width=\"150\" height=\"150\" src=\"https:\/\/sinprofaz.org.br\/2024\/wp-content\/uploads\/2025\/04\/3-7-150x150.png\" class=\"attachment-thumbnail size-thumbnail\" alt=\"\" \/><\/a>\n\t\t\t<\/dt><\/dl><dl class='gallery-item'>\n\t\t\t<dt class='gallery-icon landscape'>\n\t\t\t\t<a href='https:\/\/sinprofaz.org.br\/2024\/wp-content\/uploads\/2025\/04\/4-5.png'><img loading=\"lazy\" decoding=\"async\" width=\"150\" height=\"150\" src=\"https:\/\/sinprofaz.org.br\/2024\/wp-content\/uploads\/2025\/04\/4-5-150x150.png\" class=\"attachment-thumbnail size-thumbnail\" alt=\"\" \/><\/a>\n\t\t\t<\/dt><\/dl><br style=\"clear: both\" \/><dl class='gallery-item'>\n\t\t\t<dt class='gallery-icon landscape'>\n\t\t\t\t<a href='https:\/\/sinprofaz.org.br\/2024\/wp-content\/uploads\/2025\/04\/5-4.png'><img loading=\"lazy\" decoding=\"async\" width=\"150\" height=\"150\" src=\"https:\/\/sinprofaz.org.br\/2024\/wp-content\/uploads\/2025\/04\/5-4-150x150.png\" class=\"attachment-thumbnail size-thumbnail\" alt=\"\" \/><\/a>\n\t\t\t<\/dt><\/dl><dl class='gallery-item'>\n\t\t\t<dt class='gallery-icon landscape'>\n\t\t\t\t<a href='https:\/\/sinprofaz.org.br\/2024\/wp-content\/uploads\/2025\/04\/6-4.png'><img loading=\"lazy\" decoding=\"async\" width=\"150\" height=\"150\" src=\"https:\/\/sinprofaz.org.br\/2024\/wp-content\/uploads\/2025\/04\/6-4-150x150.png\" class=\"attachment-thumbnail size-thumbnail\" alt=\"\" \/><\/a>\n\t\t\t<\/dt><\/dl><dl class='gallery-item'>\n\t\t\t<dt class='gallery-icon landscape'>\n\t\t\t\t<a href='https:\/\/sinprofaz.org.br\/2024\/wp-content\/uploads\/2025\/04\/7-3.png'><img loading=\"lazy\" decoding=\"async\" width=\"150\" height=\"150\" src=\"https:\/\/sinprofaz.org.br\/2024\/wp-content\/uploads\/2025\/04\/7-3-150x150.png\" class=\"attachment-thumbnail size-thumbnail\" alt=\"\" \/><\/a>\n\t\t\t<\/dt><\/dl><br style=\"clear: both\" \/><dl class='gallery-item'>\n\t\t\t<dt class='gallery-icon landscape'>\n\t\t\t\t<a href='https:\/\/sinprofaz.org.br\/2024\/wp-content\/uploads\/2025\/04\/8-3.png'><img loading=\"lazy\" decoding=\"async\" width=\"150\" height=\"150\" src=\"https:\/\/sinprofaz.org.br\/2024\/wp-content\/uploads\/2025\/04\/8-3-150x150.png\" class=\"attachment-thumbnail size-thumbnail\" alt=\"\" \/><\/a>\n\t\t\t<\/dt><\/dl><dl class='gallery-item'>\n\t\t\t<dt class='gallery-icon landscape'>\n\t\t\t\t<a href='https:\/\/sinprofaz.org.br\/2024\/wp-content\/uploads\/2025\/04\/9-3.png'><img loading=\"lazy\" decoding=\"async\" width=\"150\" height=\"150\" src=\"https:\/\/sinprofaz.org.br\/2024\/wp-content\/uploads\/2025\/04\/9-3-150x150.png\" class=\"attachment-thumbnail size-thumbnail\" alt=\"\" \/><\/a>\n\t\t\t<\/dt><\/dl>\n\t\t\t<br style='clear: both' \/>\n\t\t<\/div>\n\n<p><!-- notionvc: c373cb40-7818-4be8-a437-d399762289b4 --><\/p>\n","protected":false},"excerpt":{"rendered":"<p>O SINPROFAZ, representado por Roberto Rodrigues, compareceu ao evento de lan\u00e7amento da obra &#8220;Aborto e G\u00eanero na Suprema Corte dos Estados Unidos&#8221;, de autoria do diretor da ESAGU e ex-presidente do Sindicato, Jo\u00e3o Carlos Souto.<\/p>\n","protected":false},"author":2,"featured_media":19596,"comment_status":"open","ping_status":"open","sticky":false,"template":"","format":"standard","meta":{"footnotes":""},"categories":[8],"tags":[32,121,25],"featured_image_url":"https:\/\/sinprofaz.org.br\/2024\/wp-content\/uploads\/2025\/04\/1-11.png","character_count":1509,"formatted_date":"25\/04\/2025 - 14:00","contentNovo":"O SINPROFAZ, representado pelo diretor Roberto Rodrigues, compareceu na quarta-feira (23) ao evento de lan\u00e7amento da obra\u00a0<em><strong>Aborto e G\u00eanero na Suprema Corte dos Estados Unidos<\/strong><\/em>, de autoria do diretor da Escola Superior da AGU e ex-presidente do Sindicato, Jo\u00e3o Carlos Souto. O evento foi realizado na Biblioteca do Supremo Tribunal Federal e reuniu v\u00e1rios procuradores da Fazenda Nacional, al\u00e9m de autoridades como o presidente do STF,\u00a0Lu\u00eds Roberto Barroso, e a ex-senadora e ministra K\u00e1tia Abreu.\r\n\r\nEm discurso na ocasi\u00e3o do lan\u00e7amento, Jo\u00e3o Carlos Souto agradeceu a presen\u00e7a dos v\u00e1rios amigos. \"Estou cercado de pessoas queridas e muito competentes, que comparecem a este evento no Dia Mundial do Livro, coincidentemente. O t\u00edtulo da obra hoje lan\u00e7ada indica tratar-se de estudo sobre um tribunal estrangeiro, o que implica a pesquisa de doutrina e jurisprud\u00eancia\u00a0produzidas em outro idioma e com outras caracter\u00edsticas - o que \u00e9 sempre desafiador\", ressaltou o diretor da Escola Superior da AGU.\r\n\r\nO ministro Lu\u00eds Roberto Barroso tamb\u00e9m fez uso da palavra. Segundo o presidente do STF, a obra lan\u00e7ada segue a linha que Jo\u00e3o Carlos Souto vem desenvolvendo como um dos grandes especialistas brasileiros nos temas da Suprema Corte dos EUA. \"Conhe\u00e7o o Souto e conhe\u00e7o a qualidade do livro. Quem desejar ter um sabor do Direito Constitucional\u00a0Americano vai estar guiado pelas melhores m\u00e3os, que s\u00e3o as do autor: um grande conhecedor e explorador dos detalhes da jurisprud\u00eancia. Parab\u00e9ns, Souto!\"\r\n\r\n<strong>Sobre o lan\u00e7amento\r\n<\/strong>A obra\u00a0<em><strong>Aborto e G\u00eanero na Suprema Corte dos Estados Unidos<\/strong><\/em>\u00a0contextualiza aspectos hist\u00f3ricos e imprime minuciosa an\u00e1lise jurisprudencial sobre as lutas das mulheres, com destaque para as vit\u00f3rias que pavimentaram a emancipa\u00e7\u00e3o feminina. O livro aborda como a Suprema Corte dos Estados Unidos tem decidido a respeito de temas diversos, como planejamento familiar (Griswold v. Connecticut, 1965), igualdade de oportunidades (U.S. v. Virginia, 1996) e\u00a0<em>equal pay<\/em>\u00a0(Ledbetter v. Goodyear, 2007).\r\n\r\n<a href=\"https:\/\/www.grupogen.com.br\/livro-aborto-e-genero-na-suprema-corte-dos-estados-1-edicao-2025-joao-carlos-souto-editora-atlas-9786559776634\" target=\"_blank\" rel=\"noopener\">Publicado pela editora Gen\/Atlas<\/a>, o livro \u00e9 resultado da tese de doutorado de Jo\u00e3o Carlos Souto, que obteve nota m\u00e1xima da banca (<em>suma cum laude<\/em>). Segundo Arnaldo Sampaio de Moraes Godoy, advogado e livre-docente pela USP, \"trata-se de marco bibliogr\u00e1fico indispens\u00e1vel para quem buscamos compreender, de forma comparada, o complexo tema 'g\u00eanero' e suas implica\u00e7\u00f5es jur\u00eddicas, com refer\u00eancia na linha hist\u00f3rica e interpretativa da Suprema Corte dos Estados Unidos\".\r\n\r\n[gallery link=\"file\" ids=\"19597,19598,19599,19600,19601,19602,19603,19604\"]\r\n\r\n","_links":{"self":[{"href":"https:\/\/sinprofaz.org.br\/2024\/wp-json\/wp\/v2\/posts\/19595"}],"collection":[{"href":"https:\/\/sinprofaz.org.br\/2024\/wp-json\/wp\/v2\/posts"}],"about":[{"href":"https:\/\/sinprofaz.org.br\/2024\/wp-json\/wp\/v2\/types\/post"}],"author":[{"embeddable":true,"href":"https:\/\/sinprofaz.org.br\/2024\/wp-json\/wp\/v2\/users\/2"}],"replies":[{"embeddable":true,"href":"https:\/\/sinprofaz.org.br\/2024\/wp-json\/wp\/v2\/comments?post=19595"}],"version-history":[{"count":2,"href":"https:\/\/sinprofaz.org.br\/2024\/wp-json\/wp\/v2\/posts\/19595\/revisions"}],"predecessor-version":[{"id":19606,"href":"https:\/\/sinprofaz.org.br\/2024\/wp-json\/wp\/v2\/posts\/19595\/revisions\/19606"}],"wp:featuredmedia":[{"embeddable":true,"href":"https:\/\/sinprofaz.org.br\/2024\/wp-json\/wp\/v2\/media\/19596"}],"wp:attachment":[{"href":"https:\/\/sinprofaz.org.br\/2024\/wp-json\/wp\/v2\/media?parent=19595"}],"wp:term":[{"taxonomy":"category","embeddable":true,"href":"https:\/\/sinprofaz.org.br\/2024\/wp-json\/wp\/v2\/categories?post=19595"},{"taxonomy":"post_tag","embeddable":true,"href":"https:\/\/sinprofaz.org.br\/2024\/wp-json\/wp\/v2\/tags?post=19595"}],"curies":[{"name":"wp","href":"https:\/\/api.w.org\/{rel}","templated":true}]}}