{"id":1958,"date":"2014-10-29T18:56:16","date_gmt":"2014-10-29T18:56:16","guid":{"rendered":""},"modified":"-0001-11-30T00:00:00","modified_gmt":"-0001-11-30T03:00:00","slug":"movimento-nacional-pela-advocacia-publica-intensifica-mobilizacao-em-prol-da-pec-82-07","status":"publish","type":"post","link":"https:\/\/sinprofaz.org.br\/2024\/noticias\/movimento-nacional-pela-advocacia-publica-intensifica-mobilizacao-em-prol-da-pec-82-07\/","title":{"rendered":"Movimento Nacional pela Advocacia P\u00fablica intensifica mobiliza\u00e7\u00e3o em prol da PEC 82\/07"},"content":{"rendered":"<p><img loading=\"lazy\" decoding=\"async\" style=\"margin-right: 10px; margin-bottom: 5px; float: left;\" alt=\"foto01\" src=\"images\/noticias\/movimento-nacional-pela-adv-publica-intensifica-mobilizacao-em-prol-pec82-07\/foto01.jpg\" height=\"150\" width=\"200\" \/>Entidades sindicais e associativas que integram o Movimento tra\u00e7am estrat\u00e9gias para incrementar a atua\u00e7\u00e3o na C\u00e2mara pela aprova\u00e7\u00e3o da PEC da Probidade.<\/p>\n<p>Em reuni\u00e3o na manh\u00e3 desta quarta-feira, 29\/10, as entidades que integram o Movimento Nacional pela Advocacia P\u00fablica (SINPROFAZ, ANAPE, ANAUNI, UNAFE, ANAJUR, ANPAF, ANPPREV e APBC) reuniram-se na sede do SINPROFAZ para ultimar os procedimentos da mobiliza\u00e7\u00e3o permanente no Congresso Nacional com vistas a aprovar a PEC 82\/07.<\/p>\n<p>A reuni\u00e3o foi muita produtiva, no sentido de estabelecer par\u00e2metros para a atua\u00e7\u00e3o parlamentar e divulga\u00e7\u00e3o desse pleito junto aos parlamentares, nesta reta final do ano legislativo.<\/p>\n<p>O Movimento Nacional pela Advocacia P\u00fablica est\u00e1 muito confiante, neste momento em que o governo inicia uma nova etapa e se compromete com o fortalecimento das institui\u00e7\u00f5es do Estado brasileiro e promete primar pelo di\u00e1logo franco.<\/p>\n<p style=\"text-align: center;\"><img loading=\"lazy\" decoding=\"async\" style=\"margin-right: 5px;\" alt=\"foto02\" src=\"images\/noticias\/movimento-nacional-pela-adv-publica-intensifica-mobilizacao-em-prol-pec82-07\/foto02.jpg\" height=\"134\" width=\"200\" \/><img loading=\"lazy\" decoding=\"async\" alt=\"foto03\" src=\"images\/noticias\/movimento-nacional-pela-adv-publica-intensifica-mobilizacao-em-prol-pec82-07\/foto03.jpg\" height=\"134\" width=\"179\" \/><\/p>\n","protected":false},"excerpt":{"rendered":"<p>Entidades sindicais e associativas que integram o Movimento tra\u00e7am estrat\u00e9gias para incrementar a atua\u00e7\u00e3o na C\u00e2mara pela aprova\u00e7\u00e3o da PEC da Probidade.<\/p>\n","protected":false},"author":1,"featured_media":0,"comment_status":"closed","ping_status":"open","sticky":false,"template":"","format":"standard","meta":{"footnotes":""},"categories":[8],"tags":[],"featured_image_url":"https:\/\/dummyimage.com\/720x400","character_count":459,"formatted_date":"29\/10\/2014 - 18:56","contentNovo":"\r\n<p>Entidades sindicais e associativas que integram o Movimento tra\u00e7am estrat\u00e9gias para incrementar a atua\u00e7\u00e3o na C\u00e2mara pela aprova\u00e7\u00e3o da PEC da Probidade.<\/p>\r\n<p>Em reuni\u00e3o na manh\u00e3 desta quarta-feira, 29\/10, as entidades que integram o Movimento Nacional pela Advocacia P\u00fablica (SINPROFAZ, ANAPE, ANAUNI, UNAFE, ANAJUR, ANPAF, ANPPREV e APBC) reuniram-se na sede do SINPROFAZ para ultimar os procedimentos da mobiliza\u00e7\u00e3o permanente no Congresso Nacional com vistas a aprovar a PEC 82\/07.<\/p>\r\n<p>A reuni\u00e3o foi muita produtiva, no sentido de estabelecer par\u00e2metros para a atua\u00e7\u00e3o parlamentar e divulga\u00e7\u00e3o desse pleito junto aos parlamentares, nesta reta final do ano legislativo.<\/p>\r\n<p>O Movimento Nacional pela Advocacia P\u00fablica est\u00e1 muito confiante, neste momento em que o governo inicia uma nova etapa e se compromete com o fortalecimento das institui\u00e7\u00f5es do Estado brasileiro e promete primar pelo di\u00e1logo franco.<\/p>\r\n<p style=\"text-align: center;\"><\/p>","_links":{"self":[{"href":"https:\/\/sinprofaz.org.br\/2024\/wp-json\/wp\/v2\/posts\/1958"}],"collection":[{"href":"https:\/\/sinprofaz.org.br\/2024\/wp-json\/wp\/v2\/posts"}],"about":[{"href":"https:\/\/sinprofaz.org.br\/2024\/wp-json\/wp\/v2\/types\/post"}],"author":[{"embeddable":true,"href":"https:\/\/sinprofaz.org.br\/2024\/wp-json\/wp\/v2\/users\/1"}],"replies":[{"embeddable":true,"href":"https:\/\/sinprofaz.org.br\/2024\/wp-json\/wp\/v2\/comments?post=1958"}],"version-history":[{"count":0,"href":"https:\/\/sinprofaz.org.br\/2024\/wp-json\/wp\/v2\/posts\/1958\/revisions"}],"wp:attachment":[{"href":"https:\/\/sinprofaz.org.br\/2024\/wp-json\/wp\/v2\/media?parent=1958"}],"wp:term":[{"taxonomy":"category","embeddable":true,"href":"https:\/\/sinprofaz.org.br\/2024\/wp-json\/wp\/v2\/categories?post=1958"},{"taxonomy":"post_tag","embeddable":true,"href":"https:\/\/sinprofaz.org.br\/2024\/wp-json\/wp\/v2\/tags?post=1958"}],"curies":[{"name":"wp","href":"https:\/\/api.w.org\/{rel}","templated":true}]}}