{"id":1957,"date":"2014-10-29T18:50:13","date_gmt":"2014-10-29T18:50:13","guid":{"rendered":""},"modified":"-0001-11-30T00:00:00","modified_gmt":"-0001-11-30T03:00:00","slug":"deputado-paulo-teixeira-renova-apoio-a-pec-da-probidade","status":"publish","type":"post","link":"https:\/\/sinprofaz.org.br\/2024\/noticias\/deputado-paulo-teixeira-renova-apoio-a-pec-da-probidade\/","title":{"rendered":"Deputado Paulo Teixeira renova apoio \u00e0 PEC da Probidade"},"content":{"rendered":"<p><img loading=\"lazy\" decoding=\"async\" style=\"margin-right: 10px; margin-bottom: 5px; float: left;\" alt=\"deputado-paulo-teixeira-renova-apoio-pec-probidade\" src=\"images\/noticias\/deputado-paulo-teixeira-renova-apoio-pec-probidade.jpg\" height=\"150\" width=\"200\" \/>Deputado reeleito pelo PT de S\u00e3o Paulo, Paulo Teixeira reitera ades\u00e3o \u00e0 PEC 82\/07, comprometendo-se a atuar para que mat\u00e9ria seja inclu\u00edda na pauta do plen\u00e1rio da C\u00e2mara.<\/p>\n<p>Esta semana, o presidente do SINPROFAZ esteve reunido com v\u00e1rios parlamentares para consolidar apoios \u00e0 proposta que confere autonomia e prerrogativas \u00e0 Advocacia P\u00fablica.<\/p>\n<p>Entre as visitas a gabinetes e inst\u00e2ncias decis\u00f3rias da C\u00e2mara, destaque para a conversa com o deputado Paulo Teixeira, um dos grande aliados das pautas da Advocacia P\u00fablica na Casa. Ele inclusive foi o relator, em plen\u00e1rio, do projeto do novo CPC, assegurando o pagamento de honor\u00e1rios aos Advogados P\u00fablicos Federais.<\/p>\n","protected":false},"excerpt":{"rendered":"<p>Deputado reeleito pelo PT de S\u00e3o Paulo, Paulo Teixeira reitera ades\u00e3o \u00e0 PEC 82\/07, comprometendo-se a atuar para que mat\u00e9ria seja inclu\u00edda na pauta do plen\u00e1rio da C\u00e2mara.<\/p>\n","protected":false},"author":1,"featured_media":0,"comment_status":"closed","ping_status":"open","sticky":false,"template":"","format":"standard","meta":{"footnotes":""},"categories":[8],"tags":[],"featured_image_url":"https:\/\/dummyimage.com\/720x400","character_count":341,"formatted_date":"29\/10\/2014 - 18:50","contentNovo":"\r\n<p>Deputado reeleito pelo PT de S\u00e3o Paulo, Paulo Teixeira reitera ades\u00e3o \u00e0 PEC 82\/07, comprometendo-se a atuar para que mat\u00e9ria seja inclu\u00edda na pauta do plen\u00e1rio da C\u00e2mara.<\/p>\r\n<p>Esta semana, o presidente do SINPROFAZ esteve reunido com v\u00e1rios parlamentares para consolidar apoios \u00e0 proposta que confere autonomia e prerrogativas \u00e0 Advocacia P\u00fablica.<\/p>\r\n<p>Entre as visitas a gabinetes e inst\u00e2ncias decis\u00f3rias da C\u00e2mara, destaque para a conversa com o deputado Paulo Teixeira, um dos grande aliados das pautas da Advocacia P\u00fablica na Casa. Ele inclusive foi o relator, em plen\u00e1rio, do projeto do novo CPC, assegurando o pagamento de honor\u00e1rios aos Advogados P\u00fablicos Federais.<\/p>","_links":{"self":[{"href":"https:\/\/sinprofaz.org.br\/2024\/wp-json\/wp\/v2\/posts\/1957"}],"collection":[{"href":"https:\/\/sinprofaz.org.br\/2024\/wp-json\/wp\/v2\/posts"}],"about":[{"href":"https:\/\/sinprofaz.org.br\/2024\/wp-json\/wp\/v2\/types\/post"}],"author":[{"embeddable":true,"href":"https:\/\/sinprofaz.org.br\/2024\/wp-json\/wp\/v2\/users\/1"}],"replies":[{"embeddable":true,"href":"https:\/\/sinprofaz.org.br\/2024\/wp-json\/wp\/v2\/comments?post=1957"}],"version-history":[{"count":0,"href":"https:\/\/sinprofaz.org.br\/2024\/wp-json\/wp\/v2\/posts\/1957\/revisions"}],"wp:attachment":[{"href":"https:\/\/sinprofaz.org.br\/2024\/wp-json\/wp\/v2\/media?parent=1957"}],"wp:term":[{"taxonomy":"category","embeddable":true,"href":"https:\/\/sinprofaz.org.br\/2024\/wp-json\/wp\/v2\/categories?post=1957"},{"taxonomy":"post_tag","embeddable":true,"href":"https:\/\/sinprofaz.org.br\/2024\/wp-json\/wp\/v2\/tags?post=1957"}],"curies":[{"name":"wp","href":"https:\/\/api.w.org\/{rel}","templated":true}]}}