{"id":19554,"date":"2025-04-11T14:22:40","date_gmt":"2025-04-11T17:22:40","guid":{"rendered":"https:\/\/sinprofaz.org.br\/2024\/?p=19554"},"modified":"2025-04-11T14:22:40","modified_gmt":"2025-04-11T17:22:40","slug":"comissao-do-sinprofaz-atua-em-prol-da-carreira-no-congresso-nacional","status":"publish","type":"post","link":"https:\/\/sinprofaz.org.br\/2024\/noticias\/comissao-do-sinprofaz-atua-em-prol-da-carreira-no-congresso-nacional\/","title":{"rendered":"COMISS\u00c3O DO SINPROFAZ ATUA EM PROL DA CARREIRA NO CONGRESSO NACIONAL"},"content":{"rendered":"<p>A Comiss\u00e3o Permanente de Atua\u00e7\u00e3o Parlamentar do SINPROFAZ vem realizando um trabalho de excel\u00eancia junto \u00e0s Casas do Congresso Nacional. Ao longo desta semana, n\u00e3o foi diferente: com argumentos s\u00f3lidos e conhecimento t\u00e9cnico, os membros da Comiss\u00e3o visitaram uma s\u00e9rie de gabinetes na C\u00e2mara dos Deputados &#8211; oportunidades em que abordaram os temas priorit\u00e1rios para as Procuradoras e os Procuradores da Fazenda Nacional. A autonomia da Advocacia P\u00fablica, o fortalecimento das carreiras da AGU e a moderniza\u00e7\u00e3o da Institui\u00e7\u00e3o estiveram entre as pautas de destaque da semana.<\/p>\n<p><strong>Presid\u00eancia da CCJ<br \/>\n<\/strong>Com enorme honra, os representantes do SINPROFAZ foram recebidos pelo Presidente da Comiss\u00e3o de Constitui\u00e7\u00e3o e Justi\u00e7a e de Cidadania (CCJ) da C\u00e2mara dos Deputados, Paulo Azi (Uni\u00e3o\/BA). Ao Parlamentar e \u00e0 equipe do gabinete, os PFNs demonstraram a pertin\u00eancia do PL 5531\/2016, que se encontra pronto para a pauta na CCJ. Paulo Azi foi extremamente receptivo aos argumentos apresentados pelo SINPROFAZ, raz\u00e3o pela qual o Sindicato agradece profundamente a aten\u00e7\u00e3o do Deputado. Os agradecimentos sindicais se estendem ao Relator\u00a0Felipe Francischini (Uni\u00e3o\/PR), que j\u00e1 apresentou parecer pela constitucionalidade, juridicidade e t\u00e9cnica legislativa do PL 5531.<\/p>\n<p><strong>Aperfei\u00e7oamento da Lei Complementar<br \/>\n<\/strong>As melhorias necess\u00e1rias \u00e0 LC 73\/1993 tamb\u00e9m pautaram o trabalho da Comiss\u00e3o do SINPROFAZ. Para reuni\u00e3o no gabinete\u00a0do Deputado Lafayette de Andrada (Republicanos\/MG), Coordenador da Frente Parlamentar Mista em Defesa da Advocacia P\u00fablica, os representantes do Sindicato foram recebidos pela Assessora Legislativa Ana Paula Melo, que demonstrou amplo conhecimento sobre as expectativas dos Procuradores da Fazenda Nacional e as precau\u00e7\u00f5es essenciais ao processo de aperfei\u00e7oamento da LC. A referida norma disp\u00f5e sobre a Lei Org\u00e2nica da Advocacia-Geral da Uni\u00e3o e, por estar vigente h\u00e1 mais de trinta anos, carece de atualiza\u00e7\u00f5es alinhadas \u00e0 realidade dos Membros da AGU.<\/p>\n\n\t\t<style type=\"text\/css\">\n\t\t\t#gallery-1 {\n\t\t\t\tmargin: auto;\n\t\t\t}\n\t\t\t#gallery-1 .gallery-item {\n\t\t\t\tfloat: left;\n\t\t\t\tmargin-top: 10px;\n\t\t\t\ttext-align: center;\n\t\t\t\twidth: 33%;\n\t\t\t}\n\t\t\t#gallery-1 img {\n\t\t\t\tborder: 2px solid #cfcfcf;\n\t\t\t}\n\t\t\t#gallery-1 .gallery-caption {\n\t\t\t\tmargin-left: 0;\n\t\t\t}\n\t\t\t\/* see gallery_shortcode() in wp-includes\/media.php *\/\n\t\t<\/style>\n\t\t<div id='gallery-1' class='gallery galleryid-19554 gallery-columns-3 gallery-size-thumbnail'><dl class='gallery-item'>\n\t\t\t<dt class='gallery-icon landscape'>\n\t\t\t\t<a href='https:\/\/sinprofaz.org.br\/2024\/wp-content\/uploads\/2025\/04\/2-4.png'><img loading=\"lazy\" decoding=\"async\" width=\"150\" height=\"150\" src=\"https:\/\/sinprofaz.org.br\/2024\/wp-content\/uploads\/2025\/04\/2-4-150x150.png\" class=\"attachment-thumbnail size-thumbnail\" alt=\"\" \/><\/a>\n\t\t\t<\/dt><\/dl><dl class='gallery-item'>\n\t\t\t<dt class='gallery-icon landscape'>\n\t\t\t\t<a href='https:\/\/sinprofaz.org.br\/2024\/wp-content\/uploads\/2025\/04\/3-4.png'><img loading=\"lazy\" decoding=\"async\" width=\"150\" height=\"150\" src=\"https:\/\/sinprofaz.org.br\/2024\/wp-content\/uploads\/2025\/04\/3-4-150x150.png\" class=\"attachment-thumbnail size-thumbnail\" alt=\"\" \/><\/a>\n\t\t\t<\/dt><\/dl><dl class='gallery-item'>\n\t\t\t<dt class='gallery-icon landscape'>\n\t\t\t\t<a href='https:\/\/sinprofaz.org.br\/2024\/wp-content\/uploads\/2025\/04\/4-3.png'><img loading=\"lazy\" decoding=\"async\" width=\"150\" height=\"150\" src=\"https:\/\/sinprofaz.org.br\/2024\/wp-content\/uploads\/2025\/04\/4-3-150x150.png\" class=\"attachment-thumbnail size-thumbnail\" alt=\"\" \/><\/a>\n\t\t\t<\/dt><\/dl><br style=\"clear: both\" \/><dl class='gallery-item'>\n\t\t\t<dt class='gallery-icon landscape'>\n\t\t\t\t<a href='https:\/\/sinprofaz.org.br\/2024\/wp-content\/uploads\/2025\/04\/5-3.png'><img loading=\"lazy\" decoding=\"async\" width=\"150\" height=\"150\" src=\"https:\/\/sinprofaz.org.br\/2024\/wp-content\/uploads\/2025\/04\/5-3-150x150.png\" class=\"attachment-thumbnail size-thumbnail\" alt=\"\" \/><\/a>\n\t\t\t<\/dt><\/dl><dl class='gallery-item'>\n\t\t\t<dt class='gallery-icon landscape'>\n\t\t\t\t<a href='https:\/\/sinprofaz.org.br\/2024\/wp-content\/uploads\/2025\/04\/6-3.png'><img loading=\"lazy\" decoding=\"async\" width=\"150\" height=\"150\" src=\"https:\/\/sinprofaz.org.br\/2024\/wp-content\/uploads\/2025\/04\/6-3-150x150.png\" class=\"attachment-thumbnail size-thumbnail\" alt=\"\" \/><\/a>\n\t\t\t<\/dt><\/dl><dl class='gallery-item'>\n\t\t\t<dt class='gallery-icon landscape'>\n\t\t\t\t<a href='https:\/\/sinprofaz.org.br\/2024\/wp-content\/uploads\/2025\/04\/7-2.png'><img loading=\"lazy\" decoding=\"async\" width=\"150\" height=\"150\" src=\"https:\/\/sinprofaz.org.br\/2024\/wp-content\/uploads\/2025\/04\/7-2-150x150.png\" class=\"attachment-thumbnail size-thumbnail\" alt=\"\" \/><\/a>\n\t\t\t<\/dt><\/dl><br style=\"clear: both\" \/><dl class='gallery-item'>\n\t\t\t<dt class='gallery-icon landscape'>\n\t\t\t\t<a href='https:\/\/sinprofaz.org.br\/2024\/wp-content\/uploads\/2025\/04\/8-2.png'><img loading=\"lazy\" decoding=\"async\" width=\"150\" height=\"150\" src=\"https:\/\/sinprofaz.org.br\/2024\/wp-content\/uploads\/2025\/04\/8-2-150x150.png\" class=\"attachment-thumbnail size-thumbnail\" alt=\"\" \/><\/a>\n\t\t\t<\/dt><\/dl><dl class='gallery-item'>\n\t\t\t<dt class='gallery-icon landscape'>\n\t\t\t\t<a href='https:\/\/sinprofaz.org.br\/2024\/wp-content\/uploads\/2025\/04\/9-2.png'><img loading=\"lazy\" decoding=\"async\" width=\"150\" height=\"150\" src=\"https:\/\/sinprofaz.org.br\/2024\/wp-content\/uploads\/2025\/04\/9-2-150x150.png\" class=\"attachment-thumbnail size-thumbnail\" alt=\"\" \/><\/a>\n\t\t\t<\/dt><\/dl><dl class='gallery-item'>\n\t\t\t<dt class='gallery-icon landscape'>\n\t\t\t\t<a href='https:\/\/sinprofaz.org.br\/2024\/wp-content\/uploads\/2025\/04\/10-1.png'><img loading=\"lazy\" decoding=\"async\" width=\"150\" height=\"150\" src=\"https:\/\/sinprofaz.org.br\/2024\/wp-content\/uploads\/2025\/04\/10-1-150x150.png\" class=\"attachment-thumbnail size-thumbnail\" alt=\"\" \/><\/a>\n\t\t\t<\/dt><\/dl><br style=\"clear: both\" \/><dl class='gallery-item'>\n\t\t\t<dt class='gallery-icon landscape'>\n\t\t\t\t<a href='https:\/\/sinprofaz.org.br\/2024\/wp-content\/uploads\/2025\/04\/11.png'><img loading=\"lazy\" decoding=\"async\" width=\"150\" height=\"150\" src=\"https:\/\/sinprofaz.org.br\/2024\/wp-content\/uploads\/2025\/04\/11-150x150.png\" class=\"attachment-thumbnail size-thumbnail\" alt=\"\" \/><\/a>\n\t\t\t<\/dt><\/dl><dl class='gallery-item'>\n\t\t\t<dt class='gallery-icon landscape'>\n\t\t\t\t<a href='https:\/\/sinprofaz.org.br\/2024\/wp-content\/uploads\/2025\/04\/12.png'><img loading=\"lazy\" decoding=\"async\" width=\"150\" height=\"150\" src=\"https:\/\/sinprofaz.org.br\/2024\/wp-content\/uploads\/2025\/04\/12-150x150.png\" class=\"attachment-thumbnail size-thumbnail\" alt=\"\" \/><\/a>\n\t\t\t<\/dt><\/dl><dl class='gallery-item'>\n\t\t\t<dt class='gallery-icon landscape'>\n\t\t\t\t<a href='https:\/\/sinprofaz.org.br\/2024\/wp-content\/uploads\/2025\/04\/13.png'><img loading=\"lazy\" decoding=\"async\" width=\"150\" height=\"150\" src=\"https:\/\/sinprofaz.org.br\/2024\/wp-content\/uploads\/2025\/04\/13-150x150.png\" class=\"attachment-thumbnail size-thumbnail\" alt=\"\" \/><\/a>\n\t\t\t<\/dt><\/dl><br style=\"clear: both\" \/><dl class='gallery-item'>\n\t\t\t<dt class='gallery-icon landscape'>\n\t\t\t\t<a href='https:\/\/sinprofaz.org.br\/2024\/wp-content\/uploads\/2025\/04\/14.png'><img loading=\"lazy\" decoding=\"async\" width=\"150\" height=\"150\" src=\"https:\/\/sinprofaz.org.br\/2024\/wp-content\/uploads\/2025\/04\/14-150x150.png\" class=\"attachment-thumbnail size-thumbnail\" alt=\"\" \/><\/a>\n\t\t\t<\/dt><\/dl><dl class='gallery-item'>\n\t\t\t<dt class='gallery-icon landscape'>\n\t\t\t\t<a href='https:\/\/sinprofaz.org.br\/2024\/wp-content\/uploads\/2025\/04\/15.png'><img loading=\"lazy\" decoding=\"async\" width=\"150\" height=\"150\" src=\"https:\/\/sinprofaz.org.br\/2024\/wp-content\/uploads\/2025\/04\/15-150x150.png\" class=\"attachment-thumbnail size-thumbnail\" alt=\"\" \/><\/a>\n\t\t\t<\/dt><\/dl><dl class='gallery-item'>\n\t\t\t<dt class='gallery-icon landscape'>\n\t\t\t\t<a href='https:\/\/sinprofaz.org.br\/2024\/wp-content\/uploads\/2025\/04\/16.png'><img loading=\"lazy\" decoding=\"async\" width=\"150\" height=\"150\" src=\"https:\/\/sinprofaz.org.br\/2024\/wp-content\/uploads\/2025\/04\/16-150x150.png\" class=\"attachment-thumbnail size-thumbnail\" alt=\"\" \/><\/a>\n\t\t\t<\/dt><\/dl><br style=\"clear: both\" \/>\n\t\t<\/div>\n\n<p><!-- notionvc: 22cbdbca-8b2a-41c0-8e00-a076f8ce571c --><\/p>\n","protected":false},"excerpt":{"rendered":"<p>A Comiss\u00e3o Permanente de Atua\u00e7\u00e3o Parlamentar do SINPROFAZ vem realizando um trabalho de excel\u00eancia junto \u00e0s Casas do Congresso Nacional. Ao longo desta semana, n\u00e3o foi diferente: os membros da Comiss\u00e3o visitaram uma s\u00e9rie de gabinetes na C\u00e2mara dos Deputados.<\/p>\n","protected":false},"author":2,"featured_media":19555,"comment_status":"open","ping_status":"open","sticky":false,"template":"","format":"standard","meta":{"footnotes":""},"categories":[8],"tags":[48,73,25],"featured_image_url":"https:\/\/sinprofaz.org.br\/2024\/wp-content\/uploads\/2025\/04\/1-6.png","character_count":1276,"formatted_date":"11\/04\/2025 - 14:22","contentNovo":"A Comiss\u00e3o Permanente de Atua\u00e7\u00e3o Parlamentar do SINPROFAZ vem realizando um trabalho de excel\u00eancia junto \u00e0s Casas do Congresso Nacional. Ao longo desta semana, n\u00e3o foi diferente: com argumentos s\u00f3lidos e conhecimento t\u00e9cnico, os membros da Comiss\u00e3o visitaram uma s\u00e9rie de gabinetes na C\u00e2mara dos Deputados - oportunidades em que abordaram os temas priorit\u00e1rios para as Procuradoras e os Procuradores da Fazenda Nacional. A autonomia da Advocacia P\u00fablica, o fortalecimento das carreiras da AGU e a moderniza\u00e7\u00e3o da Institui\u00e7\u00e3o estiveram entre as pautas de destaque da semana.\r\n\r\n<strong>Presid\u00eancia da CCJ\r\n<\/strong>Com enorme honra, os representantes do SINPROFAZ foram recebidos pelo Presidente da Comiss\u00e3o de Constitui\u00e7\u00e3o e Justi\u00e7a e de Cidadania (CCJ) da C\u00e2mara dos Deputados, Paulo Azi (Uni\u00e3o\/BA). Ao Parlamentar e \u00e0 equipe do gabinete, os PFNs demonstraram a pertin\u00eancia do PL 5531\/2016, que se encontra pronto para a pauta na CCJ. Paulo Azi foi extremamente receptivo aos argumentos apresentados pelo SINPROFAZ, raz\u00e3o pela qual o Sindicato agradece profundamente a aten\u00e7\u00e3o do Deputado. Os agradecimentos sindicais se estendem ao Relator\u00a0Felipe Francischini (Uni\u00e3o\/PR), que j\u00e1 apresentou parecer pela constitucionalidade, juridicidade e t\u00e9cnica legislativa do PL 5531.\r\n\r\n<strong>Aperfei\u00e7oamento da Lei Complementar\r\n<\/strong>As melhorias necess\u00e1rias \u00e0 LC 73\/1993 tamb\u00e9m pautaram o trabalho da Comiss\u00e3o do SINPROFAZ. Para reuni\u00e3o no gabinete\u00a0do Deputado Lafayette de Andrada (Republicanos\/MG), Coordenador da Frente Parlamentar Mista em Defesa da Advocacia P\u00fablica, os representantes do Sindicato foram recebidos pela Assessora Legislativa Ana Paula Melo, que demonstrou amplo conhecimento sobre as expectativas dos Procuradores da Fazenda Nacional e as precau\u00e7\u00f5es essenciais ao processo de aperfei\u00e7oamento da LC. A referida norma disp\u00f5e sobre a Lei Org\u00e2nica da Advocacia-Geral da Uni\u00e3o e, por estar vigente h\u00e1 mais de trinta anos, carece de atualiza\u00e7\u00f5es alinhadas \u00e0 realidade dos Membros da AGU.\r\n\r\n[gallery link=\"file\" ids=\"19556,19557,19558,19559,19560,19561,19562,19563,19564,19565,19566,19567,19568,19569,19570\"]\r\n\r\n","_links":{"self":[{"href":"https:\/\/sinprofaz.org.br\/2024\/wp-json\/wp\/v2\/posts\/19554"}],"collection":[{"href":"https:\/\/sinprofaz.org.br\/2024\/wp-json\/wp\/v2\/posts"}],"about":[{"href":"https:\/\/sinprofaz.org.br\/2024\/wp-json\/wp\/v2\/types\/post"}],"author":[{"embeddable":true,"href":"https:\/\/sinprofaz.org.br\/2024\/wp-json\/wp\/v2\/users\/2"}],"replies":[{"embeddable":true,"href":"https:\/\/sinprofaz.org.br\/2024\/wp-json\/wp\/v2\/comments?post=19554"}],"version-history":[{"count":1,"href":"https:\/\/sinprofaz.org.br\/2024\/wp-json\/wp\/v2\/posts\/19554\/revisions"}],"predecessor-version":[{"id":19571,"href":"https:\/\/sinprofaz.org.br\/2024\/wp-json\/wp\/v2\/posts\/19554\/revisions\/19571"}],"wp:featuredmedia":[{"embeddable":true,"href":"https:\/\/sinprofaz.org.br\/2024\/wp-json\/wp\/v2\/media\/19555"}],"wp:attachment":[{"href":"https:\/\/sinprofaz.org.br\/2024\/wp-json\/wp\/v2\/media?parent=19554"}],"wp:term":[{"taxonomy":"category","embeddable":true,"href":"https:\/\/sinprofaz.org.br\/2024\/wp-json\/wp\/v2\/categories?post=19554"},{"taxonomy":"post_tag","embeddable":true,"href":"https:\/\/sinprofaz.org.br\/2024\/wp-json\/wp\/v2\/tags?post=19554"}],"curies":[{"name":"wp","href":"https:\/\/api.w.org\/{rel}","templated":true}]}}