{"id":19533,"date":"2025-04-07T17:26:42","date_gmt":"2025-04-07T20:26:42","guid":{"rendered":"https:\/\/sinprofaz.org.br\/2024\/?p=19533"},"modified":"2025-04-08T11:08:43","modified_gmt":"2025-04-08T14:08:43","slug":"encontro-do-mapa-reuniu-entidades-da-advocacia-publica-federal","status":"publish","type":"post","link":"https:\/\/sinprofaz.org.br\/2024\/noticias\/encontro-do-mapa-reuniu-entidades-da-advocacia-publica-federal\/","title":{"rendered":"ENCONTRO DO MAPA REUNIU ENTIDADES DA ADVOCACIA P\u00daBLICA FEDERAL"},"content":{"rendered":"<p>O SINPROFAZ, representado pela presidente, Iolanda Guindani, participou ao longo da \u00faltima semana do encontro promovido pelo Movimento dos Advogados P\u00fablicos Aposentados &#8211; MAPA. O evento ocorreu em Po\u00e7os de Caldas\/MG sob a coordena\u00e7\u00e3o de Vera L\u00facia Abreu, a quem o Sindicato dirige os cumprimentos pela organiza\u00e7\u00e3o e pertin\u00eancia do encontro. Outras entidades da Advocacia P\u00fablica Federal tamb\u00e9m apoiaram e marcaram presen\u00e7a.<\/p>\n<p>O encontro do MAPA objetivou o congra\u00e7amento e estreitamento de la\u00e7os entre os Membros da AGU. Os debates realizados durante o evento abordaram os principais desafios das carreiras e as perspectivas para o futuro da Advocacia-Geral da Uni\u00e3o. A aproxima\u00e7\u00e3o entre ativos e aposentados foi um dos mais importantes frutos do encontro.<\/p>\n<p><strong>Prerrogativas<br \/>\n<\/strong>O evento &#8211; oportunamente realizado pelo Movimento dos Advogados P\u00fablicos Aposentados &#8211; foi prestigiado por\u00a0Marcelo Gorski, representante dos procuradores federais no CCHA. Em aten\u00e7\u00e3o aos presentes, o conselheiro sanou d\u00favidas e respondeu a todos os questionamentos de maneira franca e direta. Com respeito e compreens\u00e3o, tamb\u00e9m acolheu as cobran\u00e7as por maior celeridade na concretiza\u00e7\u00e3o dos direitos dos Membros.<\/p>\n\n\t\t<style type=\"text\/css\">\n\t\t\t#gallery-1 {\n\t\t\t\tmargin: auto;\n\t\t\t}\n\t\t\t#gallery-1 .gallery-item {\n\t\t\t\tfloat: left;\n\t\t\t\tmargin-top: 10px;\n\t\t\t\ttext-align: center;\n\t\t\t\twidth: 33%;\n\t\t\t}\n\t\t\t#gallery-1 img {\n\t\t\t\tborder: 2px solid #cfcfcf;\n\t\t\t}\n\t\t\t#gallery-1 .gallery-caption {\n\t\t\t\tmargin-left: 0;\n\t\t\t}\n\t\t\t\/* see gallery_shortcode() in wp-includes\/media.php *\/\n\t\t<\/style>\n\t\t<div id='gallery-1' class='gallery galleryid-19533 gallery-columns-3 gallery-size-thumbnail'><dl class='gallery-item'>\n\t\t\t<dt class='gallery-icon landscape'>\n\t\t\t\t<a href='https:\/\/sinprofaz.org.br\/2024\/wp-content\/uploads\/2025\/04\/2-3.png'><img loading=\"lazy\" decoding=\"async\" width=\"150\" height=\"150\" src=\"https:\/\/sinprofaz.org.br\/2024\/wp-content\/uploads\/2025\/04\/2-3-150x150.png\" class=\"attachment-thumbnail size-thumbnail\" alt=\"\" \/><\/a>\n\t\t\t<\/dt><\/dl><dl class='gallery-item'>\n\t\t\t<dt class='gallery-icon landscape'>\n\t\t\t\t<a href='https:\/\/sinprofaz.org.br\/2024\/wp-content\/uploads\/2025\/04\/3-3.png'><img loading=\"lazy\" decoding=\"async\" width=\"150\" height=\"150\" src=\"https:\/\/sinprofaz.org.br\/2024\/wp-content\/uploads\/2025\/04\/3-3-150x150.png\" class=\"attachment-thumbnail size-thumbnail\" alt=\"\" \/><\/a>\n\t\t\t<\/dt><\/dl><dl class='gallery-item'>\n\t\t\t<dt class='gallery-icon landscape'>\n\t\t\t\t<a href='https:\/\/sinprofaz.org.br\/2024\/wp-content\/uploads\/2025\/04\/4-2.png'><img loading=\"lazy\" decoding=\"async\" width=\"150\" height=\"150\" src=\"https:\/\/sinprofaz.org.br\/2024\/wp-content\/uploads\/2025\/04\/4-2-150x150.png\" class=\"attachment-thumbnail size-thumbnail\" alt=\"\" \/><\/a>\n\t\t\t<\/dt><\/dl><br style=\"clear: both\" \/><dl class='gallery-item'>\n\t\t\t<dt class='gallery-icon landscape'>\n\t\t\t\t<a href='https:\/\/sinprofaz.org.br\/2024\/wp-content\/uploads\/2025\/04\/5-2.png'><img loading=\"lazy\" decoding=\"async\" width=\"150\" height=\"150\" src=\"https:\/\/sinprofaz.org.br\/2024\/wp-content\/uploads\/2025\/04\/5-2-150x150.png\" class=\"attachment-thumbnail size-thumbnail\" alt=\"\" \/><\/a>\n\t\t\t<\/dt><\/dl><dl class='gallery-item'>\n\t\t\t<dt class='gallery-icon landscape'>\n\t\t\t\t<a href='https:\/\/sinprofaz.org.br\/2024\/wp-content\/uploads\/2025\/04\/6-2.png'><img loading=\"lazy\" decoding=\"async\" width=\"150\" height=\"150\" src=\"https:\/\/sinprofaz.org.br\/2024\/wp-content\/uploads\/2025\/04\/6-2-150x150.png\" class=\"attachment-thumbnail size-thumbnail\" alt=\"\" \/><\/a>\n\t\t\t<\/dt><\/dl><dl class='gallery-item'>\n\t\t\t<dt class='gallery-icon landscape'>\n\t\t\t\t<a href='https:\/\/sinprofaz.org.br\/2024\/wp-content\/uploads\/2025\/04\/7-1.png'><img loading=\"lazy\" decoding=\"async\" width=\"150\" height=\"150\" src=\"https:\/\/sinprofaz.org.br\/2024\/wp-content\/uploads\/2025\/04\/7-1-150x150.png\" class=\"attachment-thumbnail size-thumbnail\" alt=\"\" \/><\/a>\n\t\t\t<\/dt><\/dl><br style=\"clear: both\" \/><dl class='gallery-item'>\n\t\t\t<dt class='gallery-icon landscape'>\n\t\t\t\t<a href='https:\/\/sinprofaz.org.br\/2024\/wp-content\/uploads\/2025\/04\/8-1.png'><img loading=\"lazy\" decoding=\"async\" width=\"150\" height=\"150\" src=\"https:\/\/sinprofaz.org.br\/2024\/wp-content\/uploads\/2025\/04\/8-1-150x150.png\" class=\"attachment-thumbnail size-thumbnail\" alt=\"\" \/><\/a>\n\t\t\t<\/dt><\/dl><dl class='gallery-item'>\n\t\t\t<dt class='gallery-icon landscape'>\n\t\t\t\t<a href='https:\/\/sinprofaz.org.br\/2024\/wp-content\/uploads\/2025\/04\/9-1.png'><img loading=\"lazy\" decoding=\"async\" width=\"150\" height=\"150\" src=\"https:\/\/sinprofaz.org.br\/2024\/wp-content\/uploads\/2025\/04\/9-1-150x150.png\" class=\"attachment-thumbnail size-thumbnail\" alt=\"\" \/><\/a>\n\t\t\t<\/dt><\/dl>\n\t\t\t<br style='clear: both' \/>\n\t\t<\/div>\n\n<p><!-- notionvc: 01035181-94f7-4fb8-a4ec-90859ba12cdc --><\/p>\n","protected":false},"excerpt":{"rendered":"<p>O SINPROFAZ participou ao longo da \u00faltima semana do encontro promovido pelo Movimento dos Advogados P\u00fablicos Aposentados &#8211; MAPA. O evento ocorreu em Po\u00e7os de Caldas\/MG. Outras entidades da Advocacia P\u00fablica Federal tamb\u00e9m apoiaram e marcaram presen\u00e7a.<\/p>\n","protected":false},"author":2,"featured_media":19534,"comment_status":"open","ping_status":"open","sticky":false,"template":"","format":"standard","meta":{"footnotes":""},"categories":[8],"tags":[34,71,29],"featured_image_url":"https:\/\/sinprofaz.org.br\/2024\/wp-content\/uploads\/2025\/04\/1-4.png","character_count":838,"formatted_date":"07\/04\/2025 - 17:26","contentNovo":"O SINPROFAZ, representado pela presidente, Iolanda Guindani, participou ao longo da \u00faltima semana do encontro promovido pelo Movimento dos Advogados P\u00fablicos Aposentados - MAPA. O evento ocorreu em Po\u00e7os de Caldas\/MG sob a coordena\u00e7\u00e3o de Vera L\u00facia Abreu, a quem o Sindicato dirige os cumprimentos pela organiza\u00e7\u00e3o e pertin\u00eancia do encontro. Outras entidades da Advocacia P\u00fablica Federal tamb\u00e9m apoiaram e marcaram presen\u00e7a.\r\n\r\nO encontro do MAPA objetivou o congra\u00e7amento e estreitamento de la\u00e7os entre os Membros da AGU. Os debates realizados durante o evento abordaram os principais desafios das carreiras e as perspectivas para o futuro da Advocacia-Geral da Uni\u00e3o. A aproxima\u00e7\u00e3o entre ativos e aposentados foi um dos mais importantes frutos do encontro.\r\n\r\n<strong>Prerrogativas\r\n<\/strong>O evento - oportunamente realizado pelo Movimento dos Advogados P\u00fablicos Aposentados - foi prestigiado por\u00a0Marcelo Gorski, representante dos procuradores federais no CCHA. Em aten\u00e7\u00e3o aos presentes, o conselheiro sanou d\u00favidas e respondeu a todos os questionamentos de maneira franca e direta. Com respeito e compreens\u00e3o, tamb\u00e9m acolheu as cobran\u00e7as por maior celeridade na concretiza\u00e7\u00e3o dos direitos dos Membros.\r\n\r\n[gallery link=\"file\" ids=\"19535,19536,19537,19538,19539,19540,19542,19543\"]\r\n\r\n","_links":{"self":[{"href":"https:\/\/sinprofaz.org.br\/2024\/wp-json\/wp\/v2\/posts\/19533"}],"collection":[{"href":"https:\/\/sinprofaz.org.br\/2024\/wp-json\/wp\/v2\/posts"}],"about":[{"href":"https:\/\/sinprofaz.org.br\/2024\/wp-json\/wp\/v2\/types\/post"}],"author":[{"embeddable":true,"href":"https:\/\/sinprofaz.org.br\/2024\/wp-json\/wp\/v2\/users\/2"}],"replies":[{"embeddable":true,"href":"https:\/\/sinprofaz.org.br\/2024\/wp-json\/wp\/v2\/comments?post=19533"}],"version-history":[{"count":2,"href":"https:\/\/sinprofaz.org.br\/2024\/wp-json\/wp\/v2\/posts\/19533\/revisions"}],"predecessor-version":[{"id":19544,"href":"https:\/\/sinprofaz.org.br\/2024\/wp-json\/wp\/v2\/posts\/19533\/revisions\/19544"}],"wp:featuredmedia":[{"embeddable":true,"href":"https:\/\/sinprofaz.org.br\/2024\/wp-json\/wp\/v2\/media\/19534"}],"wp:attachment":[{"href":"https:\/\/sinprofaz.org.br\/2024\/wp-json\/wp\/v2\/media?parent=19533"}],"wp:term":[{"taxonomy":"category","embeddable":true,"href":"https:\/\/sinprofaz.org.br\/2024\/wp-json\/wp\/v2\/categories?post=19533"},{"taxonomy":"post_tag","embeddable":true,"href":"https:\/\/sinprofaz.org.br\/2024\/wp-json\/wp\/v2\/tags?post=19533"}],"curies":[{"name":"wp","href":"https:\/\/api.w.org\/{rel}","templated":true}]}}