{"id":1953,"date":"2014-10-24T16:24:12","date_gmt":"2014-10-24T16:24:12","guid":{"rendered":""},"modified":"-0001-11-30T00:00:00","modified_gmt":"-0001-11-30T03:00:00","slug":"sinprofaz-e-unafe-divulgam-edital-de-lista-triplice-para-indicacao-na-escolha-do-proximo-advogado-geral-da-uniao","status":"publish","type":"post","link":"https:\/\/sinprofaz.org.br\/2024\/noticias\/sinprofaz-e-unafe-divulgam-edital-de-lista-triplice-para-indicacao-na-escolha-do-proximo-advogado-geral-da-uniao\/","title":{"rendered":"SINPROFAZ e Unafe divulgam Edital de lista tr\u00edplice para indica\u00e7\u00e3o na escolha do pr\u00f3ximo Advogado-Geral da Uni\u00e3o"},"content":{"rendered":"<p>Os Dirigentes das entidades representativas destacam que a lista atende a um anseio generalizado em suas respectivas bases e que, por esta raz\u00e3o, o tema \u00e9 considerado priorit\u00e1rio. Tamb\u00e9m h\u00e1 consenso de que o momento pol\u00edtico pelo qual passa o pa\u00eds torna-se oportuno para lan\u00e7amento da lista.<\/p>\n<p>Os Dirigentes afirmam ainda que o processo de lan\u00e7amento da lista est\u00e1 aberto \u00e0 ades\u00e3o de outras entidades representativas da Advocacia P\u00fablica Federal, sendo bem-vindas aquelas que ainda pretendem debater internamente a quest\u00e3o e se posicionar posteriormente sobre a medida.<\/p>\n<p>A consulta \u00e0 Carreira refor\u00e7a a legitimidade dos nomes e busca a cria\u00e7\u00e3o de uma cultura de escolha dos Dirigentes da Institui\u00e7\u00e3o. Os Dirigentes destacam que o mesmo ocorreu com o Minist\u00e9rio P\u00fablico Federal e com a Defensoria P\u00fablica da Uni\u00e3o.<\/p>\n<p>Atualmente a Advocacia-Geral da Uni\u00e3o \u00e9 chefiada pelo Procurador da Fazenda Nacional, Luis In\u00e1cio Lucena Adams. Desde 2009 o Advogado P\u00fablico Federal, que atuou \u00e0 frente da Procuradoria-Geral da Fazenda Nacional, exerce o controle da Institui\u00e7\u00e3o.<\/p>\n<p>A comiss\u00e3o eleitoral ser\u00e1 formada por Advogados P\u00fablicos Federais indicados pelas Diretorias do SINPROFAZ e da Unafe.<\/p>\n<p><a href=\"\/pdfs\/edital-lista-triplice.pdf\" target=\"_blank\">Clique aqui<\/a> para ter acesso ao Edital.<\/p>\n","protected":false},"excerpt":{"rendered":"<p>Em atendimento a um pleito considerado priorit\u00e1rio, as Diretorias do SINPROFAZ e da Unafe disponibilizam nesta sexta-feira, 24, Edital para formula\u00e7\u00e3o de lista tr\u00edplice com membros das carreiras da AGU para ocupa\u00e7\u00e3o do cargo m\u00e1ximo na Institui\u00e7\u00e3o.<\/p>\n","protected":false},"author":1,"featured_media":0,"comment_status":"closed","ping_status":"open","sticky":false,"template":"","format":"standard","meta":{"footnotes":""},"categories":[8],"tags":[],"featured_image_url":"https:\/\/dummyimage.com\/720x400","character_count":625,"formatted_date":"24\/10\/2014 - 16:24","contentNovo":"\r\n<p>Os Dirigentes das entidades representativas destacam que a lista atende a um anseio generalizado em suas respectivas bases e que, por esta raz\u00e3o, o tema \u00e9 considerado priorit\u00e1rio. Tamb\u00e9m h\u00e1 consenso de que o momento pol\u00edtico pelo qual passa o pa\u00eds torna-se oportuno para lan\u00e7amento da lista.<\/p>\r\n<p>Os Dirigentes afirmam ainda que o processo de lan\u00e7amento da lista est\u00e1 aberto \u00e0 ades\u00e3o de outras entidades representativas da Advocacia P\u00fablica Federal, sendo bem-vindas aquelas que ainda pretendem debater internamente a quest\u00e3o e se posicionar posteriormente sobre a medida.<\/p>\r\n<p>A consulta \u00e0 Carreira refor\u00e7a a legitimidade dos nomes e busca a cria\u00e7\u00e3o de uma cultura de escolha dos Dirigentes da Institui\u00e7\u00e3o. Os Dirigentes destacam que o mesmo ocorreu com o Minist\u00e9rio P\u00fablico Federal e com a Defensoria P\u00fablica da Uni\u00e3o.<\/p>\r\n<p>Atualmente a Advocacia-Geral da Uni\u00e3o \u00e9 chefiada pelo Procurador da Fazenda Nacional, Luis In\u00e1cio Lucena Adams. Desde 2009 o Advogado P\u00fablico Federal, que atuou \u00e0 frente da Procuradoria-Geral da Fazenda Nacional, exerce o controle da Institui\u00e7\u00e3o.<\/p>\r\n<p>A comiss\u00e3o eleitoral ser\u00e1 formada por Advogados P\u00fablicos Federais indicados pelas Diretorias do SINPROFAZ e da Unafe.<\/p>\r\n<p><a href=\"\/pdfs\/edital-lista-triplice.pdf\" target=\"_blank\">Clique aqui<\/a> para ter acesso ao Edital.<\/p>","_links":{"self":[{"href":"https:\/\/sinprofaz.org.br\/2024\/wp-json\/wp\/v2\/posts\/1953"}],"collection":[{"href":"https:\/\/sinprofaz.org.br\/2024\/wp-json\/wp\/v2\/posts"}],"about":[{"href":"https:\/\/sinprofaz.org.br\/2024\/wp-json\/wp\/v2\/types\/post"}],"author":[{"embeddable":true,"href":"https:\/\/sinprofaz.org.br\/2024\/wp-json\/wp\/v2\/users\/1"}],"replies":[{"embeddable":true,"href":"https:\/\/sinprofaz.org.br\/2024\/wp-json\/wp\/v2\/comments?post=1953"}],"version-history":[{"count":0,"href":"https:\/\/sinprofaz.org.br\/2024\/wp-json\/wp\/v2\/posts\/1953\/revisions"}],"wp:attachment":[{"href":"https:\/\/sinprofaz.org.br\/2024\/wp-json\/wp\/v2\/media?parent=1953"}],"wp:term":[{"taxonomy":"category","embeddable":true,"href":"https:\/\/sinprofaz.org.br\/2024\/wp-json\/wp\/v2\/categories?post=1953"},{"taxonomy":"post_tag","embeddable":true,"href":"https:\/\/sinprofaz.org.br\/2024\/wp-json\/wp\/v2\/tags?post=1953"}],"curies":[{"name":"wp","href":"https:\/\/api.w.org\/{rel}","templated":true}]}}