{"id":19527,"date":"2025-04-07T08:28:13","date_gmt":"2025-04-07T11:28:13","guid":{"rendered":"https:\/\/sinprofaz.org.br\/2024\/?p=19527"},"modified":"2025-04-07T09:20:11","modified_gmt":"2025-04-07T12:20:11","slug":"pfn-felipe-duque-lanca-duas-novas-obras-conheca","status":"publish","type":"post","link":"https:\/\/sinprofaz.org.br\/2024\/noticias\/pfn-felipe-duque-lanca-duas-novas-obras-conheca\/","title":{"rendered":"PFN FELIPE DUQUE LAN\u00c7A DUAS NOVAS OBRAS. CONHE\u00c7A!"},"content":{"rendered":"<p>O SINPROFAZ convida a Carreira para conhecer as duas novas obras lan\u00e7adas pelo procurador da Fazenda Nacional\u00a0Felipe\u00a0Duque. Mestre em Direito Pol\u00edtico e Econ\u00f4mico pela Mackenzie\/SP, Duque integra a Carreira desde 2016, contribuindo voluntariamente para o N\u00facleo de Atua\u00e7\u00e3o junto ao STJ e a Coordena\u00e7\u00e3o de Assuntos Estrat\u00e9gicos Judiciais. Al\u00e9m de autor, tem experi\u00eancia na doc\u00eancia e \u00e9 um importante parceiro do Sindicato na recep\u00e7\u00e3o aos novos PFNs!<\/p>\n<p><strong>Reforma Tribut\u00e1ria Esquematizada<br \/>\n<\/strong>Em 2025, Duque lan\u00e7a a segunda edi\u00e7\u00e3o de sua obra sobre a Reforma Tribut\u00e1ria. Trata-se de um guia definitivo para compreender n\u00e3o apenas a reforma constitucional, mas tamb\u00e9m sua regulamenta\u00e7\u00e3o, consolidada pela LC 214\/2025. Se a primeira edi\u00e7\u00e3o trouxe uma an\u00e1lise detalhada da EC 132\/2023, esta nova vers\u00e3o vai al\u00e9m, destrinchando as regras de transi\u00e7\u00e3o, os regimes diferenciados, o Comit\u00ea Gestor do IBS e da CBS, a devolu\u00e7\u00e3o personalizada (cashback), o novo Imposto Seletivo e muito mais.<\/p>\n<p>O Direito Tribut\u00e1rio Brasileiro passa por sua maior transforma\u00e7\u00e3o desde a Constitui\u00e7\u00e3o Federal de 1988, e a obra\u00a0<em>Reforma Tribut\u00e1ria Esquematizada<\/em> \u00e9 essencial para quem busca entender a nova realidade e se preparar para ela. Com uma abordagem did\u00e1tica e cr\u00edtica, o autor apresenta um panorama das distor\u00e7\u00f5es do sistema anterior e explica, artigo por artigo, como funcionar\u00e1 a tributa\u00e7\u00e3o nos pr\u00f3ximos anos. Assim, esta segunda edi\u00e7\u00e3o torna a complexidade da Reforma compreens\u00edvel para todos os profissionais da \u00e1rea!<\/p>\n<p>Para saber mais, acesse:\u00a0<a href=\"https:\/\/bit.ly\/ReformaTribut%C3%A1riaEsquematizada\" target=\"_blank\" rel=\"noopener\">https:\/\/bit.ly\/ReformaTribut\u00e1riaEsquematizada<\/a><\/p>\n<p><strong>Manual de Processo Tribut\u00e1rio: Administrativo e Judicial<br \/>\n<\/strong>O Manual nasce para suprir uma car\u00eancia not\u00f3ria no mercado editorial jur\u00eddico, tanto para concursos p\u00fablicos quanto para a pr\u00e1tica forense. Apesar da vasta oferta de obras tradicionais, os materiais dispon\u00edveis n\u00e3o tratam, com a profundidade necess\u00e1ria, de temas recorrentes nos certames e no dia a dia de trabalho, como a execu\u00e7\u00e3o fiscal, as a\u00e7\u00f5es tribut\u00e1rias e o processo administrativo tribut\u00e1rio. O Manual foi pensado e elaborado, portanto, para atender \u00e0 demanda daqueles que buscam uma obra completa, atualizada e acess\u00edvel.<\/p>\n<p>Com clareza did\u00e1tica e profundidade de conte\u00fado, o livro explora detalhadamente tanto o Processo Judicial Tribut\u00e1rio (Leis de Execu\u00e7\u00e3o Fiscal, Cautelar Fiscal, A\u00e7\u00f5es Anulat\u00f3rias, Declarat\u00f3rias e Mandado de Seguran\u00e7a) quanto o Processo Administrativo Tribut\u00e1rio. Inclui ainda a Lei de Processo Administrativo Tribut\u00e1rio Federal e os principais princ\u00edpios que regem o entendimento do CARF, bem como as discuss\u00f5es do novo projeto da lei de execu\u00e7\u00e3o fiscal e da unifica\u00e7\u00e3o do processo tribut\u00e1rio do IBS fruto da EC 132\/2023.<\/p>\n<p>Para adquirir um exemplar, acesse:\u00a0<a href=\"https:\/\/bit.ly\/ManualProcessoTribut%C3%A1rio\" target=\"_blank\" rel=\"noopener\">https:\/\/bit.ly\/ManualProcessoTribut\u00e1rio<\/a><\/p>\n\n\t\t<style type=\"text\/css\">\n\t\t\t#gallery-1 {\n\t\t\t\tmargin: auto;\n\t\t\t}\n\t\t\t#gallery-1 .gallery-item {\n\t\t\t\tfloat: left;\n\t\t\t\tmargin-top: 10px;\n\t\t\t\ttext-align: center;\n\t\t\t\twidth: 33%;\n\t\t\t}\n\t\t\t#gallery-1 img {\n\t\t\t\tborder: 2px solid #cfcfcf;\n\t\t\t}\n\t\t\t#gallery-1 .gallery-caption {\n\t\t\t\tmargin-left: 0;\n\t\t\t}\n\t\t\t\/* see gallery_shortcode() in wp-includes\/media.php *\/\n\t\t<\/style>\n\t\t<div id='gallery-1' class='gallery galleryid-19527 gallery-columns-3 gallery-size-thumbnail'><dl class='gallery-item'>\n\t\t\t<dt class='gallery-icon landscape'>\n\t\t\t\t<a href='https:\/\/sinprofaz.org.br\/2024\/wp-content\/uploads\/2025\/04\/2-2.png'><img loading=\"lazy\" decoding=\"async\" width=\"150\" height=\"150\" src=\"https:\/\/sinprofaz.org.br\/2024\/wp-content\/uploads\/2025\/04\/2-2-150x150.png\" class=\"attachment-thumbnail size-thumbnail\" alt=\"\" \/><\/a>\n\t\t\t<\/dt><\/dl><dl class='gallery-item'>\n\t\t\t<dt class='gallery-icon landscape'>\n\t\t\t\t<a href='https:\/\/sinprofaz.org.br\/2024\/wp-content\/uploads\/2025\/04\/3-2.png'><img loading=\"lazy\" decoding=\"async\" width=\"150\" height=\"150\" src=\"https:\/\/sinprofaz.org.br\/2024\/wp-content\/uploads\/2025\/04\/3-2-150x150.png\" class=\"attachment-thumbnail size-thumbnail\" alt=\"\" \/><\/a>\n\t\t\t<\/dt><\/dl>\n\t\t\t<br style='clear: both' \/>\n\t\t<\/div>\n\n<p><!-- notionvc: fceaafdd-4815-4c4a-ac6b-472e5ca467a5 --><\/p>\n","protected":false},"excerpt":{"rendered":"<p>Mestre em Direito Pol\u00edtico e Econ\u00f4mico, Duque integra a Carreira desde 2016, contribuindo voluntariamente para o N\u00facleo de Atua\u00e7\u00e3o junto ao STJ e a Coordena\u00e7\u00e3o de Assuntos Estrat\u00e9gicos Judiciais. Al\u00e9m de autor, tem experi\u00eancia na doc\u00eancia e \u00e9 importante parceiro na recep\u00e7\u00e3o aos novos PFNs!<\/p>\n","protected":false},"author":2,"featured_media":19528,"comment_status":"open","ping_status":"open","sticky":false,"template":"","format":"standard","meta":{"footnotes":""},"categories":[8],"tags":[32,121],"featured_image_url":"https:\/\/sinprofaz.org.br\/2024\/wp-content\/uploads\/2025\/04\/1-3.png","character_count":1604,"formatted_date":"07\/04\/2025 - 08:28","contentNovo":"O SINPROFAZ convida a Carreira para conhecer as duas novas obras lan\u00e7adas pelo procurador da Fazenda Nacional\u00a0Felipe\u00a0Duque. Mestre em Direito Pol\u00edtico e Econ\u00f4mico pela Mackenzie\/SP, Duque integra a Carreira desde 2016, contribuindo voluntariamente para o N\u00facleo de Atua\u00e7\u00e3o junto ao STJ e a Coordena\u00e7\u00e3o de Assuntos Estrat\u00e9gicos Judiciais. Al\u00e9m de autor, tem experi\u00eancia na doc\u00eancia e \u00e9 um importante parceiro do Sindicato na recep\u00e7\u00e3o aos novos PFNs!\r\n\r\n<strong>Reforma Tribut\u00e1ria Esquematizada\r\n<\/strong>Em 2025, Duque lan\u00e7a a segunda edi\u00e7\u00e3o de sua obra sobre a Reforma Tribut\u00e1ria. Trata-se de um guia definitivo para compreender n\u00e3o apenas a reforma constitucional, mas tamb\u00e9m sua regulamenta\u00e7\u00e3o, consolidada pela LC 214\/2025. Se a primeira edi\u00e7\u00e3o trouxe uma an\u00e1lise detalhada da EC 132\/2023, esta nova vers\u00e3o vai al\u00e9m, destrinchando as regras de transi\u00e7\u00e3o, os regimes diferenciados, o Comit\u00ea Gestor do IBS e da CBS, a devolu\u00e7\u00e3o personalizada (cashback), o novo Imposto Seletivo e muito mais.\r\n\r\nO Direito Tribut\u00e1rio Brasileiro passa por sua maior transforma\u00e7\u00e3o desde a Constitui\u00e7\u00e3o Federal de 1988, e a obra\u00a0<em>Reforma Tribut\u00e1ria Esquematizada<\/em> \u00e9 essencial para quem busca entender a nova realidade e se preparar para ela. Com uma abordagem did\u00e1tica e cr\u00edtica, o autor apresenta um panorama das distor\u00e7\u00f5es do sistema anterior e explica, artigo por artigo, como funcionar\u00e1 a tributa\u00e7\u00e3o nos pr\u00f3ximos anos. Assim, esta segunda edi\u00e7\u00e3o torna a complexidade da Reforma compreens\u00edvel para todos os profissionais da \u00e1rea!\r\n\r\nPara saber mais, acesse:\u00a0<a href=\"https:\/\/bit.ly\/ReformaTribut%C3%A1riaEsquematizada\" target=\"_blank\" rel=\"noopener\">https:\/\/bit.ly\/ReformaTribut\u00e1riaEsquematizada<\/a>\r\n\r\n<strong>Manual de Processo Tribut\u00e1rio: Administrativo e Judicial\r\n<\/strong>O Manual nasce para suprir uma car\u00eancia not\u00f3ria no mercado editorial jur\u00eddico, tanto para concursos p\u00fablicos quanto para a pr\u00e1tica forense. Apesar da vasta oferta de obras tradicionais, os materiais dispon\u00edveis n\u00e3o tratam, com a profundidade necess\u00e1ria, de temas recorrentes nos certames e no dia a dia de trabalho, como a execu\u00e7\u00e3o fiscal, as a\u00e7\u00f5es tribut\u00e1rias e o processo administrativo tribut\u00e1rio. O Manual foi pensado e elaborado, portanto, para atender \u00e0 demanda daqueles que buscam uma obra completa, atualizada e acess\u00edvel.\r\n\r\nCom clareza did\u00e1tica e profundidade de conte\u00fado, o livro explora detalhadamente tanto o Processo Judicial Tribut\u00e1rio (Leis de Execu\u00e7\u00e3o Fiscal, Cautelar Fiscal, A\u00e7\u00f5es Anulat\u00f3rias, Declarat\u00f3rias e Mandado de Seguran\u00e7a) quanto o Processo Administrativo Tribut\u00e1rio. Inclui ainda a Lei de Processo Administrativo Tribut\u00e1rio Federal e os principais princ\u00edpios que regem o entendimento do CARF, bem como as discuss\u00f5es do novo projeto da lei de execu\u00e7\u00e3o fiscal e da unifica\u00e7\u00e3o do processo tribut\u00e1rio do IBS fruto da EC 132\/2023.\r\n\r\nPara adquirir um exemplar, acesse:\u00a0<a href=\"https:\/\/bit.ly\/ManualProcessoTribut%C3%A1rio\" target=\"_blank\" rel=\"noopener\">https:\/\/bit.ly\/ManualProcessoTribut\u00e1rio<\/a>\r\n\r\n[gallery link=\"file\" ids=\"19529,19530\"]\r\n\r\n","_links":{"self":[{"href":"https:\/\/sinprofaz.org.br\/2024\/wp-json\/wp\/v2\/posts\/19527"}],"collection":[{"href":"https:\/\/sinprofaz.org.br\/2024\/wp-json\/wp\/v2\/posts"}],"about":[{"href":"https:\/\/sinprofaz.org.br\/2024\/wp-json\/wp\/v2\/types\/post"}],"author":[{"embeddable":true,"href":"https:\/\/sinprofaz.org.br\/2024\/wp-json\/wp\/v2\/users\/2"}],"replies":[{"embeddable":true,"href":"https:\/\/sinprofaz.org.br\/2024\/wp-json\/wp\/v2\/comments?post=19527"}],"version-history":[{"count":2,"href":"https:\/\/sinprofaz.org.br\/2024\/wp-json\/wp\/v2\/posts\/19527\/revisions"}],"predecessor-version":[{"id":19532,"href":"https:\/\/sinprofaz.org.br\/2024\/wp-json\/wp\/v2\/posts\/19527\/revisions\/19532"}],"wp:featuredmedia":[{"embeddable":true,"href":"https:\/\/sinprofaz.org.br\/2024\/wp-json\/wp\/v2\/media\/19528"}],"wp:attachment":[{"href":"https:\/\/sinprofaz.org.br\/2024\/wp-json\/wp\/v2\/media?parent=19527"}],"wp:term":[{"taxonomy":"category","embeddable":true,"href":"https:\/\/sinprofaz.org.br\/2024\/wp-json\/wp\/v2\/categories?post=19527"},{"taxonomy":"post_tag","embeddable":true,"href":"https:\/\/sinprofaz.org.br\/2024\/wp-json\/wp\/v2\/tags?post=19527"}],"curies":[{"name":"wp","href":"https:\/\/api.w.org\/{rel}","templated":true}]}}