{"id":19514,"date":"2025-04-04T14:30:03","date_gmt":"2025-04-04T17:30:03","guid":{"rendered":"https:\/\/sinprofaz.org.br\/2024\/?p=19514"},"modified":"2025-04-04T16:54:29","modified_gmt":"2025-04-04T19:54:29","slug":"em-evento-comissao-da-oab-df-destaca-as-mulheres-da-advocacia-publica","status":"publish","type":"post","link":"https:\/\/sinprofaz.org.br\/2024\/noticias\/em-evento-comissao-da-oab-df-destaca-as-mulheres-da-advocacia-publica\/","title":{"rendered":"EM EVENTO, COMISS\u00c3O DA OAB\/DF DESTACA AS MULHERES DA ADVOCACIA P\u00daBLICA"},"content":{"rendered":"<p>A Comiss\u00e3o da Advocacia P\u00fablica Federal da Ordem dos Advogados do Brasil &#8211; Seccional Distrito Federal promoveu na quinta-feira (3) o semin\u00e1rio\u00a0<em>Mulheres na Advocacia P\u00fablica<\/em>. O evento foi realizado na sede da OAB\/DF e possibilitou debates importantes sobre a miss\u00e3o das advogadas p\u00fablicas. Entre as organizadoras do semin\u00e1rio esteve a filiada Herta Rani, vice-presidente da Comiss\u00e3o da Advocacia P\u00fablica Federal da OAB\/DF.<\/p>\n<p>O evento foi prestigiado por autoridades, como as deputadas federais Erika Kokay (PT\/DF) e Luciene Cavalcante (PSOL\/SP). Os debates tamb\u00e9m foram acompanhados pelo presidente da Seccional, Paulo Maur\u00edcio Siqueira; pela vice-presidente, Roberta \u01eaueiroz; e pelo ex-presidente da OAB\/DF D\u00e9lio Lins e Silva J\u00fanior. As procuradoras da Fazenda Nacional Herta Rani, Graziela Honorato e Regina Hirose compuseram o rol de palestrantes do semin\u00e1rio.<\/p>\n<p>Ao longo do evento, foram abordados diversos temas, a exemplo das pol\u00edticas p\u00fablicas implementadas pela Advocacia-Geral da Uni\u00e3o para ampliar o acesso das mulheres a direitos fundamentais.\u00a0As dificuldades e os desafios que as mulheres enfrentam para ocupar postos de lideran\u00e7a\u00a0tamb\u00e9m foram debatidos na ocasi\u00e3o. Por fim, palestrantes e p\u00fablico discutiram o acesso \u00e0 educa\u00e7\u00e3o e ao sistema de creches como ferramenta de impulsionamento do protagonismo feminino.<\/p>\n<p><!-- notionvc: 56481140-5e7a-4eb1-afa3-86d98c7736df --><\/p>\n\n\t\t<style type=\"text\/css\">\n\t\t\t#gallery-1 {\n\t\t\t\tmargin: auto;\n\t\t\t}\n\t\t\t#gallery-1 .gallery-item {\n\t\t\t\tfloat: left;\n\t\t\t\tmargin-top: 10px;\n\t\t\t\ttext-align: center;\n\t\t\t\twidth: 33%;\n\t\t\t}\n\t\t\t#gallery-1 img {\n\t\t\t\tborder: 2px solid #cfcfcf;\n\t\t\t}\n\t\t\t#gallery-1 .gallery-caption {\n\t\t\t\tmargin-left: 0;\n\t\t\t}\n\t\t\t\/* see gallery_shortcode() in wp-includes\/media.php *\/\n\t\t<\/style>\n\t\t<div id='gallery-1' class='gallery galleryid-19514 gallery-columns-3 gallery-size-thumbnail'><dl class='gallery-item'>\n\t\t\t<dt class='gallery-icon landscape'>\n\t\t\t\t<a href='https:\/\/sinprofaz.org.br\/2024\/wp-content\/uploads\/2025\/04\/2-1.png'><img loading=\"lazy\" decoding=\"async\" width=\"150\" height=\"150\" src=\"https:\/\/sinprofaz.org.br\/2024\/wp-content\/uploads\/2025\/04\/2-1-150x150.png\" class=\"attachment-thumbnail size-thumbnail\" alt=\"\" \/><\/a>\n\t\t\t<\/dt><\/dl><dl class='gallery-item'>\n\t\t\t<dt class='gallery-icon landscape'>\n\t\t\t\t<a href='https:\/\/sinprofaz.org.br\/2024\/wp-content\/uploads\/2025\/04\/3-1.png'><img loading=\"lazy\" decoding=\"async\" width=\"150\" height=\"150\" src=\"https:\/\/sinprofaz.org.br\/2024\/wp-content\/uploads\/2025\/04\/3-1-150x150.png\" class=\"attachment-thumbnail size-thumbnail\" alt=\"\" \/><\/a>\n\t\t\t<\/dt><\/dl><dl class='gallery-item'>\n\t\t\t<dt class='gallery-icon landscape'>\n\t\t\t\t<a href='https:\/\/sinprofaz.org.br\/2024\/wp-content\/uploads\/2025\/04\/4-1.png'><img loading=\"lazy\" decoding=\"async\" width=\"150\" height=\"150\" src=\"https:\/\/sinprofaz.org.br\/2024\/wp-content\/uploads\/2025\/04\/4-1-150x150.png\" class=\"attachment-thumbnail size-thumbnail\" alt=\"\" \/><\/a>\n\t\t\t<\/dt><\/dl><br style=\"clear: both\" \/><dl class='gallery-item'>\n\t\t\t<dt class='gallery-icon landscape'>\n\t\t\t\t<a href='https:\/\/sinprofaz.org.br\/2024\/wp-content\/uploads\/2025\/04\/5-1.png'><img loading=\"lazy\" decoding=\"async\" width=\"150\" height=\"150\" src=\"https:\/\/sinprofaz.org.br\/2024\/wp-content\/uploads\/2025\/04\/5-1-150x150.png\" class=\"attachment-thumbnail size-thumbnail\" alt=\"\" \/><\/a>\n\t\t\t<\/dt><\/dl><dl class='gallery-item'>\n\t\t\t<dt class='gallery-icon landscape'>\n\t\t\t\t<a href='https:\/\/sinprofaz.org.br\/2024\/wp-content\/uploads\/2025\/04\/6-1.png'><img loading=\"lazy\" decoding=\"async\" width=\"150\" height=\"150\" src=\"https:\/\/sinprofaz.org.br\/2024\/wp-content\/uploads\/2025\/04\/6-1-150x150.png\" class=\"attachment-thumbnail size-thumbnail\" alt=\"\" \/><\/a>\n\t\t\t<\/dt><\/dl><dl class='gallery-item'>\n\t\t\t<dt class='gallery-icon landscape'>\n\t\t\t\t<a href='https:\/\/sinprofaz.org.br\/2024\/wp-content\/uploads\/2025\/04\/7.png'><img loading=\"lazy\" decoding=\"async\" width=\"150\" height=\"150\" src=\"https:\/\/sinprofaz.org.br\/2024\/wp-content\/uploads\/2025\/04\/7-150x150.png\" class=\"attachment-thumbnail size-thumbnail\" alt=\"\" \/><\/a>\n\t\t\t<\/dt><\/dl><br style=\"clear: both\" \/><dl class='gallery-item'>\n\t\t\t<dt class='gallery-icon landscape'>\n\t\t\t\t<a href='https:\/\/sinprofaz.org.br\/2024\/wp-content\/uploads\/2025\/04\/8.png'><img loading=\"lazy\" decoding=\"async\" width=\"150\" height=\"150\" src=\"https:\/\/sinprofaz.org.br\/2024\/wp-content\/uploads\/2025\/04\/8-150x150.png\" class=\"attachment-thumbnail size-thumbnail\" alt=\"\" \/><\/a>\n\t\t\t<\/dt><\/dl><dl class='gallery-item'>\n\t\t\t<dt class='gallery-icon landscape'>\n\t\t\t\t<a href='https:\/\/sinprofaz.org.br\/2024\/wp-content\/uploads\/2025\/04\/9.png'><img loading=\"lazy\" decoding=\"async\" width=\"150\" height=\"150\" src=\"https:\/\/sinprofaz.org.br\/2024\/wp-content\/uploads\/2025\/04\/9-150x150.png\" class=\"attachment-thumbnail size-thumbnail\" alt=\"\" \/><\/a>\n\t\t\t<\/dt><\/dl><dl class='gallery-item'>\n\t\t\t<dt class='gallery-icon landscape'>\n\t\t\t\t<a href='https:\/\/sinprofaz.org.br\/2024\/wp-content\/uploads\/2025\/04\/10.png'><img loading=\"lazy\" decoding=\"async\" width=\"150\" height=\"150\" src=\"https:\/\/sinprofaz.org.br\/2024\/wp-content\/uploads\/2025\/04\/10-150x150.png\" class=\"attachment-thumbnail size-thumbnail\" alt=\"\" \/><\/a>\n\t\t\t<\/dt><\/dl><br style=\"clear: both\" \/>\n\t\t<\/div>\n\n","protected":false},"excerpt":{"rendered":"<p>A Comiss\u00e3o da Advocacia P\u00fablica Federal da Ordem dos Advogados do Brasil &#8211; Seccional Distrito Federal promoveu o semin\u00e1rio &#8220;Mulheres na Advocacia P\u00fablica&#8221;. Realizado na sede da OAB\/DF, o evento possibilitou debates sobre a miss\u00e3o das advogadas p\u00fablicas.<\/p>\n","protected":false},"author":2,"featured_media":19515,"comment_status":"open","ping_status":"open","sticky":false,"template":"","format":"standard","meta":{"footnotes":""},"categories":[8],"tags":[34,32,22],"featured_image_url":"https:\/\/sinprofaz.org.br\/2024\/wp-content\/uploads\/2025\/04\/1-2.png","character_count":906,"formatted_date":"04\/04\/2025 - 14:30","contentNovo":"A Comiss\u00e3o da Advocacia P\u00fablica Federal da Ordem dos Advogados do Brasil - Seccional Distrito Federal promoveu na quinta-feira (3) o semin\u00e1rio\u00a0<em>Mulheres na Advocacia P\u00fablica<\/em>. O evento foi realizado na sede da OAB\/DF e possibilitou debates importantes sobre a miss\u00e3o das advogadas p\u00fablicas. Entre as organizadoras do semin\u00e1rio esteve a filiada Herta Rani, vice-presidente da Comiss\u00e3o da Advocacia P\u00fablica Federal da OAB\/DF.\r\n\r\nO evento foi prestigiado por autoridades, como as deputadas federais Erika Kokay (PT\/DF) e Luciene Cavalcante (PSOL\/SP). Os debates tamb\u00e9m foram acompanhados pelo presidente da Seccional, Paulo Maur\u00edcio Siqueira; pela vice-presidente, Roberta \u01eaueiroz; e pelo ex-presidente da OAB\/DF D\u00e9lio Lins e Silva J\u00fanior. As procuradoras da Fazenda Nacional Herta Rani, Graziela Honorato e Regina Hirose compuseram o rol de palestrantes do semin\u00e1rio.\r\n\r\nAo longo do evento, foram abordados diversos temas, a exemplo das pol\u00edticas p\u00fablicas implementadas pela Advocacia-Geral da Uni\u00e3o para ampliar o acesso das mulheres a direitos fundamentais.\u00a0As dificuldades e os desafios que as mulheres enfrentam para ocupar postos de lideran\u00e7a\u00a0tamb\u00e9m foram debatidos na ocasi\u00e3o. Por fim, palestrantes e p\u00fablico discutiram o acesso \u00e0 educa\u00e7\u00e3o e ao sistema de creches como ferramenta de impulsionamento do protagonismo feminino.\r\n\r\n\r\n\r\n[gallery link=\"file\" ids=\"19516,19517,19518,19519,19520,19521,19522,19524,19525\"]","_links":{"self":[{"href":"https:\/\/sinprofaz.org.br\/2024\/wp-json\/wp\/v2\/posts\/19514"}],"collection":[{"href":"https:\/\/sinprofaz.org.br\/2024\/wp-json\/wp\/v2\/posts"}],"about":[{"href":"https:\/\/sinprofaz.org.br\/2024\/wp-json\/wp\/v2\/types\/post"}],"author":[{"embeddable":true,"href":"https:\/\/sinprofaz.org.br\/2024\/wp-json\/wp\/v2\/users\/2"}],"replies":[{"embeddable":true,"href":"https:\/\/sinprofaz.org.br\/2024\/wp-json\/wp\/v2\/comments?post=19514"}],"version-history":[{"count":2,"href":"https:\/\/sinprofaz.org.br\/2024\/wp-json\/wp\/v2\/posts\/19514\/revisions"}],"predecessor-version":[{"id":19526,"href":"https:\/\/sinprofaz.org.br\/2024\/wp-json\/wp\/v2\/posts\/19514\/revisions\/19526"}],"wp:featuredmedia":[{"embeddable":true,"href":"https:\/\/sinprofaz.org.br\/2024\/wp-json\/wp\/v2\/media\/19515"}],"wp:attachment":[{"href":"https:\/\/sinprofaz.org.br\/2024\/wp-json\/wp\/v2\/media?parent=19514"}],"wp:term":[{"taxonomy":"category","embeddable":true,"href":"https:\/\/sinprofaz.org.br\/2024\/wp-json\/wp\/v2\/categories?post=19514"},{"taxonomy":"post_tag","embeddable":true,"href":"https:\/\/sinprofaz.org.br\/2024\/wp-json\/wp\/v2\/tags?post=19514"}],"curies":[{"name":"wp","href":"https:\/\/api.w.org\/{rel}","templated":true}]}}