{"id":19511,"date":"2025-04-02T10:46:31","date_gmt":"2025-04-02T13:46:31","guid":{"rendered":"https:\/\/sinprofaz.org.br\/2024\/?p=19511"},"modified":"2025-04-04T10:47:40","modified_gmt":"2025-04-04T13:47:40","slug":"poder360-publica-artigo-de-autoria-da-presidente-iolanda-guindani","status":"publish","type":"post","link":"https:\/\/sinprofaz.org.br\/2024\/noticias\/poder360-publica-artigo-de-autoria-da-presidente-iolanda-guindani\/","title":{"rendered":"PODER360 PUBLICA ARTIGO DE AUTORIA DA PRESIDENTE IOLANDA GUINDANI"},"content":{"rendered":"<p>Artigo de autoria da presidente do SINPROFAZ, Iolanda Guindani, foi publicado hoje (2) pelo portal Poder360. No texto, a dirigente sindical aborda a relev\u00e2ncia do trabalho desenvolvido pela Advocacia P\u00fablica Federal e os desafios estruturais que comprometem a plena e independente atua\u00e7\u00e3o da carreira. Dentre os desafios, destaca-se a luta hist\u00f3rica pela autonomia institucional, que encontra no presente um novo e decisivo cap\u00edtulo com a tramita\u00e7\u00e3o da PEC 17\/2024.<\/p>\n<p>&#8220;A conquista da autonomia representa avan\u00e7o com impactos diretos sobre a qualidade da gest\u00e3o p\u00fablica e o combate \u00e0 corrup\u00e7\u00e3o. Com autonomia financeira e administrativa, a Advocacia P\u00fablica ter\u00e1 condi\u00e7\u00f5es de atuar com maior independ\u00eancia na defesa do er\u00e1rio e na garantia de que os recursos p\u00fablicos sejam investidos com responsabilidade e transpar\u00eancia. A seguran\u00e7a jur\u00eddica tamb\u00e9m ser\u00e1 fortalecida, uma vez que decis\u00f5es t\u00e9cnicas e fundamentadas prevalecer\u00e3o sobre eventuais interesses moment\u00e2neos e press\u00f5es pol\u00edticas.&#8221;<\/p>\n<p>O artigo tamb\u00e9m trata do\u00a0<strong>Movimento Nacional pela Valoriza\u00e7\u00e3o da Advocacia P\u00fablica<\/strong>, programado para o\u00a0dia 7 de maio, em Bras\u00edlia\/DF. Com o tema &#8220;Advocacia P\u00fablica e Constitui\u00e7\u00e3o: um projeto inacabado&#8221;, o Movimento reunir\u00e1 advogados p\u00fablicos federais, estaduais e municipais para reiterar a unidade da carreira e refor\u00e7ar a urg\u00eancia da aprova\u00e7\u00e3o da PEC 17. A mobiliza\u00e7\u00e3o representar\u00e1 um chamado para que a sociedade e o Congresso compreendam a import\u00e2ncia da valoriza\u00e7\u00e3o da Advocacia P\u00fablica nacional.<\/p>\n<p>Leia a \u00edntegra do artigo! Acesse:\u00a0<a href=\"https:\/\/www.poder360.com.br\/opiniao\/a-autonomia-da-advocacia-publica-em-beneficio-do-pais\/\" target=\"_blank\" rel=\"noopener\">https:\/\/www.poder360.com.br\/opiniao\/a-autonomia-da-advocacia-publica-em-beneficio-do-pais\/<\/a><\/p>\n<p><!-- notionvc: 89473725-14fa-43be-bad9-d5da053d608e --><\/p>\n","protected":false},"excerpt":{"rendered":"<p>Artigo de autoria da presidente do SINPROFAZ foi publicado pelo portal Poder360. No texto, Iolanda Guindani aborda a relev\u00e2ncia do trabalho da Advocacia P\u00fablica Federal e os desafios estruturais que comprometem a plena e independente atua\u00e7\u00e3o da carreira. <\/p>\n","protected":false},"author":2,"featured_media":19512,"comment_status":"open","ping_status":"open","sticky":false,"template":"","format":"standard","meta":{"footnotes":""},"categories":[8],"tags":[223,45,25],"featured_image_url":"https:\/\/sinprofaz.org.br\/2024\/wp-content\/uploads\/2025\/04\/1-1.png","character_count":847,"formatted_date":"02\/04\/2025 - 10:46","contentNovo":"Artigo de autoria da presidente do SINPROFAZ, Iolanda Guindani, foi publicado hoje (2) pelo portal Poder360. No texto, a dirigente sindical aborda a relev\u00e2ncia do trabalho desenvolvido pela Advocacia P\u00fablica Federal e os desafios estruturais que comprometem a plena e independente atua\u00e7\u00e3o da carreira. Dentre os desafios, destaca-se a luta hist\u00f3rica pela autonomia institucional, que encontra no presente um novo e decisivo cap\u00edtulo com a tramita\u00e7\u00e3o da PEC 17\/2024.\r\n\r\n\"A conquista da autonomia representa avan\u00e7o com impactos diretos sobre a qualidade da gest\u00e3o p\u00fablica e o combate \u00e0 corrup\u00e7\u00e3o. Com autonomia financeira e administrativa, a Advocacia P\u00fablica ter\u00e1 condi\u00e7\u00f5es de atuar com maior independ\u00eancia na defesa do er\u00e1rio e na garantia de que os recursos p\u00fablicos sejam investidos com responsabilidade e transpar\u00eancia. A seguran\u00e7a jur\u00eddica tamb\u00e9m ser\u00e1 fortalecida, uma vez que decis\u00f5es t\u00e9cnicas e fundamentadas prevalecer\u00e3o sobre eventuais interesses moment\u00e2neos e press\u00f5es pol\u00edticas.\"\r\n\r\nO artigo tamb\u00e9m trata do\u00a0<strong>Movimento Nacional pela Valoriza\u00e7\u00e3o da Advocacia P\u00fablica<\/strong>, programado para o\u00a0dia 7 de maio, em Bras\u00edlia\/DF. Com o tema \"Advocacia P\u00fablica e Constitui\u00e7\u00e3o: um projeto inacabado\", o Movimento reunir\u00e1 advogados p\u00fablicos federais, estaduais e municipais para reiterar a unidade da carreira e refor\u00e7ar a urg\u00eancia da aprova\u00e7\u00e3o da PEC 17. A mobiliza\u00e7\u00e3o representar\u00e1 um chamado para que a sociedade e o Congresso compreendam a import\u00e2ncia da valoriza\u00e7\u00e3o da Advocacia P\u00fablica nacional.\r\n\r\nLeia a \u00edntegra do artigo! Acesse:\u00a0<a href=\"https:\/\/www.poder360.com.br\/opiniao\/a-autonomia-da-advocacia-publica-em-beneficio-do-pais\/\" target=\"_blank\" rel=\"noopener\">https:\/\/www.poder360.com.br\/opiniao\/a-autonomia-da-advocacia-publica-em-beneficio-do-pais\/<\/a>\r\n\r\n","_links":{"self":[{"href":"https:\/\/sinprofaz.org.br\/2024\/wp-json\/wp\/v2\/posts\/19511"}],"collection":[{"href":"https:\/\/sinprofaz.org.br\/2024\/wp-json\/wp\/v2\/posts"}],"about":[{"href":"https:\/\/sinprofaz.org.br\/2024\/wp-json\/wp\/v2\/types\/post"}],"author":[{"embeddable":true,"href":"https:\/\/sinprofaz.org.br\/2024\/wp-json\/wp\/v2\/users\/2"}],"replies":[{"embeddable":true,"href":"https:\/\/sinprofaz.org.br\/2024\/wp-json\/wp\/v2\/comments?post=19511"}],"version-history":[{"count":1,"href":"https:\/\/sinprofaz.org.br\/2024\/wp-json\/wp\/v2\/posts\/19511\/revisions"}],"predecessor-version":[{"id":19513,"href":"https:\/\/sinprofaz.org.br\/2024\/wp-json\/wp\/v2\/posts\/19511\/revisions\/19513"}],"wp:featuredmedia":[{"embeddable":true,"href":"https:\/\/sinprofaz.org.br\/2024\/wp-json\/wp\/v2\/media\/19512"}],"wp:attachment":[{"href":"https:\/\/sinprofaz.org.br\/2024\/wp-json\/wp\/v2\/media?parent=19511"}],"wp:term":[{"taxonomy":"category","embeddable":true,"href":"https:\/\/sinprofaz.org.br\/2024\/wp-json\/wp\/v2\/categories?post=19511"},{"taxonomy":"post_tag","embeddable":true,"href":"https:\/\/sinprofaz.org.br\/2024\/wp-json\/wp\/v2\/tags?post=19511"}],"curies":[{"name":"wp","href":"https:\/\/api.w.org\/{rel}","templated":true}]}}