{"id":19503,"date":"2025-04-01T16:54:31","date_gmt":"2025-04-01T19:54:31","guid":{"rendered":"https:\/\/sinprofaz.org.br\/2024\/?p=19503"},"modified":"2025-04-01T16:54:31","modified_gmt":"2025-04-01T19:54:31","slug":"sinprofaz-comparece-a-solenidade-de-condecoracao-de-anelize-lenzi-na-oab-df","status":"publish","type":"post","link":"https:\/\/sinprofaz.org.br\/2024\/noticias\/sinprofaz-comparece-a-solenidade-de-condecoracao-de-anelize-lenzi-na-oab-df\/","title":{"rendered":"SINPROFAZ COMPARECE \u00c0 SOLENIDADE DE CONDECORA\u00c7\u00c3O DE ANELIZE LENZI NA OAB\/DF"},"content":{"rendered":"<p>A Seccional da OAB no Distrito Federal realizou na noite da segunda-feira (31) a cerim\u00f4nia de outorga da Medalha Myrthes Gomes de Campos 2025. O SINPROFAZ, representado pela presidente, Iolanda Guindani, comp\u00f4s o dispositivo de honra da solenidade, que teve entre as homenageadas a procuradora-geral da Fazenda Nacional, Anelize Lenzi. Na ocasi\u00e3o, tamb\u00e9m foram agraciadas com a Medalha a advogada Francisca Aires, a ministra do TST\u00a0K\u00e1tia Magalh\u00e3es Arruda e a defensora p\u00fablica do DF\u00a0Rita de Castro Hermes Meira Lima.<\/p>\n<p>A escolha de Anelize Lenzi pela OAB\/DF foi motivada, entre outros, pelo relevante papel da procuradora-geral na constru\u00e7\u00e3o do parecer vinculante que, aprovado pelo presidente da Rep\u00fablica, garante o direito de remo\u00e7\u00e3o de servidoras v\u00edtimas de viol\u00eancia dom\u00e9stica. O parecer estabeleceu diretrizes para a mobilidade dessas servidoras no \u00e2mbito da Administra\u00e7\u00e3o P\u00fablica federal, fortalecendo a prote\u00e7\u00e3o e o acolhimento de mulheres em situa\u00e7\u00e3o de vulnerabilidade. A contribui\u00e7\u00e3o de Anelize Lenzi a organiza\u00e7\u00f5es voltadas para a equidade de g\u00eanero tamb\u00e9m foi levada em conta pela Seccional.<\/p>\n<p>A cerim\u00f4nia de outorga da Medalha Myrthes Gomes de Campos foi acompanhada por v\u00e1rios Membros da PGFN, entre os quais Maria Dionne de Araujo,\u00a0Jurandi Ferreira, Jersilene Moura, Herta Rani e Beatriz Gava. Na qualidade de anfitri\u00f5es da solenidade, estiveram o presidente da Ordem dos Advogados do Brasil no Distrito Federal, Paulo Maur\u00edcio Siqueira; a vice-presidente, Roberta \u01eaueiroz, e o ex-presidente\u00a0D\u00e9lio Lins e Silva J\u00fanior. Outros integrantes da Diretoria da OAB\/DF, do Conselho Federal, do Conselho Seccional e da\u00a0Caixa de Assist\u00eancia dos Advogados do DF tamb\u00e9m prestigiaram o evento.<\/p>\n<p><strong>Sobre a honraria<br \/>\n<\/strong>Myrtes\u00a0Gomes de Campos foi a primeira mulher a integrar o quadro de membros efetivos do Instituto dos Advogados Brasileiros, para o qual foi admitida em 1906. A outorga da Medalha que leva seu nome foi institu\u00edda em 2016 e tem como prop\u00f3sito condecorar mulheres com efetiva atua\u00e7\u00e3o no cen\u00e1rio jur\u00eddico distrital e nacional, com destaque, especialmente, na promo\u00e7\u00e3o dos direitos e interesses das mulheres, em relevantes causas sociais e na defesa de prerrogativas das advogadas. A honraria tamb\u00e9m prop\u00f5e a valoriza\u00e7\u00e3o das mulheres que atuam junto ao Judici\u00e1rio.<\/p>\n\n\t\t<style type=\"text\/css\">\n\t\t\t#gallery-1 {\n\t\t\t\tmargin: auto;\n\t\t\t}\n\t\t\t#gallery-1 .gallery-item {\n\t\t\t\tfloat: left;\n\t\t\t\tmargin-top: 10px;\n\t\t\t\ttext-align: center;\n\t\t\t\twidth: 33%;\n\t\t\t}\n\t\t\t#gallery-1 img {\n\t\t\t\tborder: 2px solid #cfcfcf;\n\t\t\t}\n\t\t\t#gallery-1 .gallery-caption {\n\t\t\t\tmargin-left: 0;\n\t\t\t}\n\t\t\t\/* see gallery_shortcode() in wp-includes\/media.php *\/\n\t\t<\/style>\n\t\t<div id='gallery-1' class='gallery galleryid-19503 gallery-columns-3 gallery-size-thumbnail'><dl class='gallery-item'>\n\t\t\t<dt class='gallery-icon landscape'>\n\t\t\t\t<a href='https:\/\/sinprofaz.org.br\/2024\/wp-content\/uploads\/2025\/04\/2.png'><img loading=\"lazy\" decoding=\"async\" width=\"150\" height=\"150\" src=\"https:\/\/sinprofaz.org.br\/2024\/wp-content\/uploads\/2025\/04\/2-150x150.png\" class=\"attachment-thumbnail size-thumbnail\" alt=\"\" \/><\/a>\n\t\t\t<\/dt><\/dl><dl class='gallery-item'>\n\t\t\t<dt class='gallery-icon landscape'>\n\t\t\t\t<a href='https:\/\/sinprofaz.org.br\/2024\/wp-content\/uploads\/2025\/04\/3.png'><img loading=\"lazy\" decoding=\"async\" width=\"150\" height=\"150\" src=\"https:\/\/sinprofaz.org.br\/2024\/wp-content\/uploads\/2025\/04\/3-150x150.png\" class=\"attachment-thumbnail size-thumbnail\" alt=\"\" \/><\/a>\n\t\t\t<\/dt><\/dl><dl class='gallery-item'>\n\t\t\t<dt class='gallery-icon landscape'>\n\t\t\t\t<a href='https:\/\/sinprofaz.org.br\/2024\/wp-content\/uploads\/2025\/04\/4.png'><img loading=\"lazy\" decoding=\"async\" width=\"150\" height=\"150\" src=\"https:\/\/sinprofaz.org.br\/2024\/wp-content\/uploads\/2025\/04\/4-150x150.png\" class=\"attachment-thumbnail size-thumbnail\" alt=\"\" \/><\/a>\n\t\t\t<\/dt><\/dl><br style=\"clear: both\" \/><dl class='gallery-item'>\n\t\t\t<dt class='gallery-icon landscape'>\n\t\t\t\t<a href='https:\/\/sinprofaz.org.br\/2024\/wp-content\/uploads\/2025\/04\/5.png'><img loading=\"lazy\" decoding=\"async\" width=\"150\" height=\"150\" src=\"https:\/\/sinprofaz.org.br\/2024\/wp-content\/uploads\/2025\/04\/5-150x150.png\" class=\"attachment-thumbnail size-thumbnail\" alt=\"\" \/><\/a>\n\t\t\t<\/dt><\/dl><dl class='gallery-item'>\n\t\t\t<dt class='gallery-icon landscape'>\n\t\t\t\t<a href='https:\/\/sinprofaz.org.br\/2024\/wp-content\/uploads\/2025\/04\/6.png'><img loading=\"lazy\" decoding=\"async\" width=\"150\" height=\"150\" src=\"https:\/\/sinprofaz.org.br\/2024\/wp-content\/uploads\/2025\/04\/6-150x150.png\" class=\"attachment-thumbnail size-thumbnail\" alt=\"\" \/><\/a>\n\t\t\t<\/dt><\/dl>\n\t\t\t<br style='clear: both' \/>\n\t\t<\/div>\n\n<p>&nbsp;<\/p>\n<p><!-- notionvc: 2da7dd0a-d1b6-4dc7-bc97-503dbea8b8d0 --><\/p>\n","protected":false},"excerpt":{"rendered":"<p>A OAB\/DF realizou ontem a cerim\u00f4nia de outorga da Medalha Myrthes Gomes de Campos. O SINPROFAZ, representado por Iolanda Guindani, comp\u00f4s o dispositivo de honra da solenidade, que teve entre as homenageadas a procuradora-geral, Anelize Lenzi. <\/p>\n","protected":false},"author":2,"featured_media":19504,"comment_status":"open","ping_status":"open","sticky":false,"template":"","format":"standard","meta":{"footnotes":""},"categories":[8],"tags":[193,22,25],"featured_image_url":"https:\/\/sinprofaz.org.br\/2024\/wp-content\/uploads\/2025\/04\/1.png","character_count":1372,"formatted_date":"01\/04\/2025 - 16:54","contentNovo":"A Seccional da OAB no Distrito Federal realizou na noite da segunda-feira (31) a cerim\u00f4nia de outorga da Medalha Myrthes Gomes de Campos 2025. O SINPROFAZ, representado pela presidente, Iolanda Guindani, comp\u00f4s o dispositivo de honra da solenidade, que teve entre as homenageadas a procuradora-geral da Fazenda Nacional, Anelize Lenzi. Na ocasi\u00e3o, tamb\u00e9m foram agraciadas com a Medalha a advogada Francisca Aires, a ministra do TST\u00a0K\u00e1tia Magalh\u00e3es Arruda e a defensora p\u00fablica do DF\u00a0Rita de Castro Hermes Meira Lima.\r\n\r\nA escolha de Anelize Lenzi pela OAB\/DF foi motivada, entre outros, pelo relevante papel da procuradora-geral na constru\u00e7\u00e3o do parecer vinculante que, aprovado pelo presidente da Rep\u00fablica, garante o direito de remo\u00e7\u00e3o de servidoras v\u00edtimas de viol\u00eancia dom\u00e9stica. O parecer estabeleceu diretrizes para a mobilidade dessas servidoras no \u00e2mbito da Administra\u00e7\u00e3o P\u00fablica federal, fortalecendo a prote\u00e7\u00e3o e o acolhimento de mulheres em situa\u00e7\u00e3o de vulnerabilidade. A contribui\u00e7\u00e3o de Anelize Lenzi a organiza\u00e7\u00f5es voltadas para a equidade de g\u00eanero tamb\u00e9m foi levada em conta pela Seccional.\r\n\r\nA cerim\u00f4nia de outorga da Medalha Myrthes Gomes de Campos foi acompanhada por v\u00e1rios Membros da PGFN, entre os quais Maria Dionne de Araujo,\u00a0Jurandi Ferreira, Jersilene Moura, Herta Rani e Beatriz Gava. Na qualidade de anfitri\u00f5es da solenidade, estiveram o presidente da Ordem dos Advogados do Brasil no Distrito Federal, Paulo Maur\u00edcio Siqueira; a vice-presidente, Roberta \u01eaueiroz, e o ex-presidente\u00a0D\u00e9lio Lins e Silva J\u00fanior. Outros integrantes da Diretoria da OAB\/DF, do Conselho Federal, do Conselho Seccional e da\u00a0Caixa de Assist\u00eancia dos Advogados do DF tamb\u00e9m prestigiaram o evento.\r\n\r\n<strong>Sobre a honraria\r\n<\/strong>Myrtes\u00a0Gomes de Campos foi a primeira mulher a integrar o quadro de membros efetivos do Instituto dos Advogados Brasileiros, para o qual foi admitida em 1906. A outorga da Medalha que leva seu nome foi institu\u00edda em 2016 e tem como prop\u00f3sito condecorar mulheres com efetiva atua\u00e7\u00e3o no cen\u00e1rio jur\u00eddico distrital e nacional, com destaque, especialmente, na promo\u00e7\u00e3o dos direitos e interesses das mulheres, em relevantes causas sociais e na defesa de prerrogativas das advogadas. A honraria tamb\u00e9m prop\u00f5e a valoriza\u00e7\u00e3o das mulheres que atuam junto ao Judici\u00e1rio.\r\n\r\n[gallery link=\"file\" ids=\"19505,19506,19507,19508,19509\"]\r\n\r\n&nbsp;\r\n\r\n","_links":{"self":[{"href":"https:\/\/sinprofaz.org.br\/2024\/wp-json\/wp\/v2\/posts\/19503"}],"collection":[{"href":"https:\/\/sinprofaz.org.br\/2024\/wp-json\/wp\/v2\/posts"}],"about":[{"href":"https:\/\/sinprofaz.org.br\/2024\/wp-json\/wp\/v2\/types\/post"}],"author":[{"embeddable":true,"href":"https:\/\/sinprofaz.org.br\/2024\/wp-json\/wp\/v2\/users\/2"}],"replies":[{"embeddable":true,"href":"https:\/\/sinprofaz.org.br\/2024\/wp-json\/wp\/v2\/comments?post=19503"}],"version-history":[{"count":1,"href":"https:\/\/sinprofaz.org.br\/2024\/wp-json\/wp\/v2\/posts\/19503\/revisions"}],"predecessor-version":[{"id":19510,"href":"https:\/\/sinprofaz.org.br\/2024\/wp-json\/wp\/v2\/posts\/19503\/revisions\/19510"}],"wp:featuredmedia":[{"embeddable":true,"href":"https:\/\/sinprofaz.org.br\/2024\/wp-json\/wp\/v2\/media\/19504"}],"wp:attachment":[{"href":"https:\/\/sinprofaz.org.br\/2024\/wp-json\/wp\/v2\/media?parent=19503"}],"wp:term":[{"taxonomy":"category","embeddable":true,"href":"https:\/\/sinprofaz.org.br\/2024\/wp-json\/wp\/v2\/categories?post=19503"},{"taxonomy":"post_tag","embeddable":true,"href":"https:\/\/sinprofaz.org.br\/2024\/wp-json\/wp\/v2\/tags?post=19503"}],"curies":[{"name":"wp","href":"https:\/\/api.w.org\/{rel}","templated":true}]}}