{"id":19483,"date":"2025-03-31T11:16:24","date_gmt":"2025-03-31T14:16:24","guid":{"rendered":"https:\/\/sinprofaz.org.br\/2024\/?p=19483"},"modified":"2025-03-31T11:16:24","modified_gmt":"2025-03-31T14:16:24","slug":"ago-2025-promove-encontro-entre-diretores-delegados-e-membros-em-brasilia","status":"publish","type":"post","link":"https:\/\/sinprofaz.org.br\/2024\/noticias\/ago-2025-promove-encontro-entre-diretores-delegados-e-membros-em-brasilia\/","title":{"rendered":"AGO 2025 PROMOVE ENCONTRO ENTRE DIRETORES, DELEGADOS E MEMBROS EM BRAS\u00cdLIA"},"content":{"rendered":"<p>O sal\u00e3o de eventos do Hotel Comfort Suites, em Bras\u00edlia\/DF, sediou no s\u00e1bado (29) a Assembleia Geral Ordin\u00e1ria do SINPROFAZ. O encontro reuniu integrantes da Diretoria, das Delegacias Sindicais, da Junta de Julgamento, do Conselho Fiscal e da Comiss\u00e3o de Atua\u00e7\u00e3o Parlamentar do Sindicato, al\u00e9m de outros Membros da Carreira.<\/p>\n<p>Cerca de 30 PFNs participaram presencialmente da AGO 2025 e contribu\u00edram com debates e sugest\u00f5es de alto n\u00edvel. A Assembleia foi conduzida pela presidente do SINPROFAZ, Iolanda Guindani, e, para as exposi\u00e7\u00f5es acerca do item 2 da pauta, relativo \u00e0s contas do exerc\u00edcio de 2024, foi chamado \u00e0 mesa o representante do Conselho Fiscal, Manolo Aur\u00e9lio Bedin Keller.<\/p>\n<p>Conforme o Estatuto do SINPROFAZ, a AGO abriu o Processo Eleitoral referente \u00e0s elei\u00e7\u00f5es para a Diretoria 2025-2027 do Sindicato. Na oportunidade, foi definida a data para o pleito: 2 de junho de 2025.<\/p>\n<p>A ata da Assembleia Geral Ordin\u00e1ria ser\u00e1 em breve disponibilizada na \u00c1rea do Filiado. \u00c0quelas e \u00e0queles que participaram da AGO, presencialmente e via procura\u00e7\u00e3o, o SINPROFAZ agradece pelas contribui\u00e7\u00f5es e pela ampla aprova\u00e7\u00e3o de todos os itens!<\/p>\n<p><strong>Resultados da AGO 2025<\/strong><\/p>\n<p>1) Ata da Assembleia Geral Ordin\u00e1ria 2024: Aprovada<\/p>\n<p>2) Contas do exerc\u00edcio de 2024: Aprovadas<\/p>\n<p>3) Proposta de or\u00e7amento para o exerc\u00edcio de 2025: Aprovada<\/p>\n<p>4) Autoriza\u00e7\u00e3o para o SINPROFAZ propor a\u00e7\u00f5es judiciais e ratificar as a\u00e7\u00f5es recentemente propostas: Aprovada<\/p>\n<p>5) Autoriza\u00e7\u00e3o para despesas extraordin\u00e1rias visando \u00e0 mobiliza\u00e7\u00e3o e defesa de prerrogativas da Carreira: Aprovada<\/p>\n\n\t\t<style type=\"text\/css\">\n\t\t\t#gallery-1 {\n\t\t\t\tmargin: auto;\n\t\t\t}\n\t\t\t#gallery-1 .gallery-item {\n\t\t\t\tfloat: left;\n\t\t\t\tmargin-top: 10px;\n\t\t\t\ttext-align: center;\n\t\t\t\twidth: 33%;\n\t\t\t}\n\t\t\t#gallery-1 img {\n\t\t\t\tborder: 2px solid #cfcfcf;\n\t\t\t}\n\t\t\t#gallery-1 .gallery-caption {\n\t\t\t\tmargin-left: 0;\n\t\t\t}\n\t\t\t\/* see gallery_shortcode() in wp-includes\/media.php *\/\n\t\t<\/style>\n\t\t<div id='gallery-1' class='gallery galleryid-19483 gallery-columns-3 gallery-size-thumbnail'><dl class='gallery-item'>\n\t\t\t<dt class='gallery-icon landscape'>\n\t\t\t\t<a href='https:\/\/sinprofaz.org.br\/2024\/wp-content\/uploads\/2025\/03\/2-8.png'><img loading=\"lazy\" decoding=\"async\" width=\"150\" height=\"150\" src=\"https:\/\/sinprofaz.org.br\/2024\/wp-content\/uploads\/2025\/03\/2-8-150x150.png\" class=\"attachment-thumbnail size-thumbnail\" alt=\"\" \/><\/a>\n\t\t\t<\/dt><\/dl><dl class='gallery-item'>\n\t\t\t<dt class='gallery-icon landscape'>\n\t\t\t\t<a href='https:\/\/sinprofaz.org.br\/2024\/wp-content\/uploads\/2025\/03\/3-5.png'><img loading=\"lazy\" decoding=\"async\" width=\"150\" height=\"150\" src=\"https:\/\/sinprofaz.org.br\/2024\/wp-content\/uploads\/2025\/03\/3-5-150x150.png\" class=\"attachment-thumbnail size-thumbnail\" alt=\"\" \/><\/a>\n\t\t\t<\/dt><\/dl><dl class='gallery-item'>\n\t\t\t<dt class='gallery-icon landscape'>\n\t\t\t\t<a href='https:\/\/sinprofaz.org.br\/2024\/wp-content\/uploads\/2025\/03\/4-4.png'><img loading=\"lazy\" decoding=\"async\" width=\"150\" height=\"150\" src=\"https:\/\/sinprofaz.org.br\/2024\/wp-content\/uploads\/2025\/03\/4-4-150x150.png\" class=\"attachment-thumbnail size-thumbnail\" alt=\"\" \/><\/a>\n\t\t\t<\/dt><\/dl><br style=\"clear: both\" \/><dl class='gallery-item'>\n\t\t\t<dt class='gallery-icon landscape'>\n\t\t\t\t<a href='https:\/\/sinprofaz.org.br\/2024\/wp-content\/uploads\/2025\/03\/5-3.png'><img loading=\"lazy\" decoding=\"async\" width=\"150\" height=\"150\" src=\"https:\/\/sinprofaz.org.br\/2024\/wp-content\/uploads\/2025\/03\/5-3-150x150.png\" class=\"attachment-thumbnail size-thumbnail\" alt=\"\" \/><\/a>\n\t\t\t<\/dt><\/dl><dl class='gallery-item'>\n\t\t\t<dt class='gallery-icon landscape'>\n\t\t\t\t<a href='https:\/\/sinprofaz.org.br\/2024\/wp-content\/uploads\/2025\/03\/6-1.png'><img loading=\"lazy\" decoding=\"async\" width=\"150\" height=\"150\" src=\"https:\/\/sinprofaz.org.br\/2024\/wp-content\/uploads\/2025\/03\/6-1-150x150.png\" class=\"attachment-thumbnail size-thumbnail\" alt=\"\" \/><\/a>\n\t\t\t<\/dt><\/dl><dl class='gallery-item'>\n\t\t\t<dt class='gallery-icon landscape'>\n\t\t\t\t<a href='https:\/\/sinprofaz.org.br\/2024\/wp-content\/uploads\/2025\/03\/7-1.png'><img loading=\"lazy\" decoding=\"async\" width=\"150\" height=\"150\" src=\"https:\/\/sinprofaz.org.br\/2024\/wp-content\/uploads\/2025\/03\/7-1-150x150.png\" class=\"attachment-thumbnail size-thumbnail\" alt=\"\" \/><\/a>\n\t\t\t<\/dt><\/dl><br style=\"clear: both\" \/><dl class='gallery-item'>\n\t\t\t<dt class='gallery-icon landscape'>\n\t\t\t\t<a href='https:\/\/sinprofaz.org.br\/2024\/wp-content\/uploads\/2025\/03\/8-1.png'><img loading=\"lazy\" decoding=\"async\" width=\"150\" height=\"150\" src=\"https:\/\/sinprofaz.org.br\/2024\/wp-content\/uploads\/2025\/03\/8-1-150x150.png\" class=\"attachment-thumbnail size-thumbnail\" alt=\"\" \/><\/a>\n\t\t\t<\/dt><\/dl><dl class='gallery-item'>\n\t\t\t<dt class='gallery-icon landscape'>\n\t\t\t\t<a href='https:\/\/sinprofaz.org.br\/2024\/wp-content\/uploads\/2025\/03\/9-1.png'><img loading=\"lazy\" decoding=\"async\" width=\"150\" height=\"150\" src=\"https:\/\/sinprofaz.org.br\/2024\/wp-content\/uploads\/2025\/03\/9-1-150x150.png\" class=\"attachment-thumbnail size-thumbnail\" alt=\"\" \/><\/a>\n\t\t\t<\/dt><\/dl><dl class='gallery-item'>\n\t\t\t<dt class='gallery-icon landscape'>\n\t\t\t\t<a href='https:\/\/sinprofaz.org.br\/2024\/wp-content\/uploads\/2025\/03\/10-1.png'><img loading=\"lazy\" decoding=\"async\" width=\"150\" height=\"150\" src=\"https:\/\/sinprofaz.org.br\/2024\/wp-content\/uploads\/2025\/03\/10-1-150x150.png\" class=\"attachment-thumbnail size-thumbnail\" alt=\"\" \/><\/a>\n\t\t\t<\/dt><\/dl><br style=\"clear: both\" \/><dl class='gallery-item'>\n\t\t\t<dt class='gallery-icon landscape'>\n\t\t\t\t<a href='https:\/\/sinprofaz.org.br\/2024\/wp-content\/uploads\/2025\/03\/11.png'><img loading=\"lazy\" decoding=\"async\" width=\"150\" height=\"150\" src=\"https:\/\/sinprofaz.org.br\/2024\/wp-content\/uploads\/2025\/03\/11-150x150.png\" class=\"attachment-thumbnail size-thumbnail\" alt=\"\" \/><\/a>\n\t\t\t<\/dt><\/dl><dl class='gallery-item'>\n\t\t\t<dt class='gallery-icon landscape'>\n\t\t\t\t<a href='https:\/\/sinprofaz.org.br\/2024\/wp-content\/uploads\/2025\/03\/12.png'><img loading=\"lazy\" decoding=\"async\" width=\"150\" height=\"150\" src=\"https:\/\/sinprofaz.org.br\/2024\/wp-content\/uploads\/2025\/03\/12-150x150.png\" class=\"attachment-thumbnail size-thumbnail\" alt=\"\" \/><\/a>\n\t\t\t<\/dt><\/dl><dl class='gallery-item'>\n\t\t\t<dt class='gallery-icon landscape'>\n\t\t\t\t<a href='https:\/\/sinprofaz.org.br\/2024\/wp-content\/uploads\/2025\/03\/13.png'><img loading=\"lazy\" decoding=\"async\" width=\"150\" height=\"150\" src=\"https:\/\/sinprofaz.org.br\/2024\/wp-content\/uploads\/2025\/03\/13-150x150.png\" class=\"attachment-thumbnail size-thumbnail\" alt=\"\" \/><\/a>\n\t\t\t<\/dt><\/dl><br style=\"clear: both\" \/><dl class='gallery-item'>\n\t\t\t<dt class='gallery-icon landscape'>\n\t\t\t\t<a href='https:\/\/sinprofaz.org.br\/2024\/wp-content\/uploads\/2025\/03\/14.png'><img loading=\"lazy\" decoding=\"async\" width=\"150\" height=\"150\" src=\"https:\/\/sinprofaz.org.br\/2024\/wp-content\/uploads\/2025\/03\/14-150x150.png\" class=\"attachment-thumbnail size-thumbnail\" alt=\"\" \/><\/a>\n\t\t\t<\/dt><\/dl><dl class='gallery-item'>\n\t\t\t<dt class='gallery-icon landscape'>\n\t\t\t\t<a href='https:\/\/sinprofaz.org.br\/2024\/wp-content\/uploads\/2025\/03\/15.png'><img loading=\"lazy\" decoding=\"async\" width=\"150\" height=\"150\" src=\"https:\/\/sinprofaz.org.br\/2024\/wp-content\/uploads\/2025\/03\/15-150x150.png\" class=\"attachment-thumbnail size-thumbnail\" alt=\"\" \/><\/a>\n\t\t\t<\/dt><\/dl>\n\t\t\t<br style='clear: both' \/>\n\t\t<\/div>\n\n<p><!-- notionvc: 810bb548-1fd0-4d71-8d27-8339ec9255b7 --><\/p>\n","protected":false},"excerpt":{"rendered":"<p>O Hotel Comfort Suites Bras\u00edlia sediou a Assembleia Geral Ordin\u00e1ria do SINPROFAZ. O encontro reuniu integrantes da Diretoria, das Delegacias Sindicais, da Junta de Julgamento, do Conselho Fiscal e da Comiss\u00e3o de Atua\u00e7\u00e3o Parlamentar do Sindicato, al\u00e9m de outros Membros da Carreira.<\/p>\n","protected":false},"author":2,"featured_media":19484,"comment_status":"open","ping_status":"open","sticky":false,"template":"","format":"standard","meta":{"footnotes":""},"categories":[8],"tags":[41,32,25],"featured_image_url":"https:\/\/sinprofaz.org.br\/2024\/wp-content\/uploads\/2025\/03\/1-21.png","character_count":1054,"formatted_date":"31\/03\/2025 - 11:16","contentNovo":"O sal\u00e3o de eventos do Hotel Comfort Suites, em Bras\u00edlia\/DF, sediou no s\u00e1bado (29) a Assembleia Geral Ordin\u00e1ria do SINPROFAZ. O encontro reuniu integrantes da Diretoria, das Delegacias Sindicais, da Junta de Julgamento, do Conselho Fiscal e da Comiss\u00e3o de Atua\u00e7\u00e3o Parlamentar do Sindicato, al\u00e9m de outros Membros da Carreira.\r\n\r\nCerca de 30 PFNs participaram presencialmente da AGO 2025 e contribu\u00edram com debates e sugest\u00f5es de alto n\u00edvel. A Assembleia foi conduzida pela presidente do SINPROFAZ, Iolanda Guindani, e, para as exposi\u00e7\u00f5es acerca do item 2 da pauta, relativo \u00e0s contas do exerc\u00edcio de 2024, foi chamado \u00e0 mesa o representante do Conselho Fiscal, Manolo Aur\u00e9lio Bedin Keller.\r\n\r\nConforme o Estatuto do SINPROFAZ, a AGO abriu o Processo Eleitoral referente \u00e0s elei\u00e7\u00f5es para a Diretoria 2025-2027 do Sindicato. Na oportunidade, foi definida a data para o pleito: 2 de junho de 2025.\r\n\r\nA ata da Assembleia Geral Ordin\u00e1ria ser\u00e1 em breve disponibilizada na \u00c1rea do Filiado. \u00c0quelas e \u00e0queles que participaram da AGO, presencialmente e via procura\u00e7\u00e3o, o SINPROFAZ agradece pelas contribui\u00e7\u00f5es e pela ampla aprova\u00e7\u00e3o de todos os itens!\r\n\r\n<strong>Resultados da AGO 2025<\/strong>\r\n\r\n1) Ata da Assembleia Geral Ordin\u00e1ria 2024: Aprovada\r\n\r\n2) Contas do exerc\u00edcio de 2024: Aprovadas\r\n\r\n3) Proposta de or\u00e7amento para o exerc\u00edcio de 2025: Aprovada\r\n\r\n4) Autoriza\u00e7\u00e3o para o SINPROFAZ propor a\u00e7\u00f5es judiciais e ratificar as a\u00e7\u00f5es recentemente propostas: Aprovada\r\n\r\n5) Autoriza\u00e7\u00e3o para despesas extraordin\u00e1rias visando \u00e0 mobiliza\u00e7\u00e3o e defesa de prerrogativas da Carreira: Aprovada\r\n\r\n[gallery link=\"file\" ids=\"19485,19486,19487,19488,19489,19490,19491,19492,19493,19494,19495,19496,19497,19498\"]\r\n\r\n","_links":{"self":[{"href":"https:\/\/sinprofaz.org.br\/2024\/wp-json\/wp\/v2\/posts\/19483"}],"collection":[{"href":"https:\/\/sinprofaz.org.br\/2024\/wp-json\/wp\/v2\/posts"}],"about":[{"href":"https:\/\/sinprofaz.org.br\/2024\/wp-json\/wp\/v2\/types\/post"}],"author":[{"embeddable":true,"href":"https:\/\/sinprofaz.org.br\/2024\/wp-json\/wp\/v2\/users\/2"}],"replies":[{"embeddable":true,"href":"https:\/\/sinprofaz.org.br\/2024\/wp-json\/wp\/v2\/comments?post=19483"}],"version-history":[{"count":1,"href":"https:\/\/sinprofaz.org.br\/2024\/wp-json\/wp\/v2\/posts\/19483\/revisions"}],"predecessor-version":[{"id":19499,"href":"https:\/\/sinprofaz.org.br\/2024\/wp-json\/wp\/v2\/posts\/19483\/revisions\/19499"}],"wp:featuredmedia":[{"embeddable":true,"href":"https:\/\/sinprofaz.org.br\/2024\/wp-json\/wp\/v2\/media\/19484"}],"wp:attachment":[{"href":"https:\/\/sinprofaz.org.br\/2024\/wp-json\/wp\/v2\/media?parent=19483"}],"wp:term":[{"taxonomy":"category","embeddable":true,"href":"https:\/\/sinprofaz.org.br\/2024\/wp-json\/wp\/v2\/categories?post=19483"},{"taxonomy":"post_tag","embeddable":true,"href":"https:\/\/sinprofaz.org.br\/2024\/wp-json\/wp\/v2\/tags?post=19483"}],"curies":[{"name":"wp","href":"https:\/\/api.w.org\/{rel}","templated":true}]}}