{"id":19471,"date":"2025-03-28T11:02:26","date_gmt":"2025-03-28T14:02:26","guid":{"rendered":"https:\/\/sinprofaz.org.br\/2024\/?p=19471"},"modified":"2025-03-28T11:02:26","modified_gmt":"2025-03-28T14:02:26","slug":"entidades-da-advocacia-publica-debatem-movimento-pela-valorizacao-da-carreira","status":"publish","type":"post","link":"https:\/\/sinprofaz.org.br\/2024\/noticias\/entidades-da-advocacia-publica-debatem-movimento-pela-valorizacao-da-carreira\/","title":{"rendered":"ENTIDADES DA ADVOCACIA P\u00daBLICA DEBATEM MOVIMENTO PELA VALORIZA\u00c7\u00c3O DA CARREIRA"},"content":{"rendered":"<p>O SINPROFAZ, as demais entidades do F\u00f3rum Nacional da Advocacia P\u00fablica Federal e a\u00a0Associa\u00e7\u00e3o Nacional dos Procuradores dos Estados e do Distrito Federal &#8211; ANAPE estiveram reunidos ontem (27) de modo h\u00edbrido &#8211; virtual e presencialmente, na sede do Sindicato. Quest\u00f5es relativas ao\u00a0<strong>Movimento Nacional pela Valoriza\u00e7\u00e3o da Advocacia P\u00fablica<\/strong>\u00a0pautaram a reuni\u00e3o entre os dirigentes sindicais e associativos.<\/p>\n<p>Procuradoras e Procuradores da\u00a0Fazenda Nacional est\u00e3o convidados para a segunda edi\u00e7\u00e3o do Movimento. Programada para o dia\u00a0<strong>7 de maio<\/strong>, em Bras\u00edlia\/DF, a mobiliza\u00e7\u00e3o permitir\u00e1 que\u00a0Advogados\u00a0P\u00fablicos\u00a0dos tr\u00eas n\u00edveis da Federa\u00e7\u00e3o retomem a luta conjunta por um objetivo comum: a Autonomia da Advocacia P\u00fablica, prevista na PEC 17\/2024. A segunda edi\u00e7\u00e3o do Movimento tem como tema central\u00a0<em>Advocacia P\u00fablica e Constitui\u00e7\u00e3o: um projeto inacabado<\/em>.<\/p>\n<p>A programa\u00e7\u00e3o do dia 7 de maio incluir\u00e1 um semin\u00e1rio e concentra\u00e7\u00e3o no Congresso Nacional. Em breve, mais informa\u00e7\u00f5es!<\/p>\n<p><!-- notionvc: 493c48b2-8a54-4fa3-9958-9242950e2e48 --><\/p>\n\n\t\t<style type=\"text\/css\">\n\t\t\t#gallery-1 {\n\t\t\t\tmargin: auto;\n\t\t\t}\n\t\t\t#gallery-1 .gallery-item {\n\t\t\t\tfloat: left;\n\t\t\t\tmargin-top: 10px;\n\t\t\t\ttext-align: center;\n\t\t\t\twidth: 33%;\n\t\t\t}\n\t\t\t#gallery-1 img {\n\t\t\t\tborder: 2px solid #cfcfcf;\n\t\t\t}\n\t\t\t#gallery-1 .gallery-caption {\n\t\t\t\tmargin-left: 0;\n\t\t\t}\n\t\t\t\/* see gallery_shortcode() in wp-includes\/media.php *\/\n\t\t<\/style>\n\t\t<div id='gallery-1' class='gallery galleryid-19471 gallery-columns-3 gallery-size-thumbnail'><dl class='gallery-item'>\n\t\t\t<dt class='gallery-icon landscape'>\n\t\t\t\t<a href='https:\/\/sinprofaz.org.br\/2024\/wp-content\/uploads\/2025\/03\/2-6.png'><img loading=\"lazy\" decoding=\"async\" width=\"150\" height=\"150\" src=\"https:\/\/sinprofaz.org.br\/2024\/wp-content\/uploads\/2025\/03\/2-6-150x150.png\" class=\"attachment-thumbnail size-thumbnail\" alt=\"\" \/><\/a>\n\t\t\t<\/dt><\/dl><dl class='gallery-item'>\n\t\t\t<dt class='gallery-icon landscape'>\n\t\t\t\t<a href='https:\/\/sinprofaz.org.br\/2024\/wp-content\/uploads\/2025\/03\/3-3.png'><img loading=\"lazy\" decoding=\"async\" width=\"150\" height=\"150\" src=\"https:\/\/sinprofaz.org.br\/2024\/wp-content\/uploads\/2025\/03\/3-3-150x150.png\" class=\"attachment-thumbnail size-thumbnail\" alt=\"\" \/><\/a>\n\t\t\t<\/dt><\/dl>\n\t\t\t<br style='clear: both' \/>\n\t\t<\/div>\n\n","protected":false},"excerpt":{"rendered":"<p>O SINPROFAZ, as demais entidades do F\u00f3rum Nacional da Advocacia P\u00fablica Federal e a Associa\u00e7\u00e3o Nacional dos Procuradores dos Estados e do Distrito Federal &#8211; ANAPE estiveram reunidos ontem. Quest\u00f5es relativas ao Movimento Nacional pela Valoriza\u00e7\u00e3o da Advocacia P\u00fablica pautaram a reuni\u00e3o.<\/p>\n","protected":false},"author":2,"featured_media":19472,"comment_status":"open","ping_status":"open","sticky":false,"template":"","format":"standard","meta":{"footnotes":""},"categories":[8],"tags":[34,23,25],"featured_image_url":"https:\/\/sinprofaz.org.br\/2024\/wp-content\/uploads\/2025\/03\/1-19.png","character_count":695,"formatted_date":"28\/03\/2025 - 11:02","contentNovo":"O SINPROFAZ, as demais entidades do F\u00f3rum Nacional da Advocacia P\u00fablica Federal e a\u00a0Associa\u00e7\u00e3o Nacional dos Procuradores dos Estados e do Distrito Federal - ANAPE estiveram reunidos ontem (27) de modo h\u00edbrido - virtual e presencialmente, na sede do Sindicato. Quest\u00f5es relativas ao\u00a0<strong>Movimento Nacional pela Valoriza\u00e7\u00e3o da Advocacia P\u00fablica<\/strong>\u00a0pautaram a reuni\u00e3o entre os dirigentes sindicais e associativos.\r\n\r\nProcuradoras e Procuradores da\u00a0Fazenda Nacional est\u00e3o convidados para a segunda edi\u00e7\u00e3o do Movimento. Programada para o dia\u00a0<strong>7 de maio<\/strong>, em Bras\u00edlia\/DF, a mobiliza\u00e7\u00e3o permitir\u00e1 que\u00a0Advogados\u00a0P\u00fablicos\u00a0dos tr\u00eas n\u00edveis da Federa\u00e7\u00e3o retomem a luta conjunta por um objetivo comum: a Autonomia da Advocacia P\u00fablica, prevista na PEC 17\/2024. A segunda edi\u00e7\u00e3o do Movimento tem como tema central\u00a0<em>Advocacia P\u00fablica e Constitui\u00e7\u00e3o: um projeto inacabado<\/em>.\r\n\r\nA programa\u00e7\u00e3o do dia 7 de maio incluir\u00e1 um semin\u00e1rio e concentra\u00e7\u00e3o no Congresso Nacional. Em breve, mais informa\u00e7\u00f5es!\r\n\r\n\r\n\r\n[gallery link=\"file\" ids=\"19473,19474\"]","_links":{"self":[{"href":"https:\/\/sinprofaz.org.br\/2024\/wp-json\/wp\/v2\/posts\/19471"}],"collection":[{"href":"https:\/\/sinprofaz.org.br\/2024\/wp-json\/wp\/v2\/posts"}],"about":[{"href":"https:\/\/sinprofaz.org.br\/2024\/wp-json\/wp\/v2\/types\/post"}],"author":[{"embeddable":true,"href":"https:\/\/sinprofaz.org.br\/2024\/wp-json\/wp\/v2\/users\/2"}],"replies":[{"embeddable":true,"href":"https:\/\/sinprofaz.org.br\/2024\/wp-json\/wp\/v2\/comments?post=19471"}],"version-history":[{"count":1,"href":"https:\/\/sinprofaz.org.br\/2024\/wp-json\/wp\/v2\/posts\/19471\/revisions"}],"predecessor-version":[{"id":19475,"href":"https:\/\/sinprofaz.org.br\/2024\/wp-json\/wp\/v2\/posts\/19471\/revisions\/19475"}],"wp:featuredmedia":[{"embeddable":true,"href":"https:\/\/sinprofaz.org.br\/2024\/wp-json\/wp\/v2\/media\/19472"}],"wp:attachment":[{"href":"https:\/\/sinprofaz.org.br\/2024\/wp-json\/wp\/v2\/media?parent=19471"}],"wp:term":[{"taxonomy":"category","embeddable":true,"href":"https:\/\/sinprofaz.org.br\/2024\/wp-json\/wp\/v2\/categories?post=19471"},{"taxonomy":"post_tag","embeddable":true,"href":"https:\/\/sinprofaz.org.br\/2024\/wp-json\/wp\/v2\/tags?post=19471"}],"curies":[{"name":"wp","href":"https:\/\/api.w.org\/{rel}","templated":true}]}}