{"id":19452,"date":"2025-03-27T13:52:55","date_gmt":"2025-03-27T16:52:55","guid":{"rendered":"https:\/\/sinprofaz.org.br\/2024\/?p=19452"},"modified":"2025-03-27T13:52:55","modified_gmt":"2025-03-27T16:52:55","slug":"sinprofaz-comparece-a-lancamento-da-obra-reforma-tributaria-e-jurisdicao-constitucional","status":"publish","type":"post","link":"https:\/\/sinprofaz.org.br\/2024\/noticias\/sinprofaz-comparece-a-lancamento-da-obra-reforma-tributaria-e-jurisdicao-constitucional\/","title":{"rendered":"SINPROFAZ COMPARECE A LAN\u00c7AMENTO DA OBRA &#8220;REFORMA TRIBUT\u00c1RIA E JURISDI\u00c7\u00c3O CONSTITUCIONAL&#8221;"},"content":{"rendered":"<p>Na noite da quarta-feira (26), a Presidente do SINPROFAZ, Iolanda Guindani, participou do evento de lan\u00e7amento da obra\u00a0<em>Reforma Tribut\u00e1ria e Jurisdi\u00e7\u00e3o Constitucional: O futuro da tributa\u00e7\u00e3o no Brasil<\/em>. Realizado na Biblioteca do Supremo Tribunal Federal, o evento foi prestigiado, entre outras autoridades, pelo Ministro da AGU, Jorge Messias, e pelos Ministros do STF\u00a0Lu\u00eds Roberto Barroso e Gilmar Mendes, os quais assinam o Pref\u00e1cio e a Apresenta\u00e7\u00e3o do livro, respectivamente.<\/p>\n<p>A procuradora da Fazenda Nacional Rita Dias Nolasco \u00e9 autora e coordenadora da obra, que tamb\u00e9m tem entre os autores o filiado Daniel Giotti de Paula. Ainda figuram como coordenadores\u00a0o Ministro do Superior Tribunal de Justi\u00e7a Luiz Alberto Gurgel de Faria, o Advogado Pedro J\u00falio Sales D\u2019Ara\u00fajo e a Procuradora Federal Tarsila Ribeiro Marques Fernandes. A obra \u00e9 fruto do esfor\u00e7o do Grupo de Pesquisa &#8220;Reforma Tribut\u00e1ria e Jurisdi\u00e7\u00e3o Constitucional&#8221; do Programa de Mestrado Profissional em Direito do IDP, em Bras\u00edlia\/DF.<\/p>\n<p><strong>Mais sobre a obra<br \/>\n<\/strong>Ap\u00f3s intensas pesquisas, debates e encontros realizados, ao longo do ano de 2024, entre os membros do Grupo e acad\u00eamicos que atuaram na constru\u00e7\u00e3o do novo modelo brasileiro de tributa\u00e7\u00e3o sobre o consumo, os participantes apresentaram trabalhos acad\u00eamicos resultantes das reflex\u00f5es sobre as modifica\u00e7\u00f5es implementadas pela Emenda Constitucional n\u00ba 132\/2023, em contraste com a jurisprud\u00eancia dos tribunais superiores. Os trabalhos em quest\u00e3o foram reunidos na obra, que certamente\u00a0figurar\u00e1 no rol dos mais relevantes estudos brasileiros a respeito da Reforma Tribut\u00e1ria.<\/p>\n<p>Para adquirir um exemplar, acesse o site da Editora Thoth:\u00a0<a href=\"https:\/\/editorathoth.com.br\/produto\/reforma-tributaria-e-jurisdicao-constitucional--o-futuro-da-tributacao-no-brasil\/1334\" target=\"_blank\" rel=\"noopener\">https:\/\/editorathoth.com.br\/produto\/reforma-tributaria-e-jurisdicao-constitucional&#8211;o-futuro-da-tributacao-no-brasil\/1334<\/a><\/p>\n\n\t\t<style type=\"text\/css\">\n\t\t\t#gallery-1 {\n\t\t\t\tmargin: auto;\n\t\t\t}\n\t\t\t#gallery-1 .gallery-item {\n\t\t\t\tfloat: left;\n\t\t\t\tmargin-top: 10px;\n\t\t\t\ttext-align: center;\n\t\t\t\twidth: 33%;\n\t\t\t}\n\t\t\t#gallery-1 img {\n\t\t\t\tborder: 2px solid #cfcfcf;\n\t\t\t}\n\t\t\t#gallery-1 .gallery-caption {\n\t\t\t\tmargin-left: 0;\n\t\t\t}\n\t\t\t\/* see gallery_shortcode() in wp-includes\/media.php *\/\n\t\t<\/style>\n\t\t<div id='gallery-1' class='gallery galleryid-19452 gallery-columns-3 gallery-size-thumbnail'><dl class='gallery-item'>\n\t\t\t<dt class='gallery-icon landscape'>\n\t\t\t\t<a href='https:\/\/sinprofaz.org.br\/2024\/wp-content\/uploads\/2025\/03\/2-4.png'><img loading=\"lazy\" decoding=\"async\" width=\"150\" height=\"150\" src=\"https:\/\/sinprofaz.org.br\/2024\/wp-content\/uploads\/2025\/03\/2-4-150x150.png\" class=\"attachment-thumbnail size-thumbnail\" alt=\"\" \/><\/a>\n\t\t\t<\/dt><\/dl><dl class='gallery-item'>\n\t\t\t<dt class='gallery-icon landscape'>\n\t\t\t\t<a href='https:\/\/sinprofaz.org.br\/2024\/wp-content\/uploads\/2025\/03\/3-1.png'><img loading=\"lazy\" decoding=\"async\" width=\"150\" height=\"150\" src=\"https:\/\/sinprofaz.org.br\/2024\/wp-content\/uploads\/2025\/03\/3-1-150x150.png\" class=\"attachment-thumbnail size-thumbnail\" alt=\"\" \/><\/a>\n\t\t\t<\/dt><\/dl><dl class='gallery-item'>\n\t\t\t<dt class='gallery-icon landscape'>\n\t\t\t\t<a href='https:\/\/sinprofaz.org.br\/2024\/wp-content\/uploads\/2025\/03\/4-1.png'><img loading=\"lazy\" decoding=\"async\" width=\"150\" height=\"150\" src=\"https:\/\/sinprofaz.org.br\/2024\/wp-content\/uploads\/2025\/03\/4-1-150x150.png\" class=\"attachment-thumbnail size-thumbnail\" alt=\"\" \/><\/a>\n\t\t\t<\/dt><\/dl><br style=\"clear: both\" \/><dl class='gallery-item'>\n\t\t\t<dt class='gallery-icon landscape'>\n\t\t\t\t<a href='https:\/\/sinprofaz.org.br\/2024\/wp-content\/uploads\/2025\/03\/5-1.png'><img loading=\"lazy\" decoding=\"async\" width=\"150\" height=\"150\" src=\"https:\/\/sinprofaz.org.br\/2024\/wp-content\/uploads\/2025\/03\/5-1-150x150.png\" class=\"attachment-thumbnail size-thumbnail\" alt=\"\" \/><\/a>\n\t\t\t<\/dt><\/dl>\n\t\t\t<br style='clear: both' \/>\n\t\t<\/div>\n\n<p><!-- notionvc: 310836a2-ff31-4ce9-a2cc-b9807605daad --><\/p>\n","protected":false},"excerpt":{"rendered":"<p>Realizado na Biblioteca do Supremo Tribunal Federal, o evento foi prestigiado pelo Ministro da AGU, Jorge Messias, e pelos Ministros do STF Lu\u00eds Roberto Barroso e Gilmar Mendes, os quais assinam o Pref\u00e1cio e a Apresenta\u00e7\u00e3o do livro, respectivamente.<\/p>\n","protected":false},"author":2,"featured_media":19453,"comment_status":"open","ping_status":"open","sticky":false,"template":"","format":"standard","meta":{"footnotes":""},"categories":[8],"tags":[32,121,182],"featured_image_url":"https:\/\/sinprofaz.org.br\/2024\/wp-content\/uploads\/2025\/03\/1-17.png","character_count":1113,"formatted_date":"27\/03\/2025 - 13:52","contentNovo":"Na noite da quarta-feira (26), a Presidente do SINPROFAZ, Iolanda Guindani, participou do evento de lan\u00e7amento da obra\u00a0<em>Reforma Tribut\u00e1ria e Jurisdi\u00e7\u00e3o Constitucional: O futuro da tributa\u00e7\u00e3o no Brasil<\/em>. Realizado na Biblioteca do Supremo Tribunal Federal, o evento foi prestigiado, entre outras autoridades, pelo Ministro da AGU, Jorge Messias, e pelos Ministros do STF\u00a0Lu\u00eds Roberto Barroso e Gilmar Mendes, os quais assinam o Pref\u00e1cio e a Apresenta\u00e7\u00e3o do livro, respectivamente.\r\n\r\nA procuradora da Fazenda Nacional Rita Dias Nolasco \u00e9 autora e coordenadora da obra, que tamb\u00e9m tem entre os autores o filiado Daniel Giotti de Paula. Ainda figuram como coordenadores\u00a0o Ministro do Superior Tribunal de Justi\u00e7a Luiz Alberto Gurgel de Faria, o Advogado Pedro J\u00falio Sales D\u2019Ara\u00fajo e a Procuradora Federal Tarsila Ribeiro Marques Fernandes. A obra \u00e9 fruto do esfor\u00e7o do Grupo de Pesquisa \"Reforma Tribut\u00e1ria e Jurisdi\u00e7\u00e3o Constitucional\" do Programa de Mestrado Profissional em Direito do IDP, em Bras\u00edlia\/DF.\r\n\r\n<strong>Mais sobre a obra\r\n<\/strong>Ap\u00f3s intensas pesquisas, debates e encontros realizados, ao longo do ano de 2024, entre os membros do Grupo e acad\u00eamicos que atuaram na constru\u00e7\u00e3o do novo modelo brasileiro de tributa\u00e7\u00e3o sobre o consumo, os participantes apresentaram trabalhos acad\u00eamicos resultantes das reflex\u00f5es sobre as modifica\u00e7\u00f5es implementadas pela Emenda Constitucional n\u00ba 132\/2023, em contraste com a jurisprud\u00eancia dos tribunais superiores. Os trabalhos em quest\u00e3o foram reunidos na obra, que certamente\u00a0figurar\u00e1 no rol dos mais relevantes estudos brasileiros a respeito da Reforma Tribut\u00e1ria.\r\n\r\nPara adquirir um exemplar, acesse o site da Editora Thoth:\u00a0<a href=\"https:\/\/editorathoth.com.br\/produto\/reforma-tributaria-e-jurisdicao-constitucional--o-futuro-da-tributacao-no-brasil\/1334\" target=\"_blank\" rel=\"noopener\">https:\/\/editorathoth.com.br\/produto\/reforma-tributaria-e-jurisdicao-constitucional--o-futuro-da-tributacao-no-brasil\/1334<\/a>\r\n\r\n[gallery link=\"file\" ids=\"19454,19455,19456,19457\"]\r\n\r\n","_links":{"self":[{"href":"https:\/\/sinprofaz.org.br\/2024\/wp-json\/wp\/v2\/posts\/19452"}],"collection":[{"href":"https:\/\/sinprofaz.org.br\/2024\/wp-json\/wp\/v2\/posts"}],"about":[{"href":"https:\/\/sinprofaz.org.br\/2024\/wp-json\/wp\/v2\/types\/post"}],"author":[{"embeddable":true,"href":"https:\/\/sinprofaz.org.br\/2024\/wp-json\/wp\/v2\/users\/2"}],"replies":[{"embeddable":true,"href":"https:\/\/sinprofaz.org.br\/2024\/wp-json\/wp\/v2\/comments?post=19452"}],"version-history":[{"count":1,"href":"https:\/\/sinprofaz.org.br\/2024\/wp-json\/wp\/v2\/posts\/19452\/revisions"}],"predecessor-version":[{"id":19458,"href":"https:\/\/sinprofaz.org.br\/2024\/wp-json\/wp\/v2\/posts\/19452\/revisions\/19458"}],"wp:featuredmedia":[{"embeddable":true,"href":"https:\/\/sinprofaz.org.br\/2024\/wp-json\/wp\/v2\/media\/19453"}],"wp:attachment":[{"href":"https:\/\/sinprofaz.org.br\/2024\/wp-json\/wp\/v2\/media?parent=19452"}],"wp:term":[{"taxonomy":"category","embeddable":true,"href":"https:\/\/sinprofaz.org.br\/2024\/wp-json\/wp\/v2\/categories?post=19452"},{"taxonomy":"post_tag","embeddable":true,"href":"https:\/\/sinprofaz.org.br\/2024\/wp-json\/wp\/v2\/tags?post=19452"}],"curies":[{"name":"wp","href":"https:\/\/api.w.org\/{rel}","templated":true}]}}