{"id":1945,"date":"2014-10-20T21:09:41","date_gmt":"2014-10-20T21:09:41","guid":{"rendered":""},"modified":"-0001-11-30T00:00:00","modified_gmt":"-0001-11-30T03:00:00","slug":"sinprofaz-presente-na-abertura-da-xxii-conferencia-nacional-da-oab","status":"publish","type":"post","link":"https:\/\/sinprofaz.org.br\/2024\/noticias\/sinprofaz-presente-na-abertura-da-xxii-conferencia-nacional-da-oab\/","title":{"rendered":"SINPROFAZ presente na abertura da XXII Confer\u00eancia Nacional da OAB"},"content":{"rendered":"<p><img loading=\"lazy\" decoding=\"async\" alt=\"foto01\" src=\"images\/noticias\/sinprofaz-presente-xxii-conferencia-nacional-oab\/foto01.jpg\" width=\"200\" height=\"133\" style=\"margin-right: 10px; float: left;\" \/><span style=\"line-height: 20.4799995422363px;\">O evento come\u00e7ou nesta segunda-feira, 20\/10, e contou com a presen\u00e7a do Diretor Administrativo do Sindicato, Achilles Frias, na solenidade de abertura.<\/span><\/p>\n<p>Mais de 15 mil participantes est\u00e3o inscritos na Confer\u00eancia, que contar\u00e1 com 250 palestras, 40 pain\u00e9is, lan\u00e7amentos de livros e outas atividades ligadas ao mundo jur\u00eddico.<\/p>\n<p>Durante a sess\u00e3o solene de abertura da Confer\u00eancia, o presidente nacional da OAB, Marcus Vinicius Furtado C\u00f4elho, saudou todos os presentes e lembrou da import\u00e2ncia dos advogados para a consolida\u00e7\u00e3o do Estado Democr\u00e1tico de Direito. Al\u00e9m disso, apontou a inclus\u00e3o das sociedades de advogados no supersimples nacional e a campanha por honor\u00e1rios dignos como marcos da sua gest\u00e3o \u00e0 frente da OAB.<\/p>\n<p>O ministro da Justi\u00e7a, Jos\u00e9 Eduardo Cardozo, apontou a necessidade de revis\u00e3o do sistema representativo brasileiro. \u201cTemos um compromisso com o Estado Democr\u00e1tico de Direito, pois o constru\u00edmos junto com a sociedade. E para que possamos fortalec\u00ea-lo, \u00e9 preciso fazer urgentemente uma reforma pol\u00edtica\u201d, afirmou o ministro.<img loading=\"lazy\" decoding=\"async\" alt=\"foto02\" src=\"images\/noticias\/sinprofaz-presente-xxii-conferencia-nacional-oab\/foto02.jpg\" width=\"200\" height=\"133\" style=\"margin-left: 10px; margin-bottom: 5px; margin-top: 5px; float: right;\" \/><\/p>\n<p>O presidente do Supremo Tribunal Federal, Ricardo Lewandowski, abordou a revis\u00e3o do sistema eleitoral como medida fundamental para o combate \u00e0 corrup\u00e7\u00e3o. Estabelecimento de um teto para campanhas, recupera\u00e7\u00e3o da cl\u00e1usula de desempenho, novo modelo de coliga\u00e7\u00f5es nas elei\u00e7\u00f5es proporcionais foram algumas das propostas levantadas por Lewandovski. \u201cO financiamento de campanha por empresas privadas desequilibra a paridade de armas, privilegiando o capital em desfavor da democracia\u201d completou o presidente do STF.<\/p>\n<p>O ministro do Supremo Tribunal Federal, Luis Roberto Barroso, proferiu a palestra de abertura, abordando a necessidade de efetiva\u00e7\u00e3o dos direitos dos cidad\u00e3os brasileiros. Tamb\u00e9m participaram da cerim\u00f4nia o Advogado-Geral da Uni\u00e3o, Luis In\u00e1cio Adams; o vice-presidente da Rep\u00fablica, Michel Temer, o ministro do STF, Teori Zavascki, o procurador-Geral da Rep\u00fablica, Rodrigo Janot, entre outras autoridades.<\/p>\n","protected":false},"excerpt":{"rendered":"<p>O evento come\u00e7ou nesta segunda-feira, 20\/10, e contou com a presen\u00e7a do Diretor Administrativo do Sindicato, Achilles Frias, na solenidade de abertura.<\/p>\n","protected":false},"author":1,"featured_media":0,"comment_status":"closed","ping_status":"open","sticky":false,"template":"","format":"standard","meta":{"footnotes":""},"categories":[8],"tags":[],"featured_image_url":"https:\/\/dummyimage.com\/720x400","character_count":1008,"formatted_date":"20\/10\/2014 - 21:09","contentNovo":"\r\n<p>O evento come\u00e7ou nesta segunda-feira, 20\/10, e contou com a presen\u00e7a do Diretor Administrativo do Sindicato, Achilles Frias, na solenidade de abertura.<\/p>\r\n<p>Mais de 15 mil participantes est\u00e3o inscritos na Confer\u00eancia, que contar\u00e1 com 250 palestras, 40 pain\u00e9is, lan\u00e7amentos de livros e outas atividades ligadas ao mundo jur\u00eddico.<\/p>\r\n<p>Durante a sess\u00e3o solene de abertura da Confer\u00eancia, o presidente nacional da OAB, Marcus Vinicius Furtado C\u00f4elho, saudou todos os presentes e lembrou da import\u00e2ncia dos advogados para a consolida\u00e7\u00e3o do Estado Democr\u00e1tico de Direito. Al\u00e9m disso, apontou a inclus\u00e3o das sociedades de advogados no supersimples nacional e a campanha por honor\u00e1rios dignos como marcos da sua gest\u00e3o \u00e0 frente da OAB.<\/p>\r\n<p>O ministro da Justi\u00e7a, Jos\u00e9 Eduardo Cardozo, apontou a necessidade de revis\u00e3o do sistema representativo brasileiro. \u201cTemos um compromisso com o Estado Democr\u00e1tico de Direito, pois o constru\u00edmos junto com a sociedade. E para que possamos fortalec\u00ea-lo, \u00e9 preciso fazer urgentemente uma reforma pol\u00edtica\u201d, afirmou o ministro.<\/p>\r\n<p>O presidente do Supremo Tribunal Federal, Ricardo Lewandowski, abordou a revis\u00e3o do sistema eleitoral como medida fundamental para o combate \u00e0 corrup\u00e7\u00e3o. Estabelecimento de um teto para campanhas, recupera\u00e7\u00e3o da cl\u00e1usula de desempenho, novo modelo de coliga\u00e7\u00f5es nas elei\u00e7\u00f5es proporcionais foram algumas das propostas levantadas por Lewandovski. \u201cO financiamento de campanha por empresas privadas desequilibra a paridade de armas, privilegiando o capital em desfavor da democracia\u201d completou o presidente do STF.<\/p>\r\n<p>O ministro do Supremo Tribunal Federal, Luis Roberto Barroso, proferiu a palestra de abertura, abordando a necessidade de efetiva\u00e7\u00e3o dos direitos dos cidad\u00e3os brasileiros. Tamb\u00e9m participaram da cerim\u00f4nia o Advogado-Geral da Uni\u00e3o, Luis In\u00e1cio Adams; o vice-presidente da Rep\u00fablica, Michel Temer, o ministro do STF, Teori Zavascki, o procurador-Geral da Rep\u00fablica, Rodrigo Janot, entre outras autoridades.<\/p>","_links":{"self":[{"href":"https:\/\/sinprofaz.org.br\/2024\/wp-json\/wp\/v2\/posts\/1945"}],"collection":[{"href":"https:\/\/sinprofaz.org.br\/2024\/wp-json\/wp\/v2\/posts"}],"about":[{"href":"https:\/\/sinprofaz.org.br\/2024\/wp-json\/wp\/v2\/types\/post"}],"author":[{"embeddable":true,"href":"https:\/\/sinprofaz.org.br\/2024\/wp-json\/wp\/v2\/users\/1"}],"replies":[{"embeddable":true,"href":"https:\/\/sinprofaz.org.br\/2024\/wp-json\/wp\/v2\/comments?post=1945"}],"version-history":[{"count":0,"href":"https:\/\/sinprofaz.org.br\/2024\/wp-json\/wp\/v2\/posts\/1945\/revisions"}],"wp:attachment":[{"href":"https:\/\/sinprofaz.org.br\/2024\/wp-json\/wp\/v2\/media?parent=1945"}],"wp:term":[{"taxonomy":"category","embeddable":true,"href":"https:\/\/sinprofaz.org.br\/2024\/wp-json\/wp\/v2\/categories?post=1945"},{"taxonomy":"post_tag","embeddable":true,"href":"https:\/\/sinprofaz.org.br\/2024\/wp-json\/wp\/v2\/tags?post=1945"}],"curies":[{"name":"wp","href":"https:\/\/api.w.org\/{rel}","templated":true}]}}