{"id":19449,"date":"2025-03-25T16:11:22","date_gmt":"2025-03-25T19:11:22","guid":{"rendered":"https:\/\/sinprofaz.org.br\/2024\/?p=19449"},"modified":"2025-03-25T16:11:22","modified_gmt":"2025-03-25T19:11:22","slug":"ago-2025-procuracao-em-pdf-disponivel-para-preenchimento","status":"publish","type":"post","link":"https:\/\/sinprofaz.org.br\/2024\/noticias\/ago-2025-procuracao-em-pdf-disponivel-para-preenchimento\/","title":{"rendered":"AGO 2025: PROCURA\u00c7\u00c3O EM PDF DISPON\u00cdVEL PARA PREENCHIMENTO"},"content":{"rendered":"<p>A pedido de Filiadas e Filiados, o SINPROFAZ disponibiliza agora a\u00a0<strong>Procura\u00e7\u00e3o da AGO 2025<\/strong>\u00a0em formato PDF. O arquivo \u00e9 id\u00eantico ao que foi encaminhado, via Correios, para as resid\u00eancias dos Colegas.<\/p>\n<p>Para preenchimento, siga o passo a passo:<br \/>\n1. Acesse <a href=\"https:\/\/bit.ly\/Procura%C3%A7%C3%A3oAGO2025\" target=\"_blank\" rel=\"noopener\">https:\/\/bit.ly\/Procura\u00e7\u00e3oAGO2025<\/a>\u00a0e fa\u00e7a o download do documento<br \/>\n2. Realize a impress\u00e3o da Procura\u00e7\u00e3o AGO 2025<br \/>\n3. Preencha e, em seguida, fotografe ou escaneie o documento<br \/>\n4. Envie a foto ou o arquivo para o e-mail <a href=\"mailto:secretaria@sinprofaz.org.br\">secretaria@sinprofaz.org.br<\/a><\/p>\n<p>Garanta sua participa\u00e7\u00e3o na Assembleia Geral Ordin\u00e1ria do SINPROFAZ!<\/p>\n<p><!-- notionvc: d3e26926-d89c-47d6-bb7b-53eb7e88f1d5 --><\/p>\n","protected":false},"excerpt":{"rendered":"<p>A pedido de Filiadas e Filiados, o SINPROFAZ disponibiliza agora a Procura\u00e7\u00e3o da AGO 2025 em formato PDF. O arquivo \u00e9 id\u00eantico ao que foi encaminhado, via Correios, para as resid\u00eancias dos Colegas. Para preenchimento, siga o passo a passo e garanta sua participa\u00e7\u00e3o na Assembleia Geral!<\/p>\n","protected":false},"author":2,"featured_media":19450,"comment_status":"open","ping_status":"open","sticky":false,"template":"","format":"standard","meta":{"footnotes":""},"categories":[8],"tags":[41,32,25],"featured_image_url":"https:\/\/sinprofaz.org.br\/2024\/wp-content\/uploads\/2025\/03\/1-16.png","character_count":290,"formatted_date":"25\/03\/2025 - 16:11","contentNovo":"A pedido de Filiadas e Filiados, o SINPROFAZ disponibiliza agora a\u00a0<strong>Procura\u00e7\u00e3o da AGO 2025<\/strong>\u00a0em formato PDF. O arquivo \u00e9 id\u00eantico ao que foi encaminhado, via Correios, para as resid\u00eancias dos Colegas.\r\n\r\nPara preenchimento, siga o passo a passo:\r\n1. Acesse <a href=\"https:\/\/bit.ly\/Procura%C3%A7%C3%A3oAGO2025\" target=\"_blank\" rel=\"noopener\">https:\/\/bit.ly\/Procura\u00e7\u00e3oAGO2025<\/a>\u00a0e fa\u00e7a o download do documento\r\n2. Realize a impress\u00e3o da Procura\u00e7\u00e3o AGO 2025\r\n3. Preencha e, em seguida, fotografe ou escaneie o documento\r\n4. Envie a foto ou o arquivo para o e-mail <a href=\"mailto:secretaria@sinprofaz.org.br\">secretaria@sinprofaz.org.br<\/a>\r\n\r\nGaranta sua participa\u00e7\u00e3o na Assembleia Geral Ordin\u00e1ria do SINPROFAZ!\r\n\r\n","_links":{"self":[{"href":"https:\/\/sinprofaz.org.br\/2024\/wp-json\/wp\/v2\/posts\/19449"}],"collection":[{"href":"https:\/\/sinprofaz.org.br\/2024\/wp-json\/wp\/v2\/posts"}],"about":[{"href":"https:\/\/sinprofaz.org.br\/2024\/wp-json\/wp\/v2\/types\/post"}],"author":[{"embeddable":true,"href":"https:\/\/sinprofaz.org.br\/2024\/wp-json\/wp\/v2\/users\/2"}],"replies":[{"embeddable":true,"href":"https:\/\/sinprofaz.org.br\/2024\/wp-json\/wp\/v2\/comments?post=19449"}],"version-history":[{"count":1,"href":"https:\/\/sinprofaz.org.br\/2024\/wp-json\/wp\/v2\/posts\/19449\/revisions"}],"predecessor-version":[{"id":19451,"href":"https:\/\/sinprofaz.org.br\/2024\/wp-json\/wp\/v2\/posts\/19449\/revisions\/19451"}],"wp:featuredmedia":[{"embeddable":true,"href":"https:\/\/sinprofaz.org.br\/2024\/wp-json\/wp\/v2\/media\/19450"}],"wp:attachment":[{"href":"https:\/\/sinprofaz.org.br\/2024\/wp-json\/wp\/v2\/media?parent=19449"}],"wp:term":[{"taxonomy":"category","embeddable":true,"href":"https:\/\/sinprofaz.org.br\/2024\/wp-json\/wp\/v2\/categories?post=19449"},{"taxonomy":"post_tag","embeddable":true,"href":"https:\/\/sinprofaz.org.br\/2024\/wp-json\/wp\/v2\/tags?post=19449"}],"curies":[{"name":"wp","href":"https:\/\/api.w.org\/{rel}","templated":true}]}}