{"id":19445,"date":"2025-03-25T15:22:59","date_gmt":"2025-03-25T18:22:59","guid":{"rendered":"https:\/\/sinprofaz.org.br\/2024\/?p=19445"},"modified":"2025-03-25T15:50:48","modified_gmt":"2025-03-25T18:50:48","slug":"chamada-para-envio-de-artigos-sobre-a-valorizacao-da-advocacia-publica","status":"publish","type":"post","link":"https:\/\/sinprofaz.org.br\/2024\/noticias\/chamada-para-envio-de-artigos-sobre-a-valorizacao-da-advocacia-publica\/","title":{"rendered":"CHAMADA PARA ENVIO DE ARTIGOS SOBRE A VALORIZA\u00c7\u00c3O DA ADVOCACIA P\u00daBLICA"},"content":{"rendered":"<p>O Sindicato Nacional dos Procuradores da Fazenda Nacional &#8211; SINPROFAZ, a Associa\u00e7\u00e3o Nacional dos Procuradores dos Estados e do Distrito Federal &#8211; ANAPE e a Associa\u00e7\u00e3o Nacional dos Advogados P\u00fablicos Federais &#8211; ANAFE\u00a0abriram Chamada para o envio de artigos relacionados ao\u00a0<strong>Movimento Nacional pela Valoriza\u00e7\u00e3o da Advocacia P\u00fablica<\/strong>.<\/p>\n<p>Ser\u00e3o aceitos artigos de autoria de Advogadas P\u00fablicas, Advogados P\u00fablicos e integrantes do meio acad\u00eamico. As produ\u00e7\u00f5es dever\u00e3o abordar um dos seguintes temas:<br \/>\n&#8211; A Advocacia P\u00fablica e sua evolu\u00e7\u00e3o institucional;<br \/>\n&#8211; O papel da Advocacia P\u00fablica na defesa do Estado Democr\u00e1tico de Direito;<br \/>\n&#8211; A Advocacia P\u00fablica no impulsionamento da pol\u00edtica p\u00fablica;<br \/>\n&#8211; A Advocacia P\u00fablica e a promo\u00e7\u00e3o da igualdade e da justi\u00e7a social;<br \/>\n&#8211; A Advocacia P\u00fablica e a prote\u00e7\u00e3o do patrim\u00f4nio p\u00fablico;<br \/>\n&#8211; A Advocacia P\u00fablica e a defesa da cidadania e da democracia.<\/p>\n<p><strong>Filiadas e Filiados devem encaminhar os artigos para\u00a0<a href=\"mailto:jornalismo@sinprofaz.org.br\">jornalismo@sinprofaz.org.br<\/a>.<\/strong><\/p>\n<p>Todas as informa\u00e7\u00f5es sobre a Chamada constam do Edital:\u00a0<a href=\"https:\/\/bit.ly\/EditalMovimentoNacional\" target=\"_blank\" rel=\"noopener\">https:\/\/bit.ly\/EditalMovimentoNacional<\/a><\/p>\n<p><strong>Sobre o Movimento<br \/>\n<\/strong>A Carreira est\u00e1 convidada para a segunda edi\u00e7\u00e3o do\u00a0<strong>Movimento Nacional pela Valoriza\u00e7\u00e3o da Advocacia P\u00fablica<\/strong>. Programada para o dia 7 de maio, em Bras\u00edlia\/DF, a mobiliza\u00e7\u00e3o permitir\u00e1 que Advogados\u00a0P\u00fablicos dos tr\u00eas n\u00edveis da Federa\u00e7\u00e3o retomem a luta conjunta por um objetivo comum: a Autonomia da Advocacia P\u00fablica, prevista na PEC 17\/2024.\u00a0A segunda edi\u00e7\u00e3o do Movimento tem como tema central &#8220;<strong>Advocacia P\u00fablica e Constitui\u00e7\u00e3o: um projeto inacabado<\/strong>&#8220;.<\/p>\n<p><!-- notionvc: 1e22478f-dcde-454f-be07-14a488ff45d2 --><\/p>\n","protected":false},"excerpt":{"rendered":"<p>As produ\u00e7\u00f5es dever\u00e3o abordar temas como a Advocacia P\u00fablica e sua evolu\u00e7\u00e3o institucional; o papel da Advocacia P\u00fablica na defesa do Estado Democr\u00e1tico de Direito; a Advocacia P\u00fablica e a promo\u00e7\u00e3o da igualdade e da justi\u00e7a social; e a Advocacia P\u00fablica no impulsionamento da pol\u00edtica p\u00fablica.<\/p>\n","protected":false},"author":2,"featured_media":19448,"comment_status":"open","ping_status":"open","sticky":false,"template":"","format":"standard","meta":{"footnotes":""},"categories":[8],"tags":[34,51,25],"featured_image_url":"https:\/\/sinprofaz.org.br\/2024\/wp-content\/uploads\/2025\/03\/1-15.png","character_count":823,"formatted_date":"25\/03\/2025 - 15:22","contentNovo":"O Sindicato Nacional dos Procuradores da Fazenda Nacional - SINPROFAZ, a Associa\u00e7\u00e3o Nacional dos Procuradores dos Estados e do Distrito Federal - ANAPE e a Associa\u00e7\u00e3o Nacional dos Advogados P\u00fablicos Federais - ANAFE\u00a0abriram Chamada para o envio de artigos relacionados ao\u00a0<strong>Movimento Nacional pela Valoriza\u00e7\u00e3o da Advocacia P\u00fablica<\/strong>.\r\n\r\nSer\u00e3o aceitos artigos de autoria de Advogadas P\u00fablicas, Advogados P\u00fablicos e integrantes do meio acad\u00eamico. As produ\u00e7\u00f5es dever\u00e3o abordar um dos seguintes temas:\r\n- A Advocacia P\u00fablica e sua evolu\u00e7\u00e3o institucional;\r\n- O papel da Advocacia P\u00fablica na defesa do Estado Democr\u00e1tico de Direito;\r\n- A Advocacia P\u00fablica no impulsionamento da pol\u00edtica p\u00fablica;\r\n- A Advocacia P\u00fablica e a promo\u00e7\u00e3o da igualdade e da justi\u00e7a social;\r\n- A Advocacia P\u00fablica e a prote\u00e7\u00e3o do patrim\u00f4nio p\u00fablico;\r\n- A Advocacia P\u00fablica e a defesa da cidadania e da democracia.\r\n\r\n<strong>Filiadas e Filiados devem encaminhar os artigos para\u00a0<a href=\"mailto:jornalismo@sinprofaz.org.br\">jornalismo@sinprofaz.org.br<\/a>.<\/strong>\r\n\r\nTodas as informa\u00e7\u00f5es sobre a Chamada constam do Edital:\u00a0<a href=\"https:\/\/bit.ly\/EditalMovimentoNacional\" target=\"_blank\" rel=\"noopener\">https:\/\/bit.ly\/EditalMovimentoNacional<\/a>\r\n\r\n<strong>Sobre o Movimento\r\n<\/strong>A Carreira est\u00e1 convidada para a segunda edi\u00e7\u00e3o do\u00a0<strong>Movimento Nacional pela Valoriza\u00e7\u00e3o da Advocacia P\u00fablica<\/strong>. Programada para o dia 7 de maio, em Bras\u00edlia\/DF, a mobiliza\u00e7\u00e3o permitir\u00e1 que Advogados\u00a0P\u00fablicos dos tr\u00eas n\u00edveis da Federa\u00e7\u00e3o retomem a luta conjunta por um objetivo comum: a Autonomia da Advocacia P\u00fablica, prevista na PEC 17\/2024.\u00a0A segunda edi\u00e7\u00e3o do Movimento tem como tema central \"<strong>Advocacia P\u00fablica e Constitui\u00e7\u00e3o: um projeto inacabado<\/strong>\".\r\n\r\n","_links":{"self":[{"href":"https:\/\/sinprofaz.org.br\/2024\/wp-json\/wp\/v2\/posts\/19445"}],"collection":[{"href":"https:\/\/sinprofaz.org.br\/2024\/wp-json\/wp\/v2\/posts"}],"about":[{"href":"https:\/\/sinprofaz.org.br\/2024\/wp-json\/wp\/v2\/types\/post"}],"author":[{"embeddable":true,"href":"https:\/\/sinprofaz.org.br\/2024\/wp-json\/wp\/v2\/users\/2"}],"replies":[{"embeddable":true,"href":"https:\/\/sinprofaz.org.br\/2024\/wp-json\/wp\/v2\/comments?post=19445"}],"version-history":[{"count":1,"href":"https:\/\/sinprofaz.org.br\/2024\/wp-json\/wp\/v2\/posts\/19445\/revisions"}],"predecessor-version":[{"id":19447,"href":"https:\/\/sinprofaz.org.br\/2024\/wp-json\/wp\/v2\/posts\/19445\/revisions\/19447"}],"wp:featuredmedia":[{"embeddable":true,"href":"https:\/\/sinprofaz.org.br\/2024\/wp-json\/wp\/v2\/media\/19448"}],"wp:attachment":[{"href":"https:\/\/sinprofaz.org.br\/2024\/wp-json\/wp\/v2\/media?parent=19445"}],"wp:term":[{"taxonomy":"category","embeddable":true,"href":"https:\/\/sinprofaz.org.br\/2024\/wp-json\/wp\/v2\/categories?post=19445"},{"taxonomy":"post_tag","embeddable":true,"href":"https:\/\/sinprofaz.org.br\/2024\/wp-json\/wp\/v2\/tags?post=19445"}],"curies":[{"name":"wp","href":"https:\/\/api.w.org\/{rel}","templated":true}]}}