{"id":1944,"date":"2014-10-20T19:17:52","date_gmt":"2014-10-20T19:17:52","guid":{"rendered":""},"modified":"-0001-11-30T00:00:00","modified_gmt":"-0001-11-30T03:00:00","slug":"advocacia-publica-federal-tem-estande-de-divulgacao-na-conferencia-da-oab","status":"publish","type":"post","link":"https:\/\/sinprofaz.org.br\/2024\/noticias\/advocacia-publica-federal-tem-estande-de-divulgacao-na-conferencia-da-oab\/","title":{"rendered":"Advocacia P\u00fablica Federal tem estande de divulga\u00e7\u00e3o na Confer\u00eancia da OAB"},"content":{"rendered":"<p><img loading=\"lazy\" decoding=\"async\" style=\"margin-right: 10px; float: left;\" alt=\"foto01\" src=\"images\/noticias\/advocacia-publica-federal-tem-estande-divulgacao-conferencia-oab\/foto01.jpg\" height=\"133\" width=\"200\" \/>Diretor do SINPROFAZ marcou presen\u00e7a na abertura da XXII Confer\u00eancia Nacional dos Advogados e visitou o estande da Advocacia P\u00fablica Federal.<\/p>\n<p>A XXII Confer\u00eancia Nacional dos Advogados, maior evento jur\u00eddico da Am\u00e9rica Latina, foi aberta nesta segunda-feira, 18\/10, pelo presidente nacional da OAB, Marcus Vinicius Furtado Co\u00ealho.<\/p>\n<p>A Confer\u00eancia ocorre no pavilh\u00e3o do Riocentro, local que receber\u00e1 mais de 16 mil participantes durante todo evento.<\/p>\n<p>Uma feira com mais de 200 estandes apresenta os servi\u00e7os de parceiros da Confer\u00eancia Nacional, como universidades e editoras jur\u00eddicas. O SINPROFAZ e demais entidades representativas da Advocacia P\u00fablica Federal montaram um estande para divulgar os trabalhos do Sindicato e Associa\u00e7\u00f5es.<\/p>\n<p><img loading=\"lazy\" decoding=\"async\" style=\"margin-left: 10px; margin-bottom: 5px; margin-top: 5px; float: right;\" alt=\"foto02\" src=\"images\/noticias\/advocacia-publica-federal-tem-estande-divulgacao-conferencia-oab\/foto02.jpg\" height=\"133\" width=\"200\" \/>No caso do SINPROFAZ, est\u00e3o sendo distribu\u00eddos aos visitantes do estande exemplares da revista Justi\u00e7a Fiscal e tamb\u00e9m material de divulga\u00e7\u00e3o da Campanha Nacional da Justi\u00e7a Fiscal.<\/p>\n<p>Nas atividades desta segunda-feira, o SINPROFAZ \u00e9 representado pelo Diretor Administrativo, Achilles Frias.<\/p>\n<p>A programa\u00e7\u00e3o completa da Confer\u00eancia pode ser acessada no site da OAB. O SINPROFAZ destaca a programa\u00e7\u00e3o do dia 22 de outubro, quando o presidente Her\u00e1clio Camargo far\u00e1 palestra sobre o tema \u201cIndepend\u00eancia t\u00e9cnica do Advogado P\u00fablico\u201d. O Procurador da Fazenda Nacional e presidente da Comiss\u00e3o de Advocacia P\u00fablica da OAB\/RJ, Ronaldo Campos e Silva, tamb\u00e9m participar\u00e1 desse painel como debatedor.<\/p>\n","protected":false},"excerpt":{"rendered":"<p>Diretor do SINPROFAZ marcou presen\u00e7a na abertura da XXII Confer\u00eancia Nacional dos Advogados e visitou o estande da Advocacia P\u00fablica Federal.<\/p>\n","protected":false},"author":1,"featured_media":0,"comment_status":"closed","ping_status":"open","sticky":false,"template":"","format":"standard","meta":{"footnotes":""},"categories":[8],"tags":[],"featured_image_url":"https:\/\/dummyimage.com\/720x400","character_count":732,"formatted_date":"20\/10\/2014 - 19:17","contentNovo":"\r\n<p>Diretor do SINPROFAZ marcou presen\u00e7a na abertura da XXII Confer\u00eancia Nacional dos Advogados e visitou o estande da Advocacia P\u00fablica Federal.<\/p>\r\n<p>A XXII Confer\u00eancia Nacional dos Advogados, maior evento jur\u00eddico da Am\u00e9rica Latina, foi aberta nesta segunda-feira, 18\/10, pelo presidente nacional da OAB, Marcus Vinicius Furtado Co\u00ealho.<\/p>\r\n<p>A Confer\u00eancia ocorre no pavilh\u00e3o do Riocentro, local que receber\u00e1 mais de 16 mil participantes durante todo evento.<\/p>\r\n<p>Uma feira com mais de 200 estandes apresenta os servi\u00e7os de parceiros da Confer\u00eancia Nacional, como universidades e editoras jur\u00eddicas. O SINPROFAZ e demais entidades representativas da Advocacia P\u00fablica Federal montaram um estande para divulgar os trabalhos do Sindicato e Associa\u00e7\u00f5es.<\/p>\r\n<p>No caso do SINPROFAZ, est\u00e3o sendo distribu\u00eddos aos visitantes do estande exemplares da revista Justi\u00e7a Fiscal e tamb\u00e9m material de divulga\u00e7\u00e3o da Campanha Nacional da Justi\u00e7a Fiscal.<\/p>\r\n<p>Nas atividades desta segunda-feira, o SINPROFAZ \u00e9 representado pelo Diretor Administrativo, Achilles Frias.<\/p>\r\n<p>A programa\u00e7\u00e3o completa da Confer\u00eancia pode ser acessada no site da OAB. O SINPROFAZ destaca a programa\u00e7\u00e3o do dia 22 de outubro, quando o presidente Her\u00e1clio Camargo far\u00e1 palestra sobre o tema \u201cIndepend\u00eancia t\u00e9cnica do Advogado P\u00fablico\u201d. O Procurador da Fazenda Nacional e presidente da Comiss\u00e3o de Advocacia P\u00fablica da OAB\/RJ, Ronaldo Campos e Silva, tamb\u00e9m participar\u00e1 desse painel como debatedor.<\/p>","_links":{"self":[{"href":"https:\/\/sinprofaz.org.br\/2024\/wp-json\/wp\/v2\/posts\/1944"}],"collection":[{"href":"https:\/\/sinprofaz.org.br\/2024\/wp-json\/wp\/v2\/posts"}],"about":[{"href":"https:\/\/sinprofaz.org.br\/2024\/wp-json\/wp\/v2\/types\/post"}],"author":[{"embeddable":true,"href":"https:\/\/sinprofaz.org.br\/2024\/wp-json\/wp\/v2\/users\/1"}],"replies":[{"embeddable":true,"href":"https:\/\/sinprofaz.org.br\/2024\/wp-json\/wp\/v2\/comments?post=1944"}],"version-history":[{"count":0,"href":"https:\/\/sinprofaz.org.br\/2024\/wp-json\/wp\/v2\/posts\/1944\/revisions"}],"wp:attachment":[{"href":"https:\/\/sinprofaz.org.br\/2024\/wp-json\/wp\/v2\/media?parent=1944"}],"wp:term":[{"taxonomy":"category","embeddable":true,"href":"https:\/\/sinprofaz.org.br\/2024\/wp-json\/wp\/v2\/categories?post=1944"},{"taxonomy":"post_tag","embeddable":true,"href":"https:\/\/sinprofaz.org.br\/2024\/wp-json\/wp\/v2\/tags?post=1944"}],"curies":[{"name":"wp","href":"https:\/\/api.w.org\/{rel}","templated":true}]}}