{"id":19431,"date":"2025-03-17T14:58:45","date_gmt":"2025-03-17T17:58:45","guid":{"rendered":"https:\/\/sinprofaz.org.br\/2024\/?p=19431"},"modified":"2025-03-24T15:57:05","modified_gmt":"2025-03-24T18:57:05","slug":"parceria-firmada-pelo-sinprofaz-garante-o-planejamento-previdenciario-dos-pfns","status":"publish","type":"post","link":"https:\/\/sinprofaz.org.br\/2024\/noticias\/parceria-firmada-pelo-sinprofaz-garante-o-planejamento-previdenciario-dos-pfns\/","title":{"rendered":"PARCERIA FIRMADA PELO SINPROFAZ GARANTE O PLANEJAMENTO PREVIDENCI\u00c1RIO DOS PFNS"},"content":{"rendered":"<p>O diretor jur\u00eddico do SINPROFAZ, Roberto Rodrigues, esteve reunido hoje (17) com os advogados Thais Riedel, Jos\u00e9 Hailton Lages e Nathalia Vasconcelos, integrantes da equipe da <strong>Advocacia Riedel<\/strong>. O escrit\u00f3rio tem parceria com o Sindicato para oferecer, a Filiadas e Filiados, o benef\u00edcio do Planejamento Previdenci\u00e1rio, al\u00e9m de outros servi\u00e7os igualmente essenciais e <strong>gratuitos<\/strong>. Se voc\u00ea, PFN, tem d\u00favidas a respeito de sua situa\u00e7\u00e3o previdenci\u00e1ria e deseja se organizar para o longo prazo, aproveite esse benef\u00edcio exclusivo para sindicalizados!<\/p>\n<p><strong>Planejamento Previdenci\u00e1rio<br \/>\n<\/strong>A equipe jur\u00eddica parceira do SINPROFAZ \u00e9 a respons\u00e1vel por realizar o Planejamento. A consultoria se inicia com uma ampla an\u00e1lise do hist\u00f3rico laboral do PFN e envolve orienta\u00e7\u00f5es sobre a melhor op\u00e7\u00e3o que Procuradoras e Procuradores da Fazenda Nacional disp\u00f5em para garantir uma aposentadoria tranquila. Os atendimentos ocorrem de modo presencial, em Bras\u00edlia\/DF, ou de forma remota. Para este servi\u00e7o, <strong>os Colegas rec\u00e9m-empossados constituem p\u00fablico especial de interessados: trata-se de oportunidade \u00edmpar para a realiza\u00e7\u00e3o, por exemplo, da averba\u00e7\u00e3o do tempo de servi\u00e7o anterior na iniciativa privada ou no setor p\u00fablico.<\/strong><\/p>\n<p><strong>Revis\u00e3o de Aposentadoria<br \/>\n<\/strong>A legisla\u00e7\u00e3o permite que o PFN que se aposentou h\u00e1 menos de cinco anos realize uma revis\u00e3o da aposentadoria, mesmo na hip\u00f3tese de os proventos terem sido concedidos com integralidade e paridade. O fundamento da aposentadoria poder\u00e1 ser revisto, por exemplo, se for identificado que, na data da aposentadoria, o servidor p\u00fablico cumpria os crit\u00e9rios para aposenta\u00e7\u00e3o em mais de uma regra. Desse modo, \u00e9 assegurada a aplica\u00e7\u00e3o da regra que lhe conceda o melhor benef\u00edcio. Com a parceria firmada pelo SINPROFAZ, Filiadas e Filiados podem realizar a an\u00e1lise e a revis\u00e3o com o aux\u00edlio da Advocacia Riedel.<\/p>\n<p><strong>Revis\u00e3o do benef\u00edcio especial e da base contributiva decorrente do recebimento de parcelas remunerat\u00f3rias em a\u00e7\u00f5es judiciais (Precat\u00f3rios)<br \/>\n<\/strong>Ao longo da vida funcional do servidor \u00e9 comum que tenham ocorrido vit\u00f3rias judiciais e pagamentos de diferen\u00e7as remunerat\u00f3rias relativas ao per\u00edodo que integraria a base contributiva para efeito do c\u00e1lculo dos proventos de aposentadoria pela m\u00e9dia, ou para corre\u00e7\u00e3o do benef\u00edcio especial dos servidores que fizeram a op\u00e7\u00e3o pela migra\u00e7\u00e3o. Com o apoio da Advocacia Riedel, Procuradoras e Procuradores da Fazenda Nacional podem promover a an\u00e1lise e a eventual revis\u00e3o mediante solicita\u00e7\u00e3o administrativa. Em breve, uma cartilha com o detalhamento deste e dos demais servi\u00e7os do escrit\u00f3rio ser\u00e1 disponibilizada \u00e0 Carreira.<\/p>\n<p>A consultoria da Advocacia Riedel \u00e9 altamente especializada e j\u00e1 beneficiou centenas de Filiadas e Filiados. Para agendar seu atendimento, envie solicita\u00e7\u00e3o para\u00a0<a href=\"mailto:falecomjuridico@sinprofaz.org.br\">falecomjuridico@sinprofaz.org.br<\/a>. A Secretaria e a Diretoria Jur\u00eddica do Sindicato est\u00e3o \u00e0 disposi\u00e7\u00e3o para tirar d\u00favidas sobre os servi\u00e7os!<\/p>\n\n\t\t<style type=\"text\/css\">\n\t\t\t#gallery-1 {\n\t\t\t\tmargin: auto;\n\t\t\t}\n\t\t\t#gallery-1 .gallery-item {\n\t\t\t\tfloat: left;\n\t\t\t\tmargin-top: 10px;\n\t\t\t\ttext-align: center;\n\t\t\t\twidth: 33%;\n\t\t\t}\n\t\t\t#gallery-1 img {\n\t\t\t\tborder: 2px solid #cfcfcf;\n\t\t\t}\n\t\t\t#gallery-1 .gallery-caption {\n\t\t\t\tmargin-left: 0;\n\t\t\t}\n\t\t\t\/* see gallery_shortcode() in wp-includes\/media.php *\/\n\t\t<\/style>\n\t\t<div id='gallery-1' class='gallery galleryid-19431 gallery-columns-3 gallery-size-thumbnail'><dl class='gallery-item'>\n\t\t\t<dt class='gallery-icon landscape'>\n\t\t\t\t<a href='https:\/\/sinprofaz.org.br\/2024\/wp-content\/uploads\/2025\/03\/2-3.png'><img loading=\"lazy\" decoding=\"async\" width=\"150\" height=\"150\" src=\"https:\/\/sinprofaz.org.br\/2024\/wp-content\/uploads\/2025\/03\/2-3-150x150.png\" class=\"attachment-thumbnail size-thumbnail\" alt=\"\" \/><\/a>\n\t\t\t<\/dt><\/dl><dl class='gallery-item'>\n\t\t\t<dt class='gallery-icon landscape'>\n\t\t\t\t<a href='https:\/\/sinprofaz.org.br\/2024\/wp-content\/uploads\/2025\/03\/3.png'><img loading=\"lazy\" decoding=\"async\" width=\"150\" height=\"150\" src=\"https:\/\/sinprofaz.org.br\/2024\/wp-content\/uploads\/2025\/03\/3-150x150.png\" class=\"attachment-thumbnail size-thumbnail\" alt=\"\" \/><\/a>\n\t\t\t<\/dt><\/dl><dl class='gallery-item'>\n\t\t\t<dt class='gallery-icon landscape'>\n\t\t\t\t<a href='https:\/\/sinprofaz.org.br\/2024\/wp-content\/uploads\/2025\/03\/4.png'><img loading=\"lazy\" decoding=\"async\" width=\"150\" height=\"150\" src=\"https:\/\/sinprofaz.org.br\/2024\/wp-content\/uploads\/2025\/03\/4-150x150.png\" class=\"attachment-thumbnail size-thumbnail\" alt=\"\" \/><\/a>\n\t\t\t<\/dt><\/dl><br style=\"clear: both\" \/><dl class='gallery-item'>\n\t\t\t<dt class='gallery-icon landscape'>\n\t\t\t\t<a href='https:\/\/sinprofaz.org.br\/2024\/wp-content\/uploads\/2025\/03\/5.png'><img loading=\"lazy\" decoding=\"async\" width=\"150\" height=\"150\" src=\"https:\/\/sinprofaz.org.br\/2024\/wp-content\/uploads\/2025\/03\/5-150x150.png\" class=\"attachment-thumbnail size-thumbnail\" alt=\"\" \/><\/a>\n\t\t\t<\/dt><\/dl>\n\t\t\t<br style='clear: both' \/>\n\t\t<\/div>\n\n<p><!-- notionvc: 6c2df8dd-923d-4e0e-95c6-091de7166a27 --><\/p>\n","protected":false},"excerpt":{"rendered":"<p>O diretor jur\u00eddico do SINPROFAZ, Roberto Rodrigues, esteve reunido hoje (17) com integrantes da equipe da Advocacia Riedel. O escrit\u00f3rio tem parceria com o Sindicato para oferecer, a Filiadas e Filiados, o benef\u00edcio do Planejamento Previdenci\u00e1rio.<\/p>\n","protected":false},"author":2,"featured_media":19432,"comment_status":"open","ping_status":"open","sticky":false,"template":"","format":"standard","meta":{"footnotes":""},"categories":[8],"tags":[32,26,25],"featured_image_url":"https:\/\/sinprofaz.org.br\/2024\/wp-content\/uploads\/2025\/03\/1-11.png","character_count":1686,"formatted_date":"17\/03\/2025 - 14:58","contentNovo":"O diretor jur\u00eddico do SINPROFAZ, Roberto Rodrigues, esteve reunido hoje (17) com os advogados Thais Riedel, Jos\u00e9 Hailton Lages e Nathalia Vasconcelos, integrantes da equipe da <strong>Advocacia Riedel<\/strong>. O escrit\u00f3rio tem parceria com o Sindicato para oferecer, a Filiadas e Filiados, o benef\u00edcio do Planejamento Previdenci\u00e1rio, al\u00e9m de outros servi\u00e7os igualmente essenciais e <strong>gratuitos<\/strong>. Se voc\u00ea, PFN, tem d\u00favidas a respeito de sua situa\u00e7\u00e3o previdenci\u00e1ria e deseja se organizar para o longo prazo, aproveite esse benef\u00edcio exclusivo para sindicalizados!\r\n\r\n<strong>Planejamento Previdenci\u00e1rio\r\n<\/strong>A equipe jur\u00eddica parceira do SINPROFAZ \u00e9 a respons\u00e1vel por realizar o Planejamento. A consultoria se inicia com uma ampla an\u00e1lise do hist\u00f3rico laboral do PFN e envolve orienta\u00e7\u00f5es sobre a melhor op\u00e7\u00e3o que Procuradoras e Procuradores da Fazenda Nacional disp\u00f5em para garantir uma aposentadoria tranquila. Os atendimentos ocorrem de modo presencial, em Bras\u00edlia\/DF, ou de forma remota. Para este servi\u00e7o, <strong>os Colegas rec\u00e9m-empossados constituem p\u00fablico especial de interessados: trata-se de oportunidade \u00edmpar para a realiza\u00e7\u00e3o, por exemplo, da averba\u00e7\u00e3o do tempo de servi\u00e7o anterior na iniciativa privada ou no setor p\u00fablico.<\/strong>\r\n\r\n<strong>Revis\u00e3o de Aposentadoria\r\n<\/strong>A legisla\u00e7\u00e3o permite que o PFN que se aposentou h\u00e1 menos de cinco anos realize uma revis\u00e3o da aposentadoria, mesmo na hip\u00f3tese de os proventos terem sido concedidos com integralidade e paridade. O fundamento da aposentadoria poder\u00e1 ser revisto, por exemplo, se for identificado que, na data da aposentadoria, o servidor p\u00fablico cumpria os crit\u00e9rios para aposenta\u00e7\u00e3o em mais de uma regra. Desse modo, \u00e9 assegurada a aplica\u00e7\u00e3o da regra que lhe conceda o melhor benef\u00edcio. Com a parceria firmada pelo SINPROFAZ, Filiadas e Filiados podem realizar a an\u00e1lise e a revis\u00e3o com o aux\u00edlio da Advocacia Riedel.\r\n\r\n<strong>Revis\u00e3o do benef\u00edcio especial e da base contributiva decorrente do recebimento de parcelas remunerat\u00f3rias em a\u00e7\u00f5es judiciais (Precat\u00f3rios)\r\n<\/strong>Ao longo da vida funcional do servidor \u00e9 comum que tenham ocorrido vit\u00f3rias judiciais e pagamentos de diferen\u00e7as remunerat\u00f3rias relativas ao per\u00edodo que integraria a base contributiva para efeito do c\u00e1lculo dos proventos de aposentadoria pela m\u00e9dia, ou para corre\u00e7\u00e3o do benef\u00edcio especial dos servidores que fizeram a op\u00e7\u00e3o pela migra\u00e7\u00e3o. Com o apoio da Advocacia Riedel, Procuradoras e Procuradores da Fazenda Nacional podem promover a an\u00e1lise e a eventual revis\u00e3o mediante solicita\u00e7\u00e3o administrativa. Em breve, uma cartilha com o detalhamento deste e dos demais servi\u00e7os do escrit\u00f3rio ser\u00e1 disponibilizada \u00e0 Carreira.\r\n\r\nA consultoria da Advocacia Riedel \u00e9 altamente especializada e j\u00e1 beneficiou centenas de Filiadas e Filiados. Para agendar seu atendimento, envie solicita\u00e7\u00e3o para\u00a0<a href=\"mailto:falecomjuridico@sinprofaz.org.br\">falecomjuridico@sinprofaz.org.br<\/a>. A Secretaria e a Diretoria Jur\u00eddica do Sindicato est\u00e3o \u00e0 disposi\u00e7\u00e3o para tirar d\u00favidas sobre os servi\u00e7os!\r\n\r\n[gallery link=\"file\" ids=\"19433,19434,19435,19436\"]\r\n\r\n","_links":{"self":[{"href":"https:\/\/sinprofaz.org.br\/2024\/wp-json\/wp\/v2\/posts\/19431"}],"collection":[{"href":"https:\/\/sinprofaz.org.br\/2024\/wp-json\/wp\/v2\/posts"}],"about":[{"href":"https:\/\/sinprofaz.org.br\/2024\/wp-json\/wp\/v2\/types\/post"}],"author":[{"embeddable":true,"href":"https:\/\/sinprofaz.org.br\/2024\/wp-json\/wp\/v2\/users\/2"}],"replies":[{"embeddable":true,"href":"https:\/\/sinprofaz.org.br\/2024\/wp-json\/wp\/v2\/comments?post=19431"}],"version-history":[{"count":2,"href":"https:\/\/sinprofaz.org.br\/2024\/wp-json\/wp\/v2\/posts\/19431\/revisions"}],"predecessor-version":[{"id":19443,"href":"https:\/\/sinprofaz.org.br\/2024\/wp-json\/wp\/v2\/posts\/19431\/revisions\/19443"}],"wp:featuredmedia":[{"embeddable":true,"href":"https:\/\/sinprofaz.org.br\/2024\/wp-json\/wp\/v2\/media\/19432"}],"wp:attachment":[{"href":"https:\/\/sinprofaz.org.br\/2024\/wp-json\/wp\/v2\/media?parent=19431"}],"wp:term":[{"taxonomy":"category","embeddable":true,"href":"https:\/\/sinprofaz.org.br\/2024\/wp-json\/wp\/v2\/categories?post=19431"},{"taxonomy":"post_tag","embeddable":true,"href":"https:\/\/sinprofaz.org.br\/2024\/wp-json\/wp\/v2\/tags?post=19431"}],"curies":[{"name":"wp","href":"https:\/\/api.w.org\/{rel}","templated":true}]}}