{"id":19426,"date":"2025-03-17T09:48:38","date_gmt":"2025-03-17T12:48:38","guid":{"rendered":"https:\/\/sinprofaz.org.br\/2024\/?p=19426"},"modified":"2025-03-17T09:48:38","modified_gmt":"2025-03-17T12:48:38","slug":"sinprofaz-informa-sobre-as-eleicoes-2025","status":"publish","type":"post","link":"https:\/\/sinprofaz.org.br\/2024\/noticias\/sinprofaz-informa-sobre-as-eleicoes-2025\/","title":{"rendered":"SINPROFAZ INFORMA SOBRE AS ELEI\u00c7\u00d5ES 2025"},"content":{"rendered":"<p>Em virtude de d\u00favidas da Carreira, o SINPROFAZ vem esclarecer que as elei\u00e7\u00f5es para a Diretoria gest\u00e3o 2025-2027 n\u00e3o ocorrer\u00e3o durante a Assembleia Geral Ordin\u00e1ria.<\/p>\n<p>Conforme disciplina o\u00a0<a href=\"https:\/\/sinprofaz.org.br\/2024\/wp-content\/uploads\/2024\/12\/Edital_Eleicoes_2025_SINPROFAZ-1_assinado_assinado_assinado.pdf\">Edital divulgado no \u00faltimo m\u00eas de dezembro<\/a>, caber\u00e1 \u00e0 Assembleia t\u00e3o somente abrir o processo eleitoral. De acordo com o Estatuto do SINPROFAZ, por sua vez, as elei\u00e7\u00f5es ocorrer\u00e3o no m\u00eas de junho, em data a ser definida.<\/p>\n<p><!-- notionvc: c87081ca-eb7e-411a-9e16-8c50e53a18c5 --><\/p>\n","protected":false},"excerpt":{"rendered":"<p>Em virtude de d\u00favidas da Carreira, o SINPROFAZ vem esclarecer que as elei\u00e7\u00f5es para a Diretoria gest\u00e3o 2025-2027 n\u00e3o ocorrer\u00e3o durante a Assembleia Geral Ordin\u00e1ria do m\u00eas de mar\u00e7o. Conforme disciplina o Edital divulgado no \u00faltimo m\u00eas de dezembro, caber\u00e1 \u00e0 AGO t\u00e3o somente abrir o processo eleitoral. <\/p>\n","protected":false},"author":2,"featured_media":0,"comment_status":"open","ping_status":"open","sticky":false,"template":"","format":"standard","meta":{"footnotes":""},"categories":[8],"tags":[32,93,146,25],"featured_image_url":"https:\/\/dummyimage.com\/720x400","character_count":212,"formatted_date":"17\/03\/2025 - 09:48","contentNovo":"Em virtude de d\u00favidas da Carreira, o SINPROFAZ vem esclarecer que as elei\u00e7\u00f5es para a Diretoria gest\u00e3o 2025-2027 n\u00e3o ocorrer\u00e3o durante a Assembleia Geral Ordin\u00e1ria.\r\n\r\nConforme disciplina o\u00a0<a href=\"https:\/\/sinprofaz.org.br\/2024\/wp-content\/uploads\/2024\/12\/Edital_Eleicoes_2025_SINPROFAZ-1_assinado_assinado_assinado.pdf\">Edital divulgado no \u00faltimo m\u00eas de dezembro<\/a>, caber\u00e1 \u00e0 Assembleia t\u00e3o somente abrir o processo eleitoral. De acordo com o Estatuto do SINPROFAZ, por sua vez, as elei\u00e7\u00f5es ocorrer\u00e3o no m\u00eas de junho, em data a ser definida.\r\n\r\n","_links":{"self":[{"href":"https:\/\/sinprofaz.org.br\/2024\/wp-json\/wp\/v2\/posts\/19426"}],"collection":[{"href":"https:\/\/sinprofaz.org.br\/2024\/wp-json\/wp\/v2\/posts"}],"about":[{"href":"https:\/\/sinprofaz.org.br\/2024\/wp-json\/wp\/v2\/types\/post"}],"author":[{"embeddable":true,"href":"https:\/\/sinprofaz.org.br\/2024\/wp-json\/wp\/v2\/users\/2"}],"replies":[{"embeddable":true,"href":"https:\/\/sinprofaz.org.br\/2024\/wp-json\/wp\/v2\/comments?post=19426"}],"version-history":[{"count":1,"href":"https:\/\/sinprofaz.org.br\/2024\/wp-json\/wp\/v2\/posts\/19426\/revisions"}],"predecessor-version":[{"id":19427,"href":"https:\/\/sinprofaz.org.br\/2024\/wp-json\/wp\/v2\/posts\/19426\/revisions\/19427"}],"wp:attachment":[{"href":"https:\/\/sinprofaz.org.br\/2024\/wp-json\/wp\/v2\/media?parent=19426"}],"wp:term":[{"taxonomy":"category","embeddable":true,"href":"https:\/\/sinprofaz.org.br\/2024\/wp-json\/wp\/v2\/categories?post=19426"},{"taxonomy":"post_tag","embeddable":true,"href":"https:\/\/sinprofaz.org.br\/2024\/wp-json\/wp\/v2\/tags?post=19426"}],"curies":[{"name":"wp","href":"https:\/\/api.w.org\/{rel}","templated":true}]}}