{"id":19414,"date":"2025-03-13T14:56:02","date_gmt":"2025-03-13T17:56:02","guid":{"rendered":"https:\/\/sinprofaz.org.br\/2024\/?p=19414"},"modified":"2025-03-13T14:56:02","modified_gmt":"2025-03-13T17:56:02","slug":"entidades-preparam-movimento-nacional-pela-valorizacao-da-advocacia-publica","status":"publish","type":"post","link":"https:\/\/sinprofaz.org.br\/2024\/noticias\/entidades-preparam-movimento-nacional-pela-valorizacao-da-advocacia-publica\/","title":{"rendered":"ENTIDADES PREPARAM MOVIMENTO NACIONAL PELA VALORIZA\u00c7\u00c3O DA ADVOCACIA P\u00daBLICA"},"content":{"rendered":"<p>A presidente do SINPROFAZ, Iolanda Guindani, participou na quarta-feira (12) de reuni\u00e3o preparat\u00f3ria para o\u00a0<strong>Movimento Nacional pela Valoriza\u00e7\u00e3o da Advocacia P\u00fablica<\/strong>. No encontro tamb\u00e9m estiveram presentes dirigentes associativos de ANAPE, ANAFE e ANAUNI, pois o Movimento dever\u00e1 contar com a participa\u00e7\u00e3o e atua\u00e7\u00e3o coordenada da Advocacia P\u00fablica dos tr\u00eas n\u00edveis da federa\u00e7\u00e3o.<\/p>\n<p>Ao longo da reuni\u00e3o, os presentes alinharam detalhes da organiza\u00e7\u00e3o e das a\u00e7\u00f5es do Movimento Nacional pela Valoriza\u00e7\u00e3o da Advocacia P\u00fablica. O Movimento ocorrer\u00e1 no dia\u00a0<strong>7 de maio<\/strong>, com a\u00e7\u00f5es concentradas em Bras\u00edlia\/DF e programa\u00e7\u00e3o voltada \u00e0 defesa, ao fortalecimento e \u00e0 autonomia da Advocacia P\u00fablica Nacional. Para o per\u00edodo da manh\u00e3, est\u00e1 programado o semin\u00e1rio\u00a0<em><strong>Advocacia P\u00fablica e Constitui\u00e7\u00e3o: um projeto inacabado<\/strong><\/em>. \u00c0 tarde, os Colegas dever\u00e3o se concentrar\u00a0no Congresso Nacional para um trabalho parlamentar conjunto em prol da PEC 17\/2024.<\/p>\n<p>Mais informa\u00e7\u00f5es sobre o Movimento ser\u00e3o divulgadas em breve.<\/p>\n<p><!-- notionvc: e9e640dd-f97e-40f7-b7e7-3a4f072acdcd --><\/p>\n","protected":false},"excerpt":{"rendered":"<p>Iolanda Guindani participou de reuni\u00e3o preparat\u00f3ria para o Movimento Nacional. No encontro tamb\u00e9m estiveram presentes dirigentes associativos de ANAPE, ANAFE e ANAUNI, pois o Movimento dever\u00e1 contar com a participa\u00e7\u00e3o da Advocacia P\u00fablica dos tr\u00eas n\u00edveis da federa\u00e7\u00e3o.<\/p>\n","protected":false},"author":2,"featured_media":19415,"comment_status":"open","ping_status":"open","sticky":false,"template":"","format":"standard","meta":{"footnotes":""},"categories":[8],"tags":[34,223,23],"featured_image_url":"https:\/\/sinprofaz.org.br\/2024\/wp-content\/uploads\/2025\/03\/1-5.png","character_count":519,"formatted_date":"13\/03\/2025 - 14:56","contentNovo":"A presidente do SINPROFAZ, Iolanda Guindani, participou na quarta-feira (12) de reuni\u00e3o preparat\u00f3ria para o\u00a0<strong>Movimento Nacional pela Valoriza\u00e7\u00e3o da Advocacia P\u00fablica<\/strong>. No encontro tamb\u00e9m estiveram presentes dirigentes associativos de ANAPE, ANAFE e ANAUNI, pois o Movimento dever\u00e1 contar com a participa\u00e7\u00e3o e atua\u00e7\u00e3o coordenada da Advocacia P\u00fablica dos tr\u00eas n\u00edveis da federa\u00e7\u00e3o.\r\n\r\nAo longo da reuni\u00e3o, os presentes alinharam detalhes da organiza\u00e7\u00e3o e das a\u00e7\u00f5es do Movimento Nacional pela Valoriza\u00e7\u00e3o da Advocacia P\u00fablica. O Movimento ocorrer\u00e1 no dia\u00a0<strong>7 de maio<\/strong>, com a\u00e7\u00f5es concentradas em Bras\u00edlia\/DF e programa\u00e7\u00e3o voltada \u00e0 defesa, ao fortalecimento e \u00e0 autonomia da Advocacia P\u00fablica Nacional. Para o per\u00edodo da manh\u00e3, est\u00e1 programado o semin\u00e1rio\u00a0<em><strong>Advocacia P\u00fablica e Constitui\u00e7\u00e3o: um projeto inacabado<\/strong><\/em>. \u00c0 tarde, os Colegas dever\u00e3o se concentrar\u00a0no Congresso Nacional para um trabalho parlamentar conjunto em prol da PEC 17\/2024.\r\n\r\nMais informa\u00e7\u00f5es sobre o Movimento ser\u00e3o divulgadas em breve.\r\n\r\n","_links":{"self":[{"href":"https:\/\/sinprofaz.org.br\/2024\/wp-json\/wp\/v2\/posts\/19414"}],"collection":[{"href":"https:\/\/sinprofaz.org.br\/2024\/wp-json\/wp\/v2\/posts"}],"about":[{"href":"https:\/\/sinprofaz.org.br\/2024\/wp-json\/wp\/v2\/types\/post"}],"author":[{"embeddable":true,"href":"https:\/\/sinprofaz.org.br\/2024\/wp-json\/wp\/v2\/users\/2"}],"replies":[{"embeddable":true,"href":"https:\/\/sinprofaz.org.br\/2024\/wp-json\/wp\/v2\/comments?post=19414"}],"version-history":[{"count":1,"href":"https:\/\/sinprofaz.org.br\/2024\/wp-json\/wp\/v2\/posts\/19414\/revisions"}],"predecessor-version":[{"id":19416,"href":"https:\/\/sinprofaz.org.br\/2024\/wp-json\/wp\/v2\/posts\/19414\/revisions\/19416"}],"wp:featuredmedia":[{"embeddable":true,"href":"https:\/\/sinprofaz.org.br\/2024\/wp-json\/wp\/v2\/media\/19415"}],"wp:attachment":[{"href":"https:\/\/sinprofaz.org.br\/2024\/wp-json\/wp\/v2\/media?parent=19414"}],"wp:term":[{"taxonomy":"category","embeddable":true,"href":"https:\/\/sinprofaz.org.br\/2024\/wp-json\/wp\/v2\/categories?post=19414"},{"taxonomy":"post_tag","embeddable":true,"href":"https:\/\/sinprofaz.org.br\/2024\/wp-json\/wp\/v2\/tags?post=19414"}],"curies":[{"name":"wp","href":"https:\/\/api.w.org\/{rel}","templated":true}]}}