{"id":19381,"date":"2025-02-26T08:15:54","date_gmt":"2025-02-26T11:15:54","guid":{"rendered":"https:\/\/sinprofaz.org.br\/2024\/?p=19381"},"modified":"2025-02-25T17:38:49","modified_gmt":"2025-02-25T20:38:49","slug":"processos-disciplinares-atuacao-do-sinprofaz","status":"publish","type":"post","link":"https:\/\/sinprofaz.org.br\/2024\/noticias\/processos-disciplinares-atuacao-do-sinprofaz\/","title":{"rendered":"PROCESSOS DISCIPLINARES \u2013 ATUA\u00c7\u00c3O DO SINPROFAZ"},"content":{"rendered":"<p>Nesta ter\u00e7a-feira (25), a Presidente do SINPROFAZ, Iolanda Guindani, e o Diretor Jur\u00eddico, Roberto Rodrigues, receberam na Sede do Sindicato as advogadas do escrit\u00f3rio Innocenti Advogados Associados, Daniela Barreiro Barbosa, Fernanda Mendon\u00e7a Figueiredo e Ana Claudia Louro.<\/p>\n<p>Na oportunidade, foi discutida, inicialmente, a atua\u00e7\u00e3o do escrit\u00f3rio nos \u00faltimos processos administrativos disciplinares que envolvem os Procuradores da Fazenda Nacional. Nesse ponto, \u00e9 importante destacar a exitosa atua\u00e7\u00e3o do escrit\u00f3rio nas \u00faltimas defesas realizadas. Portanto, mostrou-se altamente eficaz o alinhamento de estrat\u00e9gias realizadas em reuni\u00f5es como a de hoje.<\/p>\n<p>Oferecido pelo Sindicato desde 2019, o servi\u00e7o de Defesa em Quest\u00f5es Disciplinares j\u00e1 foi utilizado por v\u00e1rios Colegas, que contaram com a atua\u00e7\u00e3o de excel\u00eancia do escrit\u00f3rio Innocenti. Nesses procedimentos funcionais, o trabalho do escrit\u00f3rio \u00e9 estrat\u00e9gico, focado na identifica\u00e7\u00e3o das situa\u00e7\u00f5es de risco, na consolida\u00e7\u00e3o de posicionamentos administrativos e na apresenta\u00e7\u00e3o de solu\u00e7\u00f5es. Por isso, durante a reuni\u00e3o com os diretores do SINPROFAZ, foram alinhados novos procedimentos relacionados aos servi\u00e7os prestados.<\/p>\n<p>A parceria firmada pelo Sindicato compreende a indica\u00e7\u00e3o do escrit\u00f3rio \u00e0queles PFNs que porventura sejam submetidos a um PAD ou a outras quest\u00f5es perante a Corregedoria e julguem necess\u00e1ria a consultoria de uma equipe especializada nessas quest\u00f5es e nas eventuais a\u00e7\u00f5es judiciais decorrentes. Para filiadas e filiados, o servi\u00e7o \u00e9 gratuito, pois o SINPROFAZ arca com os honor\u00e1rios do escrit\u00f3rio. O Innocenti Advogados Associados tem sede em S\u00e3o Paulo\/SP e filial em Bras\u00edlia\/DF.<\/p>\n<p>&nbsp;<\/p>\n<p><strong>Ajuizamento de a\u00e7\u00e3o coletiva<br \/>\n<\/strong>Ao final da reuni\u00e3o, foi ajustada, ainda, a propositura de uma a\u00e7\u00e3o coletiva pelo escrit\u00f3rio Innocenti em favor dos filiados do SINPROFAZ que envolve a inclus\u00e3o do abono de perman\u00eancia na base de c\u00e1lculo do adicional de f\u00e9rias, gratifica\u00e7\u00e3o natalina e licen\u00e7a-pr\u00eamio indenizada.<\/p>\n<p>&nbsp;<\/p>\n<p><strong>Mais informa\u00e7\u00f5es<br \/>\n<\/strong>Para fazer uso da Defesa em Quest\u00f5es Disciplinares, o PFN que enfrenta investiga\u00e7\u00e3o preliminar, sindic\u00e2ncia ou processo administrativo deve contatar o Sindicato pelo e mail <a href=\"mailto:falecomjuridico@sinprofaz.org.br\">falecomjuridico@sinprofaz.org.br<\/a>. A par da situa\u00e7\u00e3o, a Diretoria Jur\u00eddica faz a media\u00e7\u00e3o entre o filiado e o escrit\u00f3rio. Al\u00e9m de contar com o apoio de juristas especializados, os PFNs que utilizam a Defesa arcam apenas com os custos eventuais (xerox, correios, transporte, etc.), pois os honor\u00e1rios do escrit\u00f3rio s\u00e3o absorvidos pelo SINPROFAZ.<\/p>\n\n\t\t<style type=\"text\/css\">\n\t\t\t#gallery-1 {\n\t\t\t\tmargin: auto;\n\t\t\t}\n\t\t\t#gallery-1 .gallery-item {\n\t\t\t\tfloat: left;\n\t\t\t\tmargin-top: 10px;\n\t\t\t\ttext-align: center;\n\t\t\t\twidth: 33%;\n\t\t\t}\n\t\t\t#gallery-1 img {\n\t\t\t\tborder: 2px solid #cfcfcf;\n\t\t\t}\n\t\t\t#gallery-1 .gallery-caption {\n\t\t\t\tmargin-left: 0;\n\t\t\t}\n\t\t\t\/* see gallery_shortcode() in wp-includes\/media.php *\/\n\t\t<\/style>\n\t\t<div id='gallery-1' class='gallery galleryid-19381 gallery-columns-3 gallery-size-thumbnail'><dl class='gallery-item'>\n\t\t\t<dt class='gallery-icon landscape'>\n\t\t\t\t<a href='https:\/\/sinprofaz.org.br\/2024\/wp-content\/uploads\/2025\/02\/2-6.png'><img loading=\"lazy\" decoding=\"async\" width=\"150\" height=\"150\" src=\"https:\/\/sinprofaz.org.br\/2024\/wp-content\/uploads\/2025\/02\/2-6-150x150.png\" class=\"attachment-thumbnail size-thumbnail\" alt=\"\" \/><\/a>\n\t\t\t<\/dt><\/dl><dl class='gallery-item'>\n\t\t\t<dt class='gallery-icon landscape'>\n\t\t\t\t<a href='https:\/\/sinprofaz.org.br\/2024\/wp-content\/uploads\/2025\/02\/3-4.png'><img loading=\"lazy\" decoding=\"async\" width=\"150\" height=\"150\" src=\"https:\/\/sinprofaz.org.br\/2024\/wp-content\/uploads\/2025\/02\/3-4-150x150.png\" class=\"attachment-thumbnail size-thumbnail\" alt=\"\" \/><\/a>\n\t\t\t<\/dt><\/dl><dl class='gallery-item'>\n\t\t\t<dt class='gallery-icon landscape'>\n\t\t\t\t<a href='https:\/\/sinprofaz.org.br\/2024\/wp-content\/uploads\/2025\/02\/4-3.png'><img loading=\"lazy\" decoding=\"async\" width=\"150\" height=\"150\" src=\"https:\/\/sinprofaz.org.br\/2024\/wp-content\/uploads\/2025\/02\/4-3-150x150.png\" class=\"attachment-thumbnail size-thumbnail\" alt=\"\" \/><\/a>\n\t\t\t<\/dt><\/dl><br style=\"clear: both\" \/>\n\t\t<\/div>\n\n<p><!-- notionvc: d6103113-8316-4159-84ef-1dfc9277b7a1 --><\/p>\n","protected":false},"excerpt":{"rendered":"<p>Nesta ter\u00e7a-feira (25), a Presidente do SINPROFAZ, Iolanda Guindani, e o Diretor Jur\u00eddico, Roberto Rodrigues, receberam na Sede do Sindicato as advogadas do escrit\u00f3rio Innocenti Advogados Associados para tratar sobre os \u00faltimos processos administrativos disciplinares que envolvem os Procuradores da Fazenda Nacional.<\/p>\n","protected":false},"author":2,"featured_media":19382,"comment_status":"open","ping_status":"open","sticky":false,"template":"","format":"standard","meta":{"footnotes":""},"categories":[8],"tags":[32,26,25,135],"featured_image_url":"https:\/\/sinprofaz.org.br\/2024\/wp-content\/uploads\/2025\/02\/1-14.png","character_count":1486,"formatted_date":"26\/02\/2025 - 08:15","contentNovo":"Nesta ter\u00e7a-feira (25), a Presidente do SINPROFAZ, Iolanda Guindani, e o Diretor Jur\u00eddico, Roberto Rodrigues, receberam na Sede do Sindicato as advogadas do escrit\u00f3rio Innocenti Advogados Associados, Daniela Barreiro Barbosa, Fernanda Mendon\u00e7a Figueiredo e Ana Claudia Louro.\r\n\r\nNa oportunidade, foi discutida, inicialmente, a atua\u00e7\u00e3o do escrit\u00f3rio nos \u00faltimos processos administrativos disciplinares que envolvem os Procuradores da Fazenda Nacional. Nesse ponto, \u00e9 importante destacar a exitosa atua\u00e7\u00e3o do escrit\u00f3rio nas \u00faltimas defesas realizadas. Portanto, mostrou-se altamente eficaz o alinhamento de estrat\u00e9gias realizadas em reuni\u00f5es como a de hoje.\r\n\r\nOferecido pelo Sindicato desde 2019, o servi\u00e7o de Defesa em Quest\u00f5es Disciplinares j\u00e1 foi utilizado por v\u00e1rios Colegas, que contaram com a atua\u00e7\u00e3o de excel\u00eancia do escrit\u00f3rio Innocenti. Nesses procedimentos funcionais, o trabalho do escrit\u00f3rio \u00e9 estrat\u00e9gico, focado na identifica\u00e7\u00e3o das situa\u00e7\u00f5es de risco, na consolida\u00e7\u00e3o de posicionamentos administrativos e na apresenta\u00e7\u00e3o de solu\u00e7\u00f5es. Por isso, durante a reuni\u00e3o com os diretores do SINPROFAZ, foram alinhados novos procedimentos relacionados aos servi\u00e7os prestados.\r\n\r\nA parceria firmada pelo Sindicato compreende a indica\u00e7\u00e3o do escrit\u00f3rio \u00e0queles PFNs que porventura sejam submetidos a um PAD ou a outras quest\u00f5es perante a Corregedoria e julguem necess\u00e1ria a consultoria de uma equipe especializada nessas quest\u00f5es e nas eventuais a\u00e7\u00f5es judiciais decorrentes. Para filiadas e filiados, o servi\u00e7o \u00e9 gratuito, pois o SINPROFAZ arca com os honor\u00e1rios do escrit\u00f3rio. O Innocenti Advogados Associados tem sede em S\u00e3o Paulo\/SP e filial em Bras\u00edlia\/DF.\r\n\r\n&nbsp;\r\n\r\n<strong>Ajuizamento de a\u00e7\u00e3o coletiva\r\n<\/strong>Ao final da reuni\u00e3o, foi ajustada, ainda, a propositura de uma a\u00e7\u00e3o coletiva pelo escrit\u00f3rio Innocenti em favor dos filiados do SINPROFAZ que envolve a inclus\u00e3o do abono de perman\u00eancia na base de c\u00e1lculo do adicional de f\u00e9rias, gratifica\u00e7\u00e3o natalina e licen\u00e7a-pr\u00eamio indenizada.\r\n\r\n&nbsp;\r\n\r\n<strong>Mais informa\u00e7\u00f5es\r\n<\/strong>Para fazer uso da Defesa em Quest\u00f5es Disciplinares, o PFN que enfrenta investiga\u00e7\u00e3o preliminar, sindic\u00e2ncia ou processo administrativo deve contatar o Sindicato pelo e mail <a href=\"mailto:falecomjuridico@sinprofaz.org.br\">falecomjuridico@sinprofaz.org.br<\/a>. A par da situa\u00e7\u00e3o, a Diretoria Jur\u00eddica faz a media\u00e7\u00e3o entre o filiado e o escrit\u00f3rio. Al\u00e9m de contar com o apoio de juristas especializados, os PFNs que utilizam a Defesa arcam apenas com os custos eventuais (xerox, correios, transporte, etc.), pois os honor\u00e1rios do escrit\u00f3rio s\u00e3o absorvidos pelo SINPROFAZ.\r\n\r\n[gallery link=\"file\" ids=\"19383,19384,19385\"]\r\n\r\n","_links":{"self":[{"href":"https:\/\/sinprofaz.org.br\/2024\/wp-json\/wp\/v2\/posts\/19381"}],"collection":[{"href":"https:\/\/sinprofaz.org.br\/2024\/wp-json\/wp\/v2\/posts"}],"about":[{"href":"https:\/\/sinprofaz.org.br\/2024\/wp-json\/wp\/v2\/types\/post"}],"author":[{"embeddable":true,"href":"https:\/\/sinprofaz.org.br\/2024\/wp-json\/wp\/v2\/users\/2"}],"replies":[{"embeddable":true,"href":"https:\/\/sinprofaz.org.br\/2024\/wp-json\/wp\/v2\/comments?post=19381"}],"version-history":[{"count":1,"href":"https:\/\/sinprofaz.org.br\/2024\/wp-json\/wp\/v2\/posts\/19381\/revisions"}],"predecessor-version":[{"id":19386,"href":"https:\/\/sinprofaz.org.br\/2024\/wp-json\/wp\/v2\/posts\/19381\/revisions\/19386"}],"wp:featuredmedia":[{"embeddable":true,"href":"https:\/\/sinprofaz.org.br\/2024\/wp-json\/wp\/v2\/media\/19382"}],"wp:attachment":[{"href":"https:\/\/sinprofaz.org.br\/2024\/wp-json\/wp\/v2\/media?parent=19381"}],"wp:term":[{"taxonomy":"category","embeddable":true,"href":"https:\/\/sinprofaz.org.br\/2024\/wp-json\/wp\/v2\/categories?post=19381"},{"taxonomy":"post_tag","embeddable":true,"href":"https:\/\/sinprofaz.org.br\/2024\/wp-json\/wp\/v2\/tags?post=19381"}],"curies":[{"name":"wp","href":"https:\/\/api.w.org\/{rel}","templated":true}]}}