{"id":19377,"date":"2025-02-27T08:15:58","date_gmt":"2025-02-27T11:15:58","guid":{"rendered":"https:\/\/sinprofaz.org.br\/2024\/?p=19377"},"modified":"2025-02-25T17:31:45","modified_gmt":"2025-02-25T20:31:45","slug":"sinprofaz-e-acd-debatem-limite-dos-juros-e-auditoria-da-divida-publica","status":"publish","type":"post","link":"https:\/\/sinprofaz.org.br\/2024\/noticias\/sinprofaz-e-acd-debatem-limite-dos-juros-e-auditoria-da-divida-publica\/","title":{"rendered":"SINPROFAZ E ACD DEBATEM LIMITE DOS JUROS E AUDITORIA DA D\u00cdVIDA P\u00daBLICA"},"content":{"rendered":"<p>O SINPROFAZ, representado pela presidente Iolanda Guindani, participou de reuni\u00e3o do Conselho Pol\u00edtico da Auditoria Cidad\u00e3 da D\u00edvida (ACD). O encontro, que contou com a presen\u00e7a de dezenas de lideran\u00e7as\u00a0associativas de todo o pa\u00eds, foi conduzido por Maria Lucia Fattorelli e teve a participa\u00e7\u00e3o de Fernanda Melchionna (Psol\/RS). A deputada federal \u00e9 coordenadora da Frente Parlamentar pelo Limite dos Juros e Auditoria da D\u00edvida P\u00fablica e uma das mais importantes parcerias da ACD e do Sindicato dentro do Congresso Nacional.<\/p>\n<p>Ao longo da reuni\u00e3o, Fattorelli apresentou uma an\u00e1lise de conjuntura, na qual destacou temas como a taxa Selic e o impacto de sua eleva\u00e7\u00e3o sobre a economia do pa\u00eds. A coordenadora\u00a0nacional da Auditoria Cidad\u00e3 da D\u00edvida tamb\u00e9m abordou a vig\u00eancia do pacote de corte de gastos apresentado pelo governo ao Congresso Nacional e a tramita\u00e7\u00e3o da MP 1286\/2024, que prev\u00ea reajustes para carreiras do funcionalismo p\u00fablico. Por fim, os presentes debateram a continuidade da Campanha pelo Limite dos Juros no Brasil e a mobiliza\u00e7\u00e3o essencial \u00e0 tramita\u00e7\u00e3o do PLP 104\/2022 na C\u00e2mara dos Deputados.<\/p>\n","protected":false},"excerpt":{"rendered":"<p>O SINPROFAZ, representado pela presidente Iolanda Guindani, participou de reuni\u00e3o do Conselho Pol\u00edtico da Auditoria Cidad\u00e3 da D\u00edvida (ACD). O encontro foi conduzido pela coordenadora Maria Lucia Fattorelli e contou com a participa\u00e7\u00e3o da deputada Fernanda Melchionna (Psol\/RS). <\/p>\n","protected":false},"author":2,"featured_media":19378,"comment_status":"open","ping_status":"open","sticky":false,"template":"","format":"standard","meta":{"footnotes":""},"categories":[8],"tags":[129,73,25],"featured_image_url":"https:\/\/sinprofaz.org.br\/2024\/wp-content\/uploads\/2025\/02\/1-13.png","character_count":572,"formatted_date":"27\/02\/2025 - 08:15","contentNovo":"O SINPROFAZ, representado pela presidente Iolanda Guindani, participou de reuni\u00e3o do Conselho Pol\u00edtico da Auditoria Cidad\u00e3 da D\u00edvida (ACD). O encontro, que contou com a presen\u00e7a de dezenas de lideran\u00e7as\u00a0associativas de todo o pa\u00eds, foi conduzido por Maria Lucia Fattorelli e teve a participa\u00e7\u00e3o de Fernanda Melchionna (Psol\/RS). A deputada federal \u00e9 coordenadora da Frente Parlamentar pelo Limite dos Juros e Auditoria da D\u00edvida P\u00fablica e uma das mais importantes parcerias da ACD e do Sindicato dentro do Congresso Nacional.\r\n\r\nAo longo da reuni\u00e3o, Fattorelli apresentou uma an\u00e1lise de conjuntura, na qual destacou temas como a taxa Selic e o impacto de sua eleva\u00e7\u00e3o sobre a economia do pa\u00eds. A coordenadora\u00a0nacional da Auditoria Cidad\u00e3 da D\u00edvida tamb\u00e9m abordou a vig\u00eancia do pacote de corte de gastos apresentado pelo governo ao Congresso Nacional e a tramita\u00e7\u00e3o da MP 1286\/2024, que prev\u00ea reajustes para carreiras do funcionalismo p\u00fablico. Por fim, os presentes debateram a continuidade da Campanha pelo Limite dos Juros no Brasil e a mobiliza\u00e7\u00e3o essencial \u00e0 tramita\u00e7\u00e3o do PLP 104\/2022 na C\u00e2mara dos Deputados.","_links":{"self":[{"href":"https:\/\/sinprofaz.org.br\/2024\/wp-json\/wp\/v2\/posts\/19377"}],"collection":[{"href":"https:\/\/sinprofaz.org.br\/2024\/wp-json\/wp\/v2\/posts"}],"about":[{"href":"https:\/\/sinprofaz.org.br\/2024\/wp-json\/wp\/v2\/types\/post"}],"author":[{"embeddable":true,"href":"https:\/\/sinprofaz.org.br\/2024\/wp-json\/wp\/v2\/users\/2"}],"replies":[{"embeddable":true,"href":"https:\/\/sinprofaz.org.br\/2024\/wp-json\/wp\/v2\/comments?post=19377"}],"version-history":[{"count":1,"href":"https:\/\/sinprofaz.org.br\/2024\/wp-json\/wp\/v2\/posts\/19377\/revisions"}],"predecessor-version":[{"id":19379,"href":"https:\/\/sinprofaz.org.br\/2024\/wp-json\/wp\/v2\/posts\/19377\/revisions\/19379"}],"wp:featuredmedia":[{"embeddable":true,"href":"https:\/\/sinprofaz.org.br\/2024\/wp-json\/wp\/v2\/media\/19378"}],"wp:attachment":[{"href":"https:\/\/sinprofaz.org.br\/2024\/wp-json\/wp\/v2\/media?parent=19377"}],"wp:term":[{"taxonomy":"category","embeddable":true,"href":"https:\/\/sinprofaz.org.br\/2024\/wp-json\/wp\/v2\/categories?post=19377"},{"taxonomy":"post_tag","embeddable":true,"href":"https:\/\/sinprofaz.org.br\/2024\/wp-json\/wp\/v2\/tags?post=19377"}],"curies":[{"name":"wp","href":"https:\/\/api.w.org\/{rel}","templated":true}]}}