{"id":19372,"date":"2025-02-21T14:00:50","date_gmt":"2025-02-21T17:00:50","guid":{"rendered":"https:\/\/sinprofaz.org.br\/2024\/?p=19372"},"modified":"2025-03-06T10:55:03","modified_gmt":"2025-03-06T13:55:03","slug":"sinprofaz-participa-da-primeira-reuniao-da-mesa-nacional-de-negociacao-de-2025","status":"publish","type":"post","link":"https:\/\/sinprofaz.org.br\/2024\/noticias\/sinprofaz-participa-da-primeira-reuniao-da-mesa-nacional-de-negociacao-de-2025\/","title":{"rendered":"SINPROFAZ PARTICIPA DA PRIMEIRA REUNI\u00c3O DA MESA NACIONAL DE NEGOCIA\u00c7\u00c3O DE 2025"},"content":{"rendered":"<p>O SINPROFAZ, representado pela presidente Iolanda Guindani, compareceu nesta quinta-feira (20) \u00e0 reuni\u00e3o de trabalho da Mesa Nacional de Negocia\u00e7\u00e3o Permanente. A dirigente sindical integrou a comitiva de lideran\u00e7as convidadas pelo F\u00f3rum Nacional de Carreiras T\u00edpicas de Estado \u2013 Fonacate. Realizado na Esplanada dos Minist\u00e9rios, o encontro teve a presen\u00e7a do coordenador da Mesa, Jos\u00e9 Lopez Feij\u00f3o, secret\u00e1rio de Rela\u00e7\u00f5es do Trabalho do Minist\u00e9rio da Gest\u00e3o e da Inova\u00e7\u00e3o em Servi\u00e7os P\u00fablicos, entre outros representantes de \u00f3rg\u00e3os do governo federal.<\/p>\n<p>A reuni\u00e3o contou com uma pauta extensa, que incluiu temas como a cobran\u00e7a por mais di\u00e1logo, a nomea\u00e7\u00e3o de todos os aprovados nos \u00faltimos concursos, o avan\u00e7o da PEC 06\/2024, a regulamenta\u00e7\u00e3o da Conven\u00e7\u00e3o 151 da Organiza\u00e7\u00e3o do Trabalho (OIT) e a aten\u00e7\u00e3o \u00e0 sa\u00fade do servidor.<\/p>\n<p>A regulamenta\u00e7\u00e3o da Conven\u00e7\u00e3o 151 vai tratar de eixos como a data base, mandato classista, negocia\u00e7\u00e3o coletiva e outros temas importantes para os servidores e para a atividade sindical.<\/p>\n<p>Durante a reuni\u00e3o, o MGI tamb\u00e9m apresentou a nova normatiza\u00e7\u00e3o para o pagamento do aux\u00edlio-transporte; o Programa de Preven\u00e7\u00e3o e Enfrentamento do Ass\u00e9dio e da Discrimina\u00e7\u00e3o na Administra\u00e7\u00e3o P\u00fablica; e a Pol\u00edtica de Aten\u00e7\u00e3o \u00e0 Sa\u00fade do Servidor P\u00fablico Federal.<\/p>\n\n\t\t<style type=\"text\/css\">\n\t\t\t#gallery-1 {\n\t\t\t\tmargin: auto;\n\t\t\t}\n\t\t\t#gallery-1 .gallery-item {\n\t\t\t\tfloat: left;\n\t\t\t\tmargin-top: 10px;\n\t\t\t\ttext-align: center;\n\t\t\t\twidth: 33%;\n\t\t\t}\n\t\t\t#gallery-1 img {\n\t\t\t\tborder: 2px solid #cfcfcf;\n\t\t\t}\n\t\t\t#gallery-1 .gallery-caption {\n\t\t\t\tmargin-left: 0;\n\t\t\t}\n\t\t\t\/* see gallery_shortcode() in wp-includes\/media.php *\/\n\t\t<\/style>\n\t\t<div id='gallery-1' class='gallery galleryid-19372 gallery-columns-3 gallery-size-thumbnail'><dl class='gallery-item'>\n\t\t\t<dt class='gallery-icon landscape'>\n\t\t\t\t<a href='https:\/\/sinprofaz.org.br\/2024\/wp-content\/uploads\/2025\/02\/2-5.png'><img loading=\"lazy\" decoding=\"async\" width=\"150\" height=\"150\" src=\"https:\/\/sinprofaz.org.br\/2024\/wp-content\/uploads\/2025\/02\/2-5-150x150.png\" class=\"attachment-thumbnail size-thumbnail\" alt=\"\" \/><\/a>\n\t\t\t<\/dt><\/dl><dl class='gallery-item'>\n\t\t\t<dt class='gallery-icon landscape'>\n\t\t\t\t<a href='https:\/\/sinprofaz.org.br\/2024\/wp-content\/uploads\/2025\/02\/3-3.png'><img loading=\"lazy\" decoding=\"async\" width=\"150\" height=\"150\" src=\"https:\/\/sinprofaz.org.br\/2024\/wp-content\/uploads\/2025\/02\/3-3-150x150.png\" class=\"attachment-thumbnail size-thumbnail\" alt=\"\" \/><\/a>\n\t\t\t<\/dt><\/dl>\n\t\t\t<br style='clear: both' \/>\n\t\t<\/div>\n\n","protected":false},"excerpt":{"rendered":"<p>O SINPROFAZ, representado pela presidente Iolanda Guindani, compareceu nesta quinta-feira (20) \u00e0 reuni\u00e3o de trabalho da Mesa Nacional de Negocia\u00e7\u00e3o Permanente. A dirigente sindical integrou a comitiva de lideran\u00e7as convidadas pelo F\u00f3rum Nacional de Carreiras T\u00edpicas de Estado \u2013 Fonacate.<\/p>\n","protected":false},"author":2,"featured_media":19373,"comment_status":"open","ping_status":"open","sticky":false,"template":"","format":"standard","meta":{"footnotes":""},"categories":[8],"tags":[122,135],"featured_image_url":"https:\/\/sinprofaz.org.br\/2024\/wp-content\/uploads\/2025\/02\/1-12.png","character_count":853,"formatted_date":"21\/02\/2025 - 14:00","contentNovo":"O SINPROFAZ, representado pela presidente Iolanda Guindani, compareceu nesta quinta-feira (20) \u00e0 reuni\u00e3o de trabalho da Mesa Nacional de Negocia\u00e7\u00e3o Permanente. A dirigente sindical integrou a comitiva de lideran\u00e7as convidadas pelo F\u00f3rum Nacional de Carreiras T\u00edpicas de Estado \u2013 Fonacate. Realizado na Esplanada dos Minist\u00e9rios, o encontro teve a presen\u00e7a do coordenador da Mesa, Jos\u00e9 Lopez Feij\u00f3o, secret\u00e1rio de Rela\u00e7\u00f5es do Trabalho do Minist\u00e9rio da Gest\u00e3o e da Inova\u00e7\u00e3o em Servi\u00e7os P\u00fablicos, entre outros representantes de \u00f3rg\u00e3os do governo federal.\r\n\r\nA reuni\u00e3o contou com uma pauta extensa, que incluiu temas como a cobran\u00e7a por mais di\u00e1logo, a nomea\u00e7\u00e3o de todos os aprovados nos \u00faltimos concursos, o avan\u00e7o da PEC 06\/2024, a regulamenta\u00e7\u00e3o da Conven\u00e7\u00e3o 151 da Organiza\u00e7\u00e3o do Trabalho (OIT) e a aten\u00e7\u00e3o \u00e0 sa\u00fade do servidor.\r\n\r\nA regulamenta\u00e7\u00e3o da Conven\u00e7\u00e3o 151 vai tratar de eixos como a data base, mandato classista, negocia\u00e7\u00e3o coletiva e outros temas importantes para os servidores e para a atividade sindical.\r\n\r\nDurante a reuni\u00e3o, o MGI tamb\u00e9m apresentou a nova normatiza\u00e7\u00e3o para o pagamento do aux\u00edlio-transporte; o Programa de Preven\u00e7\u00e3o e Enfrentamento do Ass\u00e9dio e da Discrimina\u00e7\u00e3o na Administra\u00e7\u00e3o P\u00fablica; e a Pol\u00edtica de Aten\u00e7\u00e3o \u00e0 Sa\u00fade do Servidor P\u00fablico Federal.\r\n\r\n[gallery link=\"file\" ids=\"19374,19375\"]","_links":{"self":[{"href":"https:\/\/sinprofaz.org.br\/2024\/wp-json\/wp\/v2\/posts\/19372"}],"collection":[{"href":"https:\/\/sinprofaz.org.br\/2024\/wp-json\/wp\/v2\/posts"}],"about":[{"href":"https:\/\/sinprofaz.org.br\/2024\/wp-json\/wp\/v2\/types\/post"}],"author":[{"embeddable":true,"href":"https:\/\/sinprofaz.org.br\/2024\/wp-json\/wp\/v2\/users\/2"}],"replies":[{"embeddable":true,"href":"https:\/\/sinprofaz.org.br\/2024\/wp-json\/wp\/v2\/comments?post=19372"}],"version-history":[{"count":2,"href":"https:\/\/sinprofaz.org.br\/2024\/wp-json\/wp\/v2\/posts\/19372\/revisions"}],"predecessor-version":[{"id":19391,"href":"https:\/\/sinprofaz.org.br\/2024\/wp-json\/wp\/v2\/posts\/19372\/revisions\/19391"}],"wp:featuredmedia":[{"embeddable":true,"href":"https:\/\/sinprofaz.org.br\/2024\/wp-json\/wp\/v2\/media\/19373"}],"wp:attachment":[{"href":"https:\/\/sinprofaz.org.br\/2024\/wp-json\/wp\/v2\/media?parent=19372"}],"wp:term":[{"taxonomy":"category","embeddable":true,"href":"https:\/\/sinprofaz.org.br\/2024\/wp-json\/wp\/v2\/categories?post=19372"},{"taxonomy":"post_tag","embeddable":true,"href":"https:\/\/sinprofaz.org.br\/2024\/wp-json\/wp\/v2\/tags?post=19372"}],"curies":[{"name":"wp","href":"https:\/\/api.w.org\/{rel}","templated":true}]}}