{"id":19359,"date":"2025-02-20T09:00:17","date_gmt":"2025-02-20T12:00:17","guid":{"rendered":"https:\/\/sinprofaz.org.br\/2024\/?p=19359"},"modified":"2025-02-20T09:00:54","modified_gmt":"2025-02-20T12:00:54","slug":"sinprofaz-participa-da-cerimonia-de-divulgacao-de-pareceres-vinculantes-em-defesa-da-mulher-e-da-primeira-infancia","status":"publish","type":"post","link":"https:\/\/sinprofaz.org.br\/2024\/noticias\/sinprofaz-participa-da-cerimonia-de-divulgacao-de-pareceres-vinculantes-em-defesa-da-mulher-e-da-primeira-infancia\/","title":{"rendered":"SINPROFAZ PARTICIPA DA CERIM\u00d4NIA DE DIVULGA\u00c7\u00c3O DE PARECERES VINCULANTES EM DEFESA DA MULHER E DA PRIMEIRA INF\u00c2NCIA"},"content":{"rendered":"<p>No dia 19 de fevereiro o SINPROFAZ, representado pela Presidente Iolanda Guindani, participou da cerim\u00f4nia de divulga\u00e7\u00e3o de tr\u00eas pareceres vinculantes que representam avan\u00e7os significativos na prote\u00e7\u00e3o de direitos fundamentais. Os pareceres JM 07, JM 08 e JM 09 n\u00e3o apenas reafirmam o compromisso do Estado brasileiro com a equidade e a justi\u00e7a, mas tamb\u00e9m refletem respostas concretas a demandas sociais.<\/p>\n<p>A solenidade contou com a presen\u00e7a do Ministro de Estado da Advocacia-Geral da Uni\u00e3o, Jorge Messias, do Consultor-Geral da Uni\u00e3o, Andr\u00e9 Dantas, da Procuradora-Geral da Fazenda Nacional, Anelize Ruas, da Ministra de Estado das Mulheres, Cida Gon\u00e7alves, da Assessora Especial de Diversidade e Inclus\u00e3o, Cl\u00e1udia Trindade e da Auditora Fiscal da Receita Federal, Marielle Dornelas.<\/p>\n<p>O Consultor-Geral da Uni\u00e3o, Andr\u00e9 Dantas, destacou a import\u00e2ncia dos pareceres diante do alto n\u00famero de feminic\u00eddio no Brasil. \u201cAcreditamos que os pareceres que apresentamos s\u00e3o mais do que interpreta\u00e7\u00f5es jur\u00eddicas, s\u00e3o instrumentos de transforma\u00e7\u00e3o social que resultam do esfor\u00e7o coletivo da AGU de dar respostas concretas a desafios urgentes da nossa sociedade\u201d.<\/p>\n<p>O consultor tamb\u00e9m contextualizou que o parecer JM-07 \u00e9 uma importante devolutiva da AGU a uma solicita\u00e7\u00e3o de diversas entidades da sociedade civil, dentre elas, o SINPROFAZ, e garante a possibilidade de remo\u00e7\u00e3o de servidoras p\u00fablicas federais v\u00edtimas de viol\u00eancia dom\u00e9stica, contemplando a prioridade no procedimento de todas as movimenta\u00e7\u00f5es que as envolvam. O entendimento firmado confere maior seguran\u00e7a e prote\u00e7\u00e3o \u00e0s servidoras, assegurando que essas mulheres possam ser realocadas para ambientes livres da viol\u00eancia e do medo.<\/p>\n<p>Os Pareceres JM-08 e JM-09 refor\u00e7am o compromisso da Administra\u00e7\u00e3o P\u00fablica com o reconhecimento de direito possibilitando prote\u00e7\u00e3o integral \u00e0 primeira inf\u00e2ncia na diversas modalidades familiares.<\/p>\n<p>Ao submeter ao Presidente da Rep\u00fablica a ado\u00e7\u00e3o desses entendimentos para toda a Administra\u00e7\u00e3o P\u00fablica federal, a AGU refor\u00e7a o seu compromisso institucional com a prote\u00e7\u00e3o \u00e0s mulheres e \u00e0 primeira inf\u00e2ncia, resguardando a vida e a liberdade das servidoras p\u00fablicas federais e o fortalecimento dos la\u00e7os afetivos e de cuidado das fam\u00edlias.<\/p>\n<p>&nbsp;<\/p>\n<p><strong>&#8221;Pareceres que abrem portas, que d\u00e3o oportunidades&#8221;<\/strong><br \/>\nEm sua fala, a Procuradora Geral da Fazenda Nacional alertou: &#8221;A cada dez minutos, uma de n\u00f3s \u00e9 morta. Isso, dos casos que s\u00e3o revelados, imagina de viol\u00eancia dom\u00e9stica que ningu\u00e9m sabe, porque ainda vivemos naquela sociedade conservadora de que rela\u00e7\u00e3o de marido e mulher ningu\u00e9m mete a colher&#8221;.<\/p>\n<p>A procuradora afirmou que o parecer JM-07 aparenta ser algo muito simples na engrenagem administrativa, mas far\u00e1 uma diferen\u00e7a imensa. &#8221;Vai salvar a vida de muitas mulheres, vai encorajar servidoras e mulheres do Brasil inteiro. Vai dizer pra elas que elas n\u00e3o precisam ter vergonha de ser v\u00edtima de viol\u00eancia dom\u00e9stica e a sua institui\u00e7\u00e3o pode te ajudar (&#8230;) S\u00e3o pareceres que abrem portas, que d\u00e3o oportunidades&#8221;.<\/p>\n<p>Uma das autoras do parecer, Alessandra Lopes Pereira, advogada da Uni\u00e3o, falou da honra em participar da causa e da emo\u00e7\u00e3o por receber essa tarefa de trabalho. \u201cEspero que com isso n\u00f3s possamos garantir que no ambiente de trabalho as mulheres n\u00e3o tenham mais medo, que elas possam contar com a Administra\u00e7\u00e3o P\u00fablica como rede de apoio\u201d.<\/p>\n<p>J\u00e1 Marielle de Oliveira Dornelas, auditora fiscal que sofreu viol\u00eancia dom\u00e9stica e deu origem ao parecer, prestou seu reconhecimento \u00e0 vit\u00f3ria daquele momento: \u201cEu n\u00e3o teria chegado aqui sem a uni\u00e3o de outras mulheres, formando essa for\u00e7a poderosa capaz de transformar o mundo em lugar melhor, mais justo e mais seguro para todos n\u00f3s. Essa vit\u00f3ria \u00e9 de todas que sobreviveram pra poder lutar e tamb\u00e9m de voc\u00eas que tomaram nossa dor pra si\u201d, agradeceu Marielle.<\/p>\n<p>&nbsp;<\/p>\n<p>Acesse o link do Di\u00e1rio Oficial para leitura dos pareceres a \u00edntegra: <a href=\"https:\/\/www.in.gov.br\/web\/dou\/-\/despacho-do-presidente-da-republica-612364431\" target=\"_blank\" rel=\"noopener\">https:\/\/www.in.gov.br\/web\/dou\/-\/despacho-do-presidente-da-republica-612364431<\/a><\/p>\n\n\t\t<style type=\"text\/css\">\n\t\t\t#gallery-1 {\n\t\t\t\tmargin: auto;\n\t\t\t}\n\t\t\t#gallery-1 .gallery-item {\n\t\t\t\tfloat: left;\n\t\t\t\tmargin-top: 10px;\n\t\t\t\ttext-align: center;\n\t\t\t\twidth: 33%;\n\t\t\t}\n\t\t\t#gallery-1 img {\n\t\t\t\tborder: 2px solid #cfcfcf;\n\t\t\t}\n\t\t\t#gallery-1 .gallery-caption {\n\t\t\t\tmargin-left: 0;\n\t\t\t}\n\t\t\t\/* see gallery_shortcode() in wp-includes\/media.php *\/\n\t\t<\/style>\n\t\t<div id='gallery-1' class='gallery galleryid-19359 gallery-columns-3 gallery-size-thumbnail'><dl class='gallery-item'>\n\t\t\t<dt class='gallery-icon landscape'>\n\t\t\t\t<a href='https:\/\/sinprofaz.org.br\/2024\/wp-content\/uploads\/2025\/02\/2-4.png'><img loading=\"lazy\" decoding=\"async\" width=\"150\" height=\"150\" src=\"https:\/\/sinprofaz.org.br\/2024\/wp-content\/uploads\/2025\/02\/2-4-150x150.png\" class=\"attachment-thumbnail size-thumbnail\" alt=\"\" \/><\/a>\n\t\t\t<\/dt><\/dl><dl class='gallery-item'>\n\t\t\t<dt class='gallery-icon landscape'>\n\t\t\t\t<a href='https:\/\/sinprofaz.org.br\/2024\/wp-content\/uploads\/2025\/02\/3-2.png'><img loading=\"lazy\" decoding=\"async\" width=\"150\" height=\"150\" src=\"https:\/\/sinprofaz.org.br\/2024\/wp-content\/uploads\/2025\/02\/3-2-150x150.png\" class=\"attachment-thumbnail size-thumbnail\" alt=\"\" \/><\/a>\n\t\t\t<\/dt><\/dl><dl class='gallery-item'>\n\t\t\t<dt class='gallery-icon landscape'>\n\t\t\t\t<a href='https:\/\/sinprofaz.org.br\/2024\/wp-content\/uploads\/2025\/02\/4-2.png'><img loading=\"lazy\" decoding=\"async\" width=\"150\" height=\"150\" src=\"https:\/\/sinprofaz.org.br\/2024\/wp-content\/uploads\/2025\/02\/4-2-150x150.png\" class=\"attachment-thumbnail size-thumbnail\" alt=\"\" \/><\/a>\n\t\t\t<\/dt><\/dl><br style=\"clear: both\" \/><dl class='gallery-item'>\n\t\t\t<dt class='gallery-icon landscape'>\n\t\t\t\t<a href='https:\/\/sinprofaz.org.br\/2024\/wp-content\/uploads\/2025\/02\/5-1.png'><img loading=\"lazy\" decoding=\"async\" width=\"150\" height=\"150\" src=\"https:\/\/sinprofaz.org.br\/2024\/wp-content\/uploads\/2025\/02\/5-1-150x150.png\" class=\"attachment-thumbnail size-thumbnail\" alt=\"\" \/><\/a>\n\t\t\t<\/dt><\/dl><dl class='gallery-item'>\n\t\t\t<dt class='gallery-icon landscape'>\n\t\t\t\t<a href='https:\/\/sinprofaz.org.br\/2024\/wp-content\/uploads\/2025\/02\/6-1.png'><img loading=\"lazy\" decoding=\"async\" width=\"150\" height=\"150\" src=\"https:\/\/sinprofaz.org.br\/2024\/wp-content\/uploads\/2025\/02\/6-1-150x150.png\" class=\"attachment-thumbnail size-thumbnail\" alt=\"\" \/><\/a>\n\t\t\t<\/dt><\/dl>\n\t\t\t<br style='clear: both' \/>\n\t\t<\/div>\n\n<p><!-- notionvc: fbd185d5-6eb2-4e3b-9062-5b60314f9980 --><\/p>\n","protected":false},"excerpt":{"rendered":"<p>No dia 19 de fevereiro o SINPROFAZ, representado pela Presidente Iolanda Guindani, participou da cerim\u00f4nia de divulga\u00e7\u00e3o de tr\u00eas pareceres vinculantes que representam avan\u00e7os significativos na prote\u00e7\u00e3o de direitos fundamentais. Os pareceres JM 07, JM 08 e JM 09 n\u00e3o apenas reafirmam o compromisso do Estado brasileiro com a equidade e a justi\u00e7a, mas tamb\u00e9m refletem respostas concretas a demandas sociais.<\/p>\n","protected":false},"author":2,"featured_media":19360,"comment_status":"open","ping_status":"open","sticky":false,"template":"","format":"standard","meta":{"footnotes":""},"categories":[8],"tags":[43,44,135],"featured_image_url":"https:\/\/sinprofaz.org.br\/2024\/wp-content\/uploads\/2025\/02\/1-10.png","character_count":2259,"formatted_date":"20\/02\/2025 - 09:00","contentNovo":"No dia 19 de fevereiro o SINPROFAZ, representado pela Presidente Iolanda Guindani, participou da cerim\u00f4nia de divulga\u00e7\u00e3o de tr\u00eas pareceres vinculantes que representam avan\u00e7os significativos na prote\u00e7\u00e3o de direitos fundamentais. Os pareceres JM 07, JM 08 e JM 09 n\u00e3o apenas reafirmam o compromisso do Estado brasileiro com a equidade e a justi\u00e7a, mas tamb\u00e9m refletem respostas concretas a demandas sociais.\r\n\r\nA solenidade contou com a presen\u00e7a do Ministro de Estado da Advocacia-Geral da Uni\u00e3o, Jorge Messias, do Consultor-Geral da Uni\u00e3o, Andr\u00e9 Dantas, da Procuradora-Geral da Fazenda Nacional, Anelize Ruas, da Ministra de Estado das Mulheres, Cida Gon\u00e7alves, da Assessora Especial de Diversidade e Inclus\u00e3o, Cl\u00e1udia Trindade e da Auditora Fiscal da Receita Federal, Marielle Dornelas.\r\n\r\nO Consultor-Geral da Uni\u00e3o, Andr\u00e9 Dantas, destacou a import\u00e2ncia dos pareceres diante do alto n\u00famero de feminic\u00eddio no Brasil. \u201cAcreditamos que os pareceres que apresentamos s\u00e3o mais do que interpreta\u00e7\u00f5es jur\u00eddicas, s\u00e3o instrumentos de transforma\u00e7\u00e3o social que resultam do esfor\u00e7o coletivo da AGU de dar respostas concretas a desafios urgentes da nossa sociedade\u201d.\r\n\r\nO consultor tamb\u00e9m contextualizou que o parecer JM-07 \u00e9 uma importante devolutiva da AGU a uma solicita\u00e7\u00e3o de diversas entidades da sociedade civil, dentre elas, o SINPROFAZ, e garante a possibilidade de remo\u00e7\u00e3o de servidoras p\u00fablicas federais v\u00edtimas de viol\u00eancia dom\u00e9stica, contemplando a prioridade no procedimento de todas as movimenta\u00e7\u00f5es que as envolvam. O entendimento firmado confere maior seguran\u00e7a e prote\u00e7\u00e3o \u00e0s servidoras, assegurando que essas mulheres possam ser realocadas para ambientes livres da viol\u00eancia e do medo.\r\n\r\nOs Pareceres JM-08 e JM-09 refor\u00e7am o compromisso da Administra\u00e7\u00e3o P\u00fablica com o reconhecimento de direito possibilitando prote\u00e7\u00e3o integral \u00e0 primeira inf\u00e2ncia na diversas modalidades familiares.\r\n\r\nAo submeter ao Presidente da Rep\u00fablica a ado\u00e7\u00e3o desses entendimentos para toda a Administra\u00e7\u00e3o P\u00fablica federal, a AGU refor\u00e7a o seu compromisso institucional com a prote\u00e7\u00e3o \u00e0s mulheres e \u00e0 primeira inf\u00e2ncia, resguardando a vida e a liberdade das servidoras p\u00fablicas federais e o fortalecimento dos la\u00e7os afetivos e de cuidado das fam\u00edlias.\r\n\r\n&nbsp;\r\n\r\n<strong>''Pareceres que abrem portas, que d\u00e3o oportunidades''<\/strong>\r\nEm sua fala, a Procuradora Geral da Fazenda Nacional alertou: ''A cada dez minutos, uma de n\u00f3s \u00e9 morta. Isso, dos casos que s\u00e3o revelados, imagina de viol\u00eancia dom\u00e9stica que ningu\u00e9m sabe, porque ainda vivemos naquela sociedade conservadora de que rela\u00e7\u00e3o de marido e mulher ningu\u00e9m mete a colher''.\r\n\r\nA procuradora afirmou que o parecer JM-07 aparenta ser algo muito simples na engrenagem administrativa, mas far\u00e1 uma diferen\u00e7a imensa. ''Vai salvar a vida de muitas mulheres, vai encorajar servidoras e mulheres do Brasil inteiro. Vai dizer pra elas que elas n\u00e3o precisam ter vergonha de ser v\u00edtima de viol\u00eancia dom\u00e9stica e a sua institui\u00e7\u00e3o pode te ajudar (...) S\u00e3o pareceres que abrem portas, que d\u00e3o oportunidades''.\r\n\r\nUma das autoras do parecer, Alessandra Lopes Pereira, advogada da Uni\u00e3o, falou da honra em participar da causa e da emo\u00e7\u00e3o por receber essa tarefa de trabalho. \u201cEspero que com isso n\u00f3s possamos garantir que no ambiente de trabalho as mulheres n\u00e3o tenham mais medo, que elas possam contar com a Administra\u00e7\u00e3o P\u00fablica como rede de apoio\u201d.\r\n\r\nJ\u00e1 Marielle de Oliveira Dornelas, auditora fiscal que sofreu viol\u00eancia dom\u00e9stica e deu origem ao parecer, prestou seu reconhecimento \u00e0 vit\u00f3ria daquele momento: \u201cEu n\u00e3o teria chegado aqui sem a uni\u00e3o de outras mulheres, formando essa for\u00e7a poderosa capaz de transformar o mundo em lugar melhor, mais justo e mais seguro para todos n\u00f3s. Essa vit\u00f3ria \u00e9 de todas que sobreviveram pra poder lutar e tamb\u00e9m de voc\u00eas que tomaram nossa dor pra si\u201d, agradeceu Marielle.\r\n\r\n&nbsp;\r\n\r\nAcesse o link do Di\u00e1rio Oficial para leitura dos pareceres a \u00edntegra: <a href=\"https:\/\/www.in.gov.br\/web\/dou\/-\/despacho-do-presidente-da-republica-612364431\" target=\"_blank\" rel=\"noopener\">https:\/\/www.in.gov.br\/web\/dou\/-\/despacho-do-presidente-da-republica-612364431<\/a>\r\n\r\n[gallery link=\"file\" ids=\"19361,19362,19363,19364,19365\"]\r\n\r\n","_links":{"self":[{"href":"https:\/\/sinprofaz.org.br\/2024\/wp-json\/wp\/v2\/posts\/19359"}],"collection":[{"href":"https:\/\/sinprofaz.org.br\/2024\/wp-json\/wp\/v2\/posts"}],"about":[{"href":"https:\/\/sinprofaz.org.br\/2024\/wp-json\/wp\/v2\/types\/post"}],"author":[{"embeddable":true,"href":"https:\/\/sinprofaz.org.br\/2024\/wp-json\/wp\/v2\/users\/2"}],"replies":[{"embeddable":true,"href":"https:\/\/sinprofaz.org.br\/2024\/wp-json\/wp\/v2\/comments?post=19359"}],"version-history":[{"count":2,"href":"https:\/\/sinprofaz.org.br\/2024\/wp-json\/wp\/v2\/posts\/19359\/revisions"}],"predecessor-version":[{"id":19368,"href":"https:\/\/sinprofaz.org.br\/2024\/wp-json\/wp\/v2\/posts\/19359\/revisions\/19368"}],"wp:featuredmedia":[{"embeddable":true,"href":"https:\/\/sinprofaz.org.br\/2024\/wp-json\/wp\/v2\/media\/19360"}],"wp:attachment":[{"href":"https:\/\/sinprofaz.org.br\/2024\/wp-json\/wp\/v2\/media?parent=19359"}],"wp:term":[{"taxonomy":"category","embeddable":true,"href":"https:\/\/sinprofaz.org.br\/2024\/wp-json\/wp\/v2\/categories?post=19359"},{"taxonomy":"post_tag","embeddable":true,"href":"https:\/\/sinprofaz.org.br\/2024\/wp-json\/wp\/v2\/tags?post=19359"}],"curies":[{"name":"wp","href":"https:\/\/api.w.org\/{rel}","templated":true}]}}