{"id":1935,"date":"2014-10-14T20:57:09","date_gmt":"2014-10-14T20:57:09","guid":{"rendered":""},"modified":"-0001-11-30T00:00:00","modified_gmt":"-0001-11-30T03:00:00","slug":"xxviii-congresso-brasileiro-de-direito-tributario-resultado-do-sorteio-de-vagas","status":"publish","type":"post","link":"https:\/\/sinprofaz.org.br\/2024\/noticias\/xxviii-congresso-brasileiro-de-direito-tributario-resultado-do-sorteio-de-vagas\/","title":{"rendered":"XXVIII Congresso Brasileiro de Direito Tribut\u00e1rio &#8211; resultado do sorteio de vagas"},"content":{"rendered":"<p>O evento ser\u00e1 realizado em S\u00e3o Paulo\/SP pelo Instituto Geraldo Ataliba e pelo Instituto Internacional de Direito P\u00fablico e Empresarial (IGA-IDEPE) entre os dias 22 e 24 de outubro de 2014.<\/p>\n<p>Seguem, abaixo, os nomes dos contemplados:<\/p>\n<p>a) Alberto Canellas Neto (S\u00e3o Paulo\/SP);<br \/> b) Francisco Jo\u00e3o Gomes (S\u00e3o Paulo\/SP);<br \/> c) Marcos Exposito Guevara (S\u00e3o Paulo\/SP) e <br \/> d) Raquel Vieira Mendes (S\u00e3o Paulo\/SP).<\/p>\n<p><a href=\"\/pdfs\/ata-xxviii-congresso-brasileirod-direito-tributario-sao-paulo.pdf\" target=\"_blank\">Clique aqui<\/a> para visualizar a ata do sorteio referido acima.<\/p>\n","protected":false},"excerpt":{"rendered":"<p>O SINPROFAZ informa que, em cumprimento ao item n\u00ba 3.1 do Edital n\u00ba 03\/2014 &#8211; CEJURIS\/SINPROFAZ, foi realizado o sorteio de 04 (quatro) inscri\u00e7\u00f5es gratuitas para o XXVIII Congresso Brasileiro de Direito Tribut\u00e1rio.<\/p>\n","protected":false},"author":1,"featured_media":0,"comment_status":"closed","ping_status":"open","sticky":false,"template":"","format":"standard","meta":{"footnotes":""},"categories":[8],"tags":[],"featured_image_url":"https:\/\/dummyimage.com\/720x400","character_count":234,"formatted_date":"14\/10\/2014 - 20:57","contentNovo":"\r\n<p>O evento ser\u00e1 realizado em S\u00e3o Paulo\/SP pelo Instituto Geraldo Ataliba e pelo Instituto Internacional de Direito P\u00fablico e Empresarial (IGA-IDEPE) entre os dias 22 e 24 de outubro de 2014.<\/p>\r\n<p>Seguem, abaixo, os nomes dos contemplados:<\/p>\r\n<p>a) Alberto Canellas Neto (S\u00e3o Paulo\/SP); b) Francisco Jo\u00e3o Gomes (S\u00e3o Paulo\/SP); c) Marcos Exposito Guevara (S\u00e3o Paulo\/SP) e  d) Raquel Vieira Mendes (S\u00e3o Paulo\/SP).<\/p>\r\n<p><a href=\"\/pdfs\/ata-xxviii-congresso-brasileirod-direito-tributario-sao-paulo.pdf\" target=\"_blank\">Clique aqui<\/a> para visualizar a ata do sorteio referido acima.<\/p>","_links":{"self":[{"href":"https:\/\/sinprofaz.org.br\/2024\/wp-json\/wp\/v2\/posts\/1935"}],"collection":[{"href":"https:\/\/sinprofaz.org.br\/2024\/wp-json\/wp\/v2\/posts"}],"about":[{"href":"https:\/\/sinprofaz.org.br\/2024\/wp-json\/wp\/v2\/types\/post"}],"author":[{"embeddable":true,"href":"https:\/\/sinprofaz.org.br\/2024\/wp-json\/wp\/v2\/users\/1"}],"replies":[{"embeddable":true,"href":"https:\/\/sinprofaz.org.br\/2024\/wp-json\/wp\/v2\/comments?post=1935"}],"version-history":[{"count":0,"href":"https:\/\/sinprofaz.org.br\/2024\/wp-json\/wp\/v2\/posts\/1935\/revisions"}],"wp:attachment":[{"href":"https:\/\/sinprofaz.org.br\/2024\/wp-json\/wp\/v2\/media?parent=1935"}],"wp:term":[{"taxonomy":"category","embeddable":true,"href":"https:\/\/sinprofaz.org.br\/2024\/wp-json\/wp\/v2\/categories?post=1935"},{"taxonomy":"post_tag","embeddable":true,"href":"https:\/\/sinprofaz.org.br\/2024\/wp-json\/wp\/v2\/tags?post=1935"}],"curies":[{"name":"wp","href":"https:\/\/api.w.org\/{rel}","templated":true}]}}