{"id":19344,"date":"2025-02-18T15:10:42","date_gmt":"2025-02-18T18:10:42","guid":{"rendered":"https:\/\/sinprofaz.org.br\/2024\/?p=19344"},"modified":"2025-02-18T15:10:42","modified_gmt":"2025-02-18T18:10:42","slug":"entidades-integrantes-do-mosap-debatem-tramitacao-da-pec-social","status":"publish","type":"post","link":"https:\/\/sinprofaz.org.br\/2024\/noticias\/entidades-integrantes-do-mosap-debatem-tramitacao-da-pec-social\/","title":{"rendered":"ENTIDADES INTEGRANTES DO MOSAP DEBATEM TRAMITA\u00c7\u00c3O DA &#8220;PEC SOCIAL&#8221;"},"content":{"rendered":"<p>O SINPROFAZ, representado por Iolanda Guindani e Jacqueline Carneiro, participou hoje (18) de reuni\u00e3o do Movimento Nacional dos Servidores P\u00fablicos Aposentados e Pensionistas &#8211; Instituto MOSAP. A atua\u00e7\u00e3o parlamentar em torno da PEC 6\/2024 pautou os debates da ocasi\u00e3o. Com o apoio do SINPROFAZ, a\u00a0proposta de emenda \u00e0 Constitui\u00e7\u00e3o j\u00e1 alcan\u00e7ou mais de 200 apoiadores na C\u00e2mara dos Deputados.<\/p>\n<p>A PEC 6\/2024 atualiza os fundamentos da PEC 555\/2006 e prop\u00f5e a gradativa redu\u00e7\u00e3o da contribui\u00e7\u00e3o previdenci\u00e1ria de servidores p\u00fablicos aposentados e pensionistas. Por isso, a luta do Instituto MOSAP, do SINPROFAZ e das demais entidades parceiras \u00e9 para obter o apensamento da PEC 6 \u00e0 PEC 555, que j\u00e1 se encontra pronta para vota\u00e7\u00e3o. Devido \u00e0 relev\u00e2ncia, a PEC 6 vem sendo chamada de &#8220;PEC Social&#8221;.<\/p>\n<p><strong>IRPF para portadores de mol\u00e9stias graves<br \/>\n<\/strong>O MOSAP tamb\u00e9m atua contra a possibilidade de limita\u00e7\u00e3o da isen\u00e7\u00e3o do Imposto de Renda de pessoas portadoras\u00a0de mol\u00e9stia grave. A fim de debater o tema, o\u00a0SINPROFAZ esteve reunido ontem com representantes da Receita Federal do Brasil. Para al\u00e9m do aprofundamento das desigualdades sociais, a proposta, no entendimento do Sindicato, carece de estudos que comprovem sua efetiva repercuss\u00e3o sobre a arrecada\u00e7\u00e3o federal. Nesse sentido, o SINPROFAZ apresentou \u00e0 Receita argumentos pol\u00edticos, jur\u00eddicos e de impacto financeiro que justificam a manuten\u00e7\u00e3o da isen\u00e7\u00e3o do IRPF nos moldes atuais.<\/p>\n<p><!-- notionvc: 15a88e37-7e46-4af4-88cb-0242d145da9a --><\/p>\n","protected":false},"excerpt":{"rendered":"<p>O SINPROFAZ, representado por Iolanda Guindani e Jacqueline Carneiro, participou nesta ter\u00e7a-feira (18) de reuni\u00e3o do Movimento Nacional dos Servidores P\u00fablicos Aposentados e Pensionistas &#8211; Instituto MOSAP. A atua\u00e7\u00e3o parlamentar em torno da PEC 6\/2024 pautou os debates da ocasi\u00e3o. <\/p>\n","protected":false},"author":2,"featured_media":19345,"comment_status":"open","ping_status":"open","sticky":false,"template":"","format":"standard","meta":{"footnotes":""},"categories":[8],"tags":[209,219,25],"featured_image_url":"https:\/\/sinprofaz.org.br\/2024\/wp-content\/uploads\/2025\/02\/1-8.png","character_count":741,"formatted_date":"18\/02\/2025 - 15:10","contentNovo":"O SINPROFAZ, representado por Iolanda Guindani e Jacqueline Carneiro, participou hoje (18) de reuni\u00e3o do Movimento Nacional dos Servidores P\u00fablicos Aposentados e Pensionistas - Instituto MOSAP. A atua\u00e7\u00e3o parlamentar em torno da PEC 6\/2024 pautou os debates da ocasi\u00e3o. Com o apoio do SINPROFAZ, a\u00a0proposta de emenda \u00e0 Constitui\u00e7\u00e3o j\u00e1 alcan\u00e7ou mais de 200 apoiadores na C\u00e2mara dos Deputados.\r\n\r\nA PEC 6\/2024 atualiza os fundamentos da PEC 555\/2006 e prop\u00f5e a gradativa redu\u00e7\u00e3o da contribui\u00e7\u00e3o previdenci\u00e1ria de servidores p\u00fablicos aposentados e pensionistas. Por isso, a luta do Instituto MOSAP, do SINPROFAZ e das demais entidades parceiras \u00e9 para obter o apensamento da PEC 6 \u00e0 PEC 555, que j\u00e1 se encontra pronta para vota\u00e7\u00e3o. Devido \u00e0 relev\u00e2ncia, a PEC 6 vem sendo chamada de \"PEC Social\".\r\n\r\n<strong>IRPF para portadores de mol\u00e9stias graves\r\n<\/strong>O MOSAP tamb\u00e9m atua contra a possibilidade de limita\u00e7\u00e3o da isen\u00e7\u00e3o do Imposto de Renda de pessoas portadoras\u00a0de mol\u00e9stia grave. A fim de debater o tema, o\u00a0SINPROFAZ esteve reunido ontem com representantes da Receita Federal do Brasil. Para al\u00e9m do aprofundamento das desigualdades sociais, a proposta, no entendimento do Sindicato, carece de estudos que comprovem sua efetiva repercuss\u00e3o sobre a arrecada\u00e7\u00e3o federal. Nesse sentido, o SINPROFAZ apresentou \u00e0 Receita argumentos pol\u00edticos, jur\u00eddicos e de impacto financeiro que justificam a manuten\u00e7\u00e3o da isen\u00e7\u00e3o do IRPF nos moldes atuais.\r\n\r\n","_links":{"self":[{"href":"https:\/\/sinprofaz.org.br\/2024\/wp-json\/wp\/v2\/posts\/19344"}],"collection":[{"href":"https:\/\/sinprofaz.org.br\/2024\/wp-json\/wp\/v2\/posts"}],"about":[{"href":"https:\/\/sinprofaz.org.br\/2024\/wp-json\/wp\/v2\/types\/post"}],"author":[{"embeddable":true,"href":"https:\/\/sinprofaz.org.br\/2024\/wp-json\/wp\/v2\/users\/2"}],"replies":[{"embeddable":true,"href":"https:\/\/sinprofaz.org.br\/2024\/wp-json\/wp\/v2\/comments?post=19344"}],"version-history":[{"count":1,"href":"https:\/\/sinprofaz.org.br\/2024\/wp-json\/wp\/v2\/posts\/19344\/revisions"}],"predecessor-version":[{"id":19346,"href":"https:\/\/sinprofaz.org.br\/2024\/wp-json\/wp\/v2\/posts\/19344\/revisions\/19346"}],"wp:featuredmedia":[{"embeddable":true,"href":"https:\/\/sinprofaz.org.br\/2024\/wp-json\/wp\/v2\/media\/19345"}],"wp:attachment":[{"href":"https:\/\/sinprofaz.org.br\/2024\/wp-json\/wp\/v2\/media?parent=19344"}],"wp:term":[{"taxonomy":"category","embeddable":true,"href":"https:\/\/sinprofaz.org.br\/2024\/wp-json\/wp\/v2\/categories?post=19344"},{"taxonomy":"post_tag","embeddable":true,"href":"https:\/\/sinprofaz.org.br\/2024\/wp-json\/wp\/v2\/tags?post=19344"}],"curies":[{"name":"wp","href":"https:\/\/api.w.org\/{rel}","templated":true}]}}