{"id":19341,"date":"2025-02-18T10:58:29","date_gmt":"2025-02-18T13:58:29","guid":{"rendered":"https:\/\/sinprofaz.org.br\/2024\/?p=19341"},"modified":"2025-02-18T10:58:29","modified_gmt":"2025-02-18T13:58:29","slug":"sinprofaz-convida-para-mobilizacao-pela-autonomia-da-advocacia-publica","status":"publish","type":"post","link":"https:\/\/sinprofaz.org.br\/2024\/noticias\/sinprofaz-convida-para-mobilizacao-pela-autonomia-da-advocacia-publica\/","title":{"rendered":"SINPROFAZ CONVIDA PARA MOBILIZA\u00c7\u00c3O PELA AUTONOMIA DA ADVOCACIA P\u00daBLICA"},"content":{"rendered":"<p>O SINPROFAZ convida a Carreira para a segunda edi\u00e7\u00e3o da Jornada de Mobiliza\u00e7\u00e3o da Advocacia P\u00fablica Nacional. Programada para o <strong>dia 7 de maio, em Bras\u00edlia\/DF<\/strong>, a mobiliza\u00e7\u00e3o permitir\u00e1 que os advogados p\u00fablicos dos tr\u00eas n\u00edveis da Federa\u00e7\u00e3o retomem a luta conjunta por um objetivo comum: a Autonomia da Advocacia P\u00fablica, prevista na PEC 17\/2024.<\/p>\n<p>A segunda edi\u00e7\u00e3o da Jornada ter\u00e1 como tema central\u00a0<em>Advocacia\u00a0P\u00fablica e Constitui\u00e7\u00e3o: um projeto\u00a0inacabado<\/em>\u00a0e certamente marcar\u00e1 a hist\u00f3ria das carreiras. Prestigie!<\/p>\n<p>Em breve, mais informa\u00e7\u00f5es.<\/p>\n<p><!-- notionvc: 45084112-bd2a-4f80-95a4-e6b81cfd0a3d --><\/p>\n","protected":false},"excerpt":{"rendered":"<p>O SINPROFAZ convida a Carreira para a segunda edi\u00e7\u00e3o da Jornada de Mobiliza\u00e7\u00e3o da Advocacia P\u00fablica Nacional. Programada para o dia 7 de maio, em Bras\u00edlia\/DF, a mobiliza\u00e7\u00e3o permitir\u00e1 que os advogados p\u00fablicos dos tr\u00eas n\u00edveis da Federa\u00e7\u00e3o retomem a luta conjunta pela PEC 17\/2024.<\/p>\n","protected":false},"author":2,"featured_media":19342,"comment_status":"open","ping_status":"open","sticky":false,"template":"","format":"standard","meta":{"footnotes":""},"categories":[8],"tags":[34,223,25],"featured_image_url":"https:\/\/sinprofaz.org.br\/2024\/wp-content\/uploads\/2025\/02\/1-7.png","character_count":283,"formatted_date":"18\/02\/2025 - 10:58","contentNovo":"O SINPROFAZ convida a Carreira para a segunda edi\u00e7\u00e3o da Jornada de Mobiliza\u00e7\u00e3o da Advocacia P\u00fablica Nacional. Programada para o <strong>dia 7 de maio, em Bras\u00edlia\/DF<\/strong>, a mobiliza\u00e7\u00e3o permitir\u00e1 que os advogados p\u00fablicos dos tr\u00eas n\u00edveis da Federa\u00e7\u00e3o retomem a luta conjunta por um objetivo comum: a Autonomia da Advocacia P\u00fablica, prevista na PEC 17\/2024.\r\n\r\nA segunda edi\u00e7\u00e3o da Jornada ter\u00e1 como tema central\u00a0<em>Advocacia\u00a0P\u00fablica e Constitui\u00e7\u00e3o: um projeto\u00a0inacabado<\/em>\u00a0e certamente marcar\u00e1 a hist\u00f3ria das carreiras. Prestigie!\r\n\r\nEm breve, mais informa\u00e7\u00f5es.\r\n\r\n","_links":{"self":[{"href":"https:\/\/sinprofaz.org.br\/2024\/wp-json\/wp\/v2\/posts\/19341"}],"collection":[{"href":"https:\/\/sinprofaz.org.br\/2024\/wp-json\/wp\/v2\/posts"}],"about":[{"href":"https:\/\/sinprofaz.org.br\/2024\/wp-json\/wp\/v2\/types\/post"}],"author":[{"embeddable":true,"href":"https:\/\/sinprofaz.org.br\/2024\/wp-json\/wp\/v2\/users\/2"}],"replies":[{"embeddable":true,"href":"https:\/\/sinprofaz.org.br\/2024\/wp-json\/wp\/v2\/comments?post=19341"}],"version-history":[{"count":1,"href":"https:\/\/sinprofaz.org.br\/2024\/wp-json\/wp\/v2\/posts\/19341\/revisions"}],"predecessor-version":[{"id":19343,"href":"https:\/\/sinprofaz.org.br\/2024\/wp-json\/wp\/v2\/posts\/19341\/revisions\/19343"}],"wp:featuredmedia":[{"embeddable":true,"href":"https:\/\/sinprofaz.org.br\/2024\/wp-json\/wp\/v2\/media\/19342"}],"wp:attachment":[{"href":"https:\/\/sinprofaz.org.br\/2024\/wp-json\/wp\/v2\/media?parent=19341"}],"wp:term":[{"taxonomy":"category","embeddable":true,"href":"https:\/\/sinprofaz.org.br\/2024\/wp-json\/wp\/v2\/categories?post=19341"},{"taxonomy":"post_tag","embeddable":true,"href":"https:\/\/sinprofaz.org.br\/2024\/wp-json\/wp\/v2\/tags?post=19341"}],"curies":[{"name":"wp","href":"https:\/\/api.w.org\/{rel}","templated":true}]}}