{"id":19335,"date":"2025-02-13T16:06:54","date_gmt":"2025-02-13T19:06:54","guid":{"rendered":"https:\/\/sinprofaz.org.br\/2024\/?p=19335"},"modified":"2025-02-13T16:06:54","modified_gmt":"2025-02-13T19:06:54","slug":"em-artigo-pfns-abordam-a-transformacao-das-redes-sociais-em-arena-politica","status":"publish","type":"post","link":"https:\/\/sinprofaz.org.br\/2024\/noticias\/em-artigo-pfns-abordam-a-transformacao-das-redes-sociais-em-arena-politica\/","title":{"rendered":"EM ARTIGO, PFNS ABORDAM A TRANSFORMA\u00c7\u00c3O DAS REDES SOCIAIS EM ARENA POL\u00cdTICA"},"content":{"rendered":"<p>O Jota publicou, nesta quinta-feira (13), artigo de autoria dos filiados Allan Titonelli Nunes e Daniel Giotti de Paula. No texto intitulado\u00a0<em>A nova arena pol\u00edtica s\u00e3o as redes<\/em>, os procuradores da Fazenda Nacional discutem como a sociedade hiperconectada potencializou a polariza\u00e7\u00e3o, o desrespeito e a dissemina\u00e7\u00e3o de falsas informa\u00e7\u00f5es. Segundo os autores, no presente, os discursos e as manifesta\u00e7\u00f5es visam ao sensacionalismo e ao engajamento e n\u00e3o \u00e0 concretiza\u00e7\u00e3o de medidas realmente ben\u00e9ficas \u00e0 popula\u00e7\u00e3o.<\/p>\n<p>&#8220;A discuss\u00e3o da reforma tribut\u00e1ria com memes ou a recente celeuma em torno da extens\u00e3o do controle das opera\u00e7\u00f5es das\u00a0<em>fintechs<\/em>, sob acusa\u00e7\u00f5es de taxa\u00e7\u00e3o do Pix, s\u00e3o exemplos dessa nova realidade do engajamento a todo custo, a despeito de uma discuss\u00e3o real sobre pol\u00edticas p\u00fablicas relevantes&#8221;, ressaltam os PFNs em trecho do artigo, no qual tamb\u00e9m destacam a figura do influenciador digital: &#8220;um formador ou uma formadora de opini\u00f5es em larga escala&#8221;.<\/p>\n<p>A provid\u00eancia tomada pela Advocacia-Geral da Uni\u00e3o de convocar uma audi\u00eancia p\u00fablica para o debate\u00a0sobre enfrentamento \u00e0 desinforma\u00e7\u00e3o e prote\u00e7\u00e3o de direitos fundamentais nas plataformas digitais foi lembrada pelos autores do artigo. De acordo com Allan Titonelli Nunes e Daniel Giotti de Paula, o resultado da medida foi o encaminhamento de subs\u00eddios ao Supremo Tribunal Federal, que tem julgamentos em curso sobre o tema, e ao Congresso Nacional, onde tramitam projetos de lei sobre a regula\u00e7\u00e3o do setor.<\/p>\n<p>Para ler a \u00edntegra do artigo, acesse:\u00a0<a href=\"https:\/\/www.jota.info\/artigos\/a-nova-arena-politica-sao-as-redes\" target=\"_blank\" rel=\"noopener\">https:\/\/www.jota.info\/artigos\/a-nova-arena-politica-sao-as-redes<\/a><\/p>\n<p><!-- notionvc: 182f2ffc-ec59-439b-8df3-a025381cb635 --><\/p>\n","protected":false},"excerpt":{"rendered":"<p>No texto intitulado &#8220;A nova arena pol\u00edtica s\u00e3o as redes&#8221;, os PFNs filiados Allan Titonelli Nunes e Daniel Giotti de Paula discutem como a sociedade hiperconectada potencializou a polariza\u00e7\u00e3o, o desrespeito e a dissemina\u00e7\u00e3o de falsas informa\u00e7\u00f5es. <\/p>\n","protected":false},"author":2,"featured_media":17753,"comment_status":"open","ping_status":"open","sticky":false,"template":"","format":"standard","meta":{"footnotes":""},"categories":[8],"tags":[32,45,146,25],"featured_image_url":"https:\/\/sinprofaz.org.br\/2024\/wp-content\/uploads\/2024\/03\/1-3.png","character_count":824,"formatted_date":"13\/02\/2025 - 16:06","contentNovo":"O Jota publicou, nesta quinta-feira (13), artigo de autoria dos filiados Allan Titonelli Nunes e Daniel Giotti de Paula. No texto intitulado\u00a0<em>A nova arena pol\u00edtica s\u00e3o as redes<\/em>, os procuradores da Fazenda Nacional discutem como a sociedade hiperconectada potencializou a polariza\u00e7\u00e3o, o desrespeito e a dissemina\u00e7\u00e3o de falsas informa\u00e7\u00f5es. Segundo os autores, no presente, os discursos e as manifesta\u00e7\u00f5es visam ao sensacionalismo e ao engajamento e n\u00e3o \u00e0 concretiza\u00e7\u00e3o de medidas realmente ben\u00e9ficas \u00e0 popula\u00e7\u00e3o.\r\n\r\n\"A discuss\u00e3o da reforma tribut\u00e1ria com memes ou a recente celeuma em torno da extens\u00e3o do controle das opera\u00e7\u00f5es das\u00a0<em>fintechs<\/em>, sob acusa\u00e7\u00f5es de taxa\u00e7\u00e3o do Pix, s\u00e3o exemplos dessa nova realidade do engajamento a todo custo, a despeito de uma discuss\u00e3o real sobre pol\u00edticas p\u00fablicas relevantes\", ressaltam os PFNs em trecho do artigo, no qual tamb\u00e9m destacam a figura do influenciador digital: \"um formador ou uma formadora de opini\u00f5es em larga escala\".\r\n\r\nA provid\u00eancia tomada pela Advocacia-Geral da Uni\u00e3o de convocar uma audi\u00eancia p\u00fablica para o debate\u00a0sobre enfrentamento \u00e0 desinforma\u00e7\u00e3o e prote\u00e7\u00e3o de direitos fundamentais nas plataformas digitais foi lembrada pelos autores do artigo. De acordo com Allan Titonelli Nunes e Daniel Giotti de Paula, o resultado da medida foi o encaminhamento de subs\u00eddios ao Supremo Tribunal Federal, que tem julgamentos em curso sobre o tema, e ao Congresso Nacional, onde tramitam projetos de lei sobre a regula\u00e7\u00e3o do setor.\r\n\r\nPara ler a \u00edntegra do artigo, acesse:\u00a0<a href=\"https:\/\/www.jota.info\/artigos\/a-nova-arena-politica-sao-as-redes\" target=\"_blank\" rel=\"noopener\">https:\/\/www.jota.info\/artigos\/a-nova-arena-politica-sao-as-redes<\/a>\r\n\r\n","_links":{"self":[{"href":"https:\/\/sinprofaz.org.br\/2024\/wp-json\/wp\/v2\/posts\/19335"}],"collection":[{"href":"https:\/\/sinprofaz.org.br\/2024\/wp-json\/wp\/v2\/posts"}],"about":[{"href":"https:\/\/sinprofaz.org.br\/2024\/wp-json\/wp\/v2\/types\/post"}],"author":[{"embeddable":true,"href":"https:\/\/sinprofaz.org.br\/2024\/wp-json\/wp\/v2\/users\/2"}],"replies":[{"embeddable":true,"href":"https:\/\/sinprofaz.org.br\/2024\/wp-json\/wp\/v2\/comments?post=19335"}],"version-history":[{"count":1,"href":"https:\/\/sinprofaz.org.br\/2024\/wp-json\/wp\/v2\/posts\/19335\/revisions"}],"predecessor-version":[{"id":19336,"href":"https:\/\/sinprofaz.org.br\/2024\/wp-json\/wp\/v2\/posts\/19335\/revisions\/19336"}],"wp:featuredmedia":[{"embeddable":true,"href":"https:\/\/sinprofaz.org.br\/2024\/wp-json\/wp\/v2\/media\/17753"}],"wp:attachment":[{"href":"https:\/\/sinprofaz.org.br\/2024\/wp-json\/wp\/v2\/media?parent=19335"}],"wp:term":[{"taxonomy":"category","embeddable":true,"href":"https:\/\/sinprofaz.org.br\/2024\/wp-json\/wp\/v2\/categories?post=19335"},{"taxonomy":"post_tag","embeddable":true,"href":"https:\/\/sinprofaz.org.br\/2024\/wp-json\/wp\/v2\/tags?post=19335"}],"curies":[{"name":"wp","href":"https:\/\/api.w.org\/{rel}","templated":true}]}}