{"id":19332,"date":"2025-02-13T13:52:04","date_gmt":"2025-02-13T16:52:04","guid":{"rendered":"https:\/\/sinprofaz.org.br\/2024\/?p=19332"},"modified":"2025-02-13T13:52:04","modified_gmt":"2025-02-13T16:52:04","slug":"gustavo-penha-lemes-lanca-segundo-volume-da-obra-teoria-da-decisao-judicial","status":"publish","type":"post","link":"https:\/\/sinprofaz.org.br\/2024\/noticias\/gustavo-penha-lemes-lanca-segundo-volume-da-obra-teoria-da-decisao-judicial\/","title":{"rendered":"GUSTAVO PENHA LEMES LAN\u00c7A SEGUNDO VOLUME DA OBRA &#8220;TEORIA DA DECIS\u00c3O JUDICIAL&#8221;"},"content":{"rendered":"<p>O SINPROFAZ informa que acaba de ser publicado o segundo volume do livro\u00a0<strong><em>Teoria da Decis\u00e3o Judicial<\/em>\u00a0<em>&#8211; Contribui\u00e7\u00f5es da filosofia de Hans-Georg Gadamer para a an\u00e1lise da atividade hermen\u00eautica do juiz<\/em><\/strong>. De autoria do procurador da Fazenda Nacional Gustavo Penha Lemes, a obra foca especialmente na compreens\u00e3o, interpreta\u00e7\u00e3o e linguagem da decis\u00e3o judicial &#8211; fen\u00f4menos que ganharam destaque no trabalho do fil\u00f3sofo Hans-Georg Gadamer, o qual assumiu os principais ensinamentos de Martin Heidegger.<\/p>\n<p>&#8220;No livro s\u00e3o examinados, entre outros, os fen\u00f4menos da consci\u00eancia hermen\u00eautica, da tradi\u00e7\u00e3o, dos preconceitos do int\u00e9rprete, da dist\u00e2ncia temporal, da hist\u00f3ria efeitual, da fus\u00e3o de horizontes, da aplica\u00e7\u00e3o, da pergunta hermen\u00eautica, do di\u00e1logo e da linguagem, bem como sua aplica\u00e7\u00e3o no mundo jur\u00eddico, de modo que \u00e9 realizada uma an\u00e1lise mais ampla a respeito dos prejulgamentos dos ju\u00edzes, dos di\u00e1logos jur\u00eddicos, dos m\u00e9todos de interpreta\u00e7\u00e3o e da decis\u00e3o judicial&#8221;, explica o autor Gustavo Penha Lemes.<\/p>\n<p>No segundo volume da obra\u00a0<em><strong>Teoria da Decis\u00e3o Judicial<\/strong><\/em>, examina-se tamb\u00e9m quest\u00f5es fundamentais referentes aos julgamentos do Poder Judici\u00e1rio, como aquelas relativas \u00e0 (i) decis\u00e3o judicial e aos fen\u00f4menos da aplica\u00e7\u00e3o e da cria\u00e7\u00e3o do direito, (ii) decis\u00e3o judicial e princ\u00edpio da proibi\u00e7\u00e3o da denega\u00e7\u00e3o de justi\u00e7a, e (iii) decis\u00e3o judicial, poder discricion\u00e1rio e democracia.<\/p>\n<p>Saiba mais sobre a obra lan\u00e7ada pela Dial\u00e9tica Editora!<br \/>\nAcesse:\u00a0<a href=\"https:\/\/loja.editoradialetica.com\/loja\/produto.php?loja=791959&amp;IdProd=1244256741&amp;iniSession=1&amp;hash=409397404\" target=\"_blank\" rel=\"noopener\">https:\/\/loja.editoradialetica.com\/loja\/produto.php?loja=791959&amp;IdProd=1244256741&amp;iniSession=1&amp;hash=409397404<\/a><\/p>\n<p><!-- notionvc: a66d6aaf-bb5f-45eb-82d0-4f1cfb7b6def --><\/p>\n","protected":false},"excerpt":{"rendered":"<p>O SINPROFAZ informa que acaba de ser publicado o segundo volume do livro &#8220;Teoria da Decis\u00e3o Judicial &#8211; Contribui\u00e7\u00f5es da filosofia de Hans-Georg Gadamer para a an\u00e1lise da atividade hermen\u00eautica do juiz&#8221;, de autoria do filiado Gustavo Penha Lemes.<\/p>\n","protected":false},"author":2,"featured_media":19333,"comment_status":"open","ping_status":"open","sticky":false,"template":"","format":"standard","meta":{"footnotes":""},"categories":[8],"tags":[32,121,25],"featured_image_url":"https:\/\/sinprofaz.org.br\/2024\/wp-content\/uploads\/2025\/02\/1-5.png","character_count":826,"formatted_date":"13\/02\/2025 - 13:52","contentNovo":"O SINPROFAZ informa que acaba de ser publicado o segundo volume do livro\u00a0<strong><em>Teoria da Decis\u00e3o Judicial<\/em>\u00a0<em>- Contribui\u00e7\u00f5es da filosofia de Hans-Georg Gadamer para a an\u00e1lise da atividade hermen\u00eautica do juiz<\/em><\/strong>. De autoria do procurador da Fazenda Nacional Gustavo Penha Lemes, a obra foca especialmente na compreens\u00e3o, interpreta\u00e7\u00e3o e linguagem da decis\u00e3o judicial - fen\u00f4menos que ganharam destaque no trabalho do fil\u00f3sofo Hans-Georg Gadamer, o qual assumiu os principais ensinamentos de Martin Heidegger.\r\n\r\n\"No livro s\u00e3o examinados, entre outros, os fen\u00f4menos da consci\u00eancia hermen\u00eautica, da tradi\u00e7\u00e3o, dos preconceitos do int\u00e9rprete, da dist\u00e2ncia temporal, da hist\u00f3ria efeitual, da fus\u00e3o de horizontes, da aplica\u00e7\u00e3o, da pergunta hermen\u00eautica, do di\u00e1logo e da linguagem, bem como sua aplica\u00e7\u00e3o no mundo jur\u00eddico, de modo que \u00e9 realizada uma an\u00e1lise mais ampla a respeito dos prejulgamentos dos ju\u00edzes, dos di\u00e1logos jur\u00eddicos, dos m\u00e9todos de interpreta\u00e7\u00e3o e da decis\u00e3o judicial\", explica o autor Gustavo Penha Lemes.\r\n\r\nNo segundo volume da obra\u00a0<em><strong>Teoria da Decis\u00e3o Judicial<\/strong><\/em>, examina-se tamb\u00e9m quest\u00f5es fundamentais referentes aos julgamentos do Poder Judici\u00e1rio, como aquelas relativas \u00e0 (i) decis\u00e3o judicial e aos fen\u00f4menos da aplica\u00e7\u00e3o e da cria\u00e7\u00e3o do direito, (ii) decis\u00e3o judicial e princ\u00edpio da proibi\u00e7\u00e3o da denega\u00e7\u00e3o de justi\u00e7a, e (iii) decis\u00e3o judicial, poder discricion\u00e1rio e democracia.\r\n\r\nSaiba mais sobre a obra lan\u00e7ada pela Dial\u00e9tica Editora!\r\nAcesse:\u00a0<a href=\"https:\/\/loja.editoradialetica.com\/loja\/produto.php?loja=791959&amp;IdProd=1244256741&amp;iniSession=1&amp;hash=409397404\" target=\"_blank\" rel=\"noopener\">https:\/\/loja.editoradialetica.com\/loja\/produto.php?loja=791959&amp;IdProd=1244256741&amp;iniSession=1&amp;hash=409397404<\/a>\r\n\r\n","_links":{"self":[{"href":"https:\/\/sinprofaz.org.br\/2024\/wp-json\/wp\/v2\/posts\/19332"}],"collection":[{"href":"https:\/\/sinprofaz.org.br\/2024\/wp-json\/wp\/v2\/posts"}],"about":[{"href":"https:\/\/sinprofaz.org.br\/2024\/wp-json\/wp\/v2\/types\/post"}],"author":[{"embeddable":true,"href":"https:\/\/sinprofaz.org.br\/2024\/wp-json\/wp\/v2\/users\/2"}],"replies":[{"embeddable":true,"href":"https:\/\/sinprofaz.org.br\/2024\/wp-json\/wp\/v2\/comments?post=19332"}],"version-history":[{"count":1,"href":"https:\/\/sinprofaz.org.br\/2024\/wp-json\/wp\/v2\/posts\/19332\/revisions"}],"predecessor-version":[{"id":19334,"href":"https:\/\/sinprofaz.org.br\/2024\/wp-json\/wp\/v2\/posts\/19332\/revisions\/19334"}],"wp:featuredmedia":[{"embeddable":true,"href":"https:\/\/sinprofaz.org.br\/2024\/wp-json\/wp\/v2\/media\/19333"}],"wp:attachment":[{"href":"https:\/\/sinprofaz.org.br\/2024\/wp-json\/wp\/v2\/media?parent=19332"}],"wp:term":[{"taxonomy":"category","embeddable":true,"href":"https:\/\/sinprofaz.org.br\/2024\/wp-json\/wp\/v2\/categories?post=19332"},{"taxonomy":"post_tag","embeddable":true,"href":"https:\/\/sinprofaz.org.br\/2024\/wp-json\/wp\/v2\/tags?post=19332"}],"curies":[{"name":"wp","href":"https:\/\/api.w.org\/{rel}","templated":true}]}}