{"id":19328,"date":"2025-02-11T14:00:42","date_gmt":"2025-02-11T17:00:42","guid":{"rendered":"https:\/\/sinprofaz.org.br\/2024\/?p=19328"},"modified":"2025-02-11T14:00:42","modified_gmt":"2025-02-11T17:00:42","slug":"dialogos-com-a-diretoria-sinprofaz-promoveu-live-especial-com-filiados-aposentados","status":"publish","type":"post","link":"https:\/\/sinprofaz.org.br\/2024\/noticias\/dialogos-com-a-diretoria-sinprofaz-promoveu-live-especial-com-filiados-aposentados\/","title":{"rendered":"DI\u00c1LOGOS COM A DIRETORIA: SINPROFAZ PROMOVEU LIVE ESPECIAL COM FILIADOS APOSENTADOS"},"content":{"rendered":"<p>O SINPROFAZ, representado pela presidente Iolanda Guindani e pelo diretor jur\u00eddico Roberto Rodrigues, promoveu na segunda-feira (10) uma nova edi\u00e7\u00e3o da\u00a0<em>live<\/em>\u00a0<strong>Di\u00e1logos com a Diretoria<\/strong>, agora voltada para os PFNs\u00a0aposentados.<\/p>\n<p>A reuni\u00e3o teve por objetivo o estreitamento da comunica\u00e7\u00e3o entre dirigentes sindicais e Colegas filiados, bem como a transmiss\u00e3o de informa\u00e7\u00f5es acerca das perspectivas e atua\u00e7\u00f5es do Sindicato para a melhoria das condi\u00e7\u00f5es da Carreira e o progresso das prerrogativas.<\/p>\n<p>Os debates da ocasi\u00e3o foram extremamente produtivos e esclarecedores. Entre os assuntos abordados, estiveram a conclus\u00e3o de a\u00e7\u00f5es judiciais, a necessidade de maior detalhamento dos recursos pagos pelo CCHA e a resolu\u00e7\u00e3o da situa\u00e7\u00e3o dos Colegas que ainda aguardam a percep\u00e7\u00e3o da verba indenizat\u00f3ria de sa\u00fade.<\/p>\n<p>A Diretoria do SINPROFAZ agradece profundamente as filiadas e os filiados que participaram da\u00a0<em>live<\/em>\u00a0e que contribu\u00edram com questionamentos e sugest\u00f5es!<\/p>\n<p><!-- notionvc: cabad1ab-5fb0-476a-b9f7-3dfa149ac047 --><\/p>\n\n\t\t<style type=\"text\/css\">\n\t\t\t#gallery-1 {\n\t\t\t\tmargin: auto;\n\t\t\t}\n\t\t\t#gallery-1 .gallery-item {\n\t\t\t\tfloat: left;\n\t\t\t\tmargin-top: 10px;\n\t\t\t\ttext-align: center;\n\t\t\t\twidth: 33%;\n\t\t\t}\n\t\t\t#gallery-1 img {\n\t\t\t\tborder: 2px solid #cfcfcf;\n\t\t\t}\n\t\t\t#gallery-1 .gallery-caption {\n\t\t\t\tmargin-left: 0;\n\t\t\t}\n\t\t\t\/* see gallery_shortcode() in wp-includes\/media.php *\/\n\t\t<\/style>\n\t\t<div id='gallery-1' class='gallery galleryid-19328 gallery-columns-3 gallery-size-thumbnail'><dl class='gallery-item'>\n\t\t\t<dt class='gallery-icon landscape'>\n\t\t\t\t<a href='https:\/\/sinprofaz.org.br\/2024\/wp-content\/uploads\/2025\/02\/2-2.png'><img loading=\"lazy\" decoding=\"async\" width=\"150\" height=\"150\" src=\"https:\/\/sinprofaz.org.br\/2024\/wp-content\/uploads\/2025\/02\/2-2-150x150.png\" class=\"attachment-thumbnail size-thumbnail\" alt=\"\" \/><\/a>\n\t\t\t<\/dt><\/dl>\n\t\t\t<br style='clear: both' \/>\n\t\t<\/div>\n\n","protected":false},"excerpt":{"rendered":"<p>O SINPROFAZ, representado pela presidente Iolanda Guindani e pelo diretor jur\u00eddico Roberto Rodrigues, promoveu na segunda-feira (10) uma nova edi\u00e7\u00e3o da live &#8220;Di\u00e1logos com a Diretoria&#8221;, agora voltada para os PFNs aposentados. Confira!<\/p>\n","protected":false},"author":2,"featured_media":19329,"comment_status":"open","ping_status":"open","sticky":false,"template":"","format":"standard","meta":{"footnotes":""},"categories":[8],"tags":[71,26,25],"featured_image_url":"https:\/\/sinprofaz.org.br\/2024\/wp-content\/uploads\/2025\/02\/1-4.png","character_count":670,"formatted_date":"11\/02\/2025 - 14:00","contentNovo":"O SINPROFAZ, representado pela presidente Iolanda Guindani e pelo diretor jur\u00eddico Roberto Rodrigues, promoveu na segunda-feira (10) uma nova edi\u00e7\u00e3o da\u00a0<em>live<\/em>\u00a0<strong>Di\u00e1logos com a Diretoria<\/strong>, agora voltada para os PFNs\u00a0aposentados.\r\n\r\nA reuni\u00e3o teve por objetivo o estreitamento da comunica\u00e7\u00e3o entre dirigentes sindicais e Colegas filiados, bem como a transmiss\u00e3o de informa\u00e7\u00f5es acerca das perspectivas e atua\u00e7\u00f5es do Sindicato para a melhoria das condi\u00e7\u00f5es da Carreira e o progresso das prerrogativas.\r\n\r\nOs debates da ocasi\u00e3o foram extremamente produtivos e esclarecedores. Entre os assuntos abordados, estiveram a conclus\u00e3o de a\u00e7\u00f5es judiciais, a necessidade de maior detalhamento dos recursos pagos pelo CCHA e a resolu\u00e7\u00e3o da situa\u00e7\u00e3o dos Colegas que ainda aguardam a percep\u00e7\u00e3o da verba indenizat\u00f3ria de sa\u00fade.\r\n\r\nA Diretoria do SINPROFAZ agradece profundamente as filiadas e os filiados que participaram da\u00a0<em>live<\/em>\u00a0e que contribu\u00edram com questionamentos e sugest\u00f5es!\r\n\r\n\r\n\r\n[gallery link=\"file\" ids=\"19330\"]","_links":{"self":[{"href":"https:\/\/sinprofaz.org.br\/2024\/wp-json\/wp\/v2\/posts\/19328"}],"collection":[{"href":"https:\/\/sinprofaz.org.br\/2024\/wp-json\/wp\/v2\/posts"}],"about":[{"href":"https:\/\/sinprofaz.org.br\/2024\/wp-json\/wp\/v2\/types\/post"}],"author":[{"embeddable":true,"href":"https:\/\/sinprofaz.org.br\/2024\/wp-json\/wp\/v2\/users\/2"}],"replies":[{"embeddable":true,"href":"https:\/\/sinprofaz.org.br\/2024\/wp-json\/wp\/v2\/comments?post=19328"}],"version-history":[{"count":1,"href":"https:\/\/sinprofaz.org.br\/2024\/wp-json\/wp\/v2\/posts\/19328\/revisions"}],"predecessor-version":[{"id":19331,"href":"https:\/\/sinprofaz.org.br\/2024\/wp-json\/wp\/v2\/posts\/19328\/revisions\/19331"}],"wp:featuredmedia":[{"embeddable":true,"href":"https:\/\/sinprofaz.org.br\/2024\/wp-json\/wp\/v2\/media\/19329"}],"wp:attachment":[{"href":"https:\/\/sinprofaz.org.br\/2024\/wp-json\/wp\/v2\/media?parent=19328"}],"wp:term":[{"taxonomy":"category","embeddable":true,"href":"https:\/\/sinprofaz.org.br\/2024\/wp-json\/wp\/v2\/categories?post=19328"},{"taxonomy":"post_tag","embeddable":true,"href":"https:\/\/sinprofaz.org.br\/2024\/wp-json\/wp\/v2\/tags?post=19328"}],"curies":[{"name":"wp","href":"https:\/\/api.w.org\/{rel}","templated":true}]}}