{"id":19325,"date":"2025-02-10T10:09:08","date_gmt":"2025-02-10T13:09:08","guid":{"rendered":"https:\/\/sinprofaz.org.br\/2024\/?p=19325"},"modified":"2025-02-10T10:09:08","modified_gmt":"2025-02-10T13:09:08","slug":"mgi-convida-servidores-para-realizacao-dos-exames-medicos-periodicos-2025","status":"publish","type":"post","link":"https:\/\/sinprofaz.org.br\/2024\/noticias\/mgi-convida-servidores-para-realizacao-dos-exames-medicos-periodicos-2025\/","title":{"rendered":"MGI CONVIDA SERVIDORES PARA REALIZA\u00c7\u00c3O DOS EXAMES M\u00c9DICOS PERI\u00d3DICOS 2025"},"content":{"rendered":"<p>Priorizando a sa\u00fade do trabalhador, a partir da avalia\u00e7\u00e3o m\u00e9dica e da detec\u00e7\u00e3o precoce dos agravos, relacionados ou n\u00e3o ao trabalho, ser\u00e3o realizados os <strong>Exames M\u00e9dicos Peri\u00f3dicos 2025<\/strong>, em cumprimento ao disposto no Art. 206-A da Lei 8.112. A realiza\u00e7\u00e3o dos exames integra a Pol\u00edtica de Aten\u00e7\u00e3o \u00e0 Sa\u00fade do Trabalho do Servidor P\u00fablico Federal e \u00e9\u00a0<strong>FACULTATIVA:\u00a0a n\u00e3o realiza\u00e7\u00e3o n\u00e3o\u00a0ocasionar\u00e1 qualquer san\u00e7\u00e3o ou penalidade.<\/strong><\/p>\n<p>A fim de orientar acerca dos procedimentos relacionados aos Exames, o Minist\u00e9rio da Gest\u00e3o e da Inova\u00e7\u00e3o em Servi\u00e7os P\u00fablicos (MGI), por meio da Divis\u00e3o de Promo\u00e7\u00e3o \u00e0 Sa\u00fade do Servidor, da\u00a0Diretoria de Gest\u00e3o de Pessoas, elaborou uma Cartilha com informa\u00e7\u00f5es capazes de elucidar as principais d\u00favidas de servidoras e servidores. A Cartilha do MGI\u00a0<a href=\"https:\/\/sinprofaz.org.br\/2024\/wp-content\/uploads\/2025\/02\/CARTILHA-EMP2024-2025.pdf\" target=\"_blank\" rel=\"noopener\">pode ser acessada aqui<\/a>.<\/p>\n<p><strong>Procedimento para os Exames<br \/>\n<\/strong>1. Acesse o <a href=\"http:\/\/SouGov.br\" target=\"_blank\" rel=\"noopener\">SouGov.br<\/a> (aplicativo ou Web).<br \/>\n2. Um pop-up na tela questionar\u00e1 se o servidor deseja prosseguir com a realiza\u00e7\u00e3o dos Exames M\u00e9dicos Peri\u00f3dicos.<br \/>\n3. Leia atentamente a mensagem, escolha uma das op\u00e7\u00f5es e clique em &#8220;Salvar&#8221;.<\/p>\n<p>O MGI orienta os servidores que tenham interesse em fazer os exames a imprimir as guias e agendar os hor\u00e1rios nas cl\u00ednicas e nos laborat\u00f3rios. No momento do agendamento, informe em qual Minist\u00e9rio trabalha e que pretende realizar os\u00a0Exames M\u00e9dicos Peri\u00f3dicos 2025. D\u00favidas sobre o assunto podem ser direcionadas para o e-mail\u00a0<a href=\"mailto:examesperiodicos.dgp@gestao.gov.br\">examesperiodicos.dgp@gestao.gov.br<\/a>.<\/p>\n<p><!-- notionvc: af2fa11f-b196-4983-b1e2-1e9e529206ee --><\/p>\n","protected":false},"excerpt":{"rendered":"<p>Priorizando a sa\u00fade do trabalhador, a partir da avalia\u00e7\u00e3o m\u00e9dica e da detec\u00e7\u00e3o precoce dos agravos, relacionados ou n\u00e3o ao trabalho, ser\u00e3o realizados os Exames M\u00e9dicos Peri\u00f3dicos 2025, em cumprimento ao disposto no Art. 206-A da Lei 8.112. A realiza\u00e7\u00e3o dos Exames \u00e9 facultativa.<\/p>\n","protected":false},"author":2,"featured_media":19326,"comment_status":"open","ping_status":"open","sticky":false,"template":"","format":"standard","meta":{"footnotes":""},"categories":[8],"tags":[146,220,241,25],"featured_image_url":"https:\/\/sinprofaz.org.br\/2024\/wp-content\/uploads\/2025\/02\/1-3.png","character_count":746,"formatted_date":"10\/02\/2025 - 10:09","contentNovo":"Priorizando a sa\u00fade do trabalhador, a partir da avalia\u00e7\u00e3o m\u00e9dica e da detec\u00e7\u00e3o precoce dos agravos, relacionados ou n\u00e3o ao trabalho, ser\u00e3o realizados os <strong>Exames M\u00e9dicos Peri\u00f3dicos 2025<\/strong>, em cumprimento ao disposto no Art. 206-A da Lei 8.112. A realiza\u00e7\u00e3o dos exames integra a Pol\u00edtica de Aten\u00e7\u00e3o \u00e0 Sa\u00fade do Trabalho do Servidor P\u00fablico Federal e \u00e9\u00a0<strong>FACULTATIVA:\u00a0a n\u00e3o realiza\u00e7\u00e3o n\u00e3o\u00a0ocasionar\u00e1 qualquer san\u00e7\u00e3o ou penalidade.<\/strong>\r\n\r\nA fim de orientar acerca dos procedimentos relacionados aos Exames, o Minist\u00e9rio da Gest\u00e3o e da Inova\u00e7\u00e3o em Servi\u00e7os P\u00fablicos (MGI), por meio da Divis\u00e3o de Promo\u00e7\u00e3o \u00e0 Sa\u00fade do Servidor, da\u00a0Diretoria de Gest\u00e3o de Pessoas, elaborou uma Cartilha com informa\u00e7\u00f5es capazes de elucidar as principais d\u00favidas de servidoras e servidores. A Cartilha do MGI\u00a0<a href=\"https:\/\/sinprofaz.org.br\/2024\/wp-content\/uploads\/2025\/02\/CARTILHA-EMP2024-2025.pdf\" target=\"_blank\" rel=\"noopener\">pode ser acessada aqui<\/a>.\r\n\r\n<strong>Procedimento para os Exames\r\n<\/strong>1. Acesse o <a href=\"http:\/\/SouGov.br\" target=\"_blank\" rel=\"noopener\">SouGov.br<\/a> (aplicativo ou Web).\r\n2. Um pop-up na tela questionar\u00e1 se o servidor deseja prosseguir com a realiza\u00e7\u00e3o dos Exames M\u00e9dicos Peri\u00f3dicos.\r\n3. Leia atentamente a mensagem, escolha uma das op\u00e7\u00f5es e clique em \"Salvar\".\r\n\r\nO MGI orienta os servidores que tenham interesse em fazer os exames a imprimir as guias e agendar os hor\u00e1rios nas cl\u00ednicas e nos laborat\u00f3rios. No momento do agendamento, informe em qual Minist\u00e9rio trabalha e que pretende realizar os\u00a0Exames M\u00e9dicos Peri\u00f3dicos 2025. D\u00favidas sobre o assunto podem ser direcionadas para o e-mail\u00a0<a href=\"mailto:examesperiodicos.dgp@gestao.gov.br\">examesperiodicos.dgp@gestao.gov.br<\/a>.\r\n\r\n","_links":{"self":[{"href":"https:\/\/sinprofaz.org.br\/2024\/wp-json\/wp\/v2\/posts\/19325"}],"collection":[{"href":"https:\/\/sinprofaz.org.br\/2024\/wp-json\/wp\/v2\/posts"}],"about":[{"href":"https:\/\/sinprofaz.org.br\/2024\/wp-json\/wp\/v2\/types\/post"}],"author":[{"embeddable":true,"href":"https:\/\/sinprofaz.org.br\/2024\/wp-json\/wp\/v2\/users\/2"}],"replies":[{"embeddable":true,"href":"https:\/\/sinprofaz.org.br\/2024\/wp-json\/wp\/v2\/comments?post=19325"}],"version-history":[{"count":1,"href":"https:\/\/sinprofaz.org.br\/2024\/wp-json\/wp\/v2\/posts\/19325\/revisions"}],"predecessor-version":[{"id":19327,"href":"https:\/\/sinprofaz.org.br\/2024\/wp-json\/wp\/v2\/posts\/19325\/revisions\/19327"}],"wp:featuredmedia":[{"embeddable":true,"href":"https:\/\/sinprofaz.org.br\/2024\/wp-json\/wp\/v2\/media\/19326"}],"wp:attachment":[{"href":"https:\/\/sinprofaz.org.br\/2024\/wp-json\/wp\/v2\/media?parent=19325"}],"wp:term":[{"taxonomy":"category","embeddable":true,"href":"https:\/\/sinprofaz.org.br\/2024\/wp-json\/wp\/v2\/categories?post=19325"},{"taxonomy":"post_tag","embeddable":true,"href":"https:\/\/sinprofaz.org.br\/2024\/wp-json\/wp\/v2\/tags?post=19325"}],"curies":[{"name":"wp","href":"https:\/\/api.w.org\/{rel}","templated":true}]}}