{"id":19320,"date":"2025-02-07T10:42:25","date_gmt":"2025-02-07T13:42:25","guid":{"rendered":"https:\/\/sinprofaz.org.br\/2024\/?p=19320"},"modified":"2025-02-07T11:36:05","modified_gmt":"2025-02-07T14:36:05","slug":"sinprofaz-participa-de-assembleia-ordinaria-do-instituto-servir-brasil","status":"publish","type":"post","link":"https:\/\/sinprofaz.org.br\/2024\/noticias\/sinprofaz-participa-de-assembleia-ordinaria-do-instituto-servir-brasil\/","title":{"rendered":"SINPROFAZ PARTICIPA DE ASSEMBLEIA ORDIN\u00c1RIA DO INSTITUTO SERVIR BRASIL"},"content":{"rendered":"<p>O SINPROFAZ, representado pela presidente Iolanda Guindani, participou na quinta-feira (6) de assembleia geral ordin\u00e1ria do Instituto Servir Brasil. O Instituto, apoiado pelo Sindicato e por v\u00e1rias outras entidades do funcionalismo nacional, atua como bra\u00e7o operacional da Frente Parlamentar Mista em Defesa do Servi\u00e7o P\u00fablico, constituindo, assim, um importante canal de interlocu\u00e7\u00e3o entre as carreiras e o Congresso Nacional.<\/p>\n<p>A assembleia foi conduzida pelo presidente do Instituto, Alison Souza, e proporcionou a abordagem de temas relevantes para o funcionalismo. A atualiza\u00e7\u00e3o do regulamento da entidade, no entanto, motivou os principais debates. Na ocasi\u00e3o, Iolanda Guindani apresentou sugest\u00f5es e exemplos pr\u00e1ticos para o aprimoramento do estatuto. Uma nova assembleia ser\u00e1 agendada para a finaliza\u00e7\u00e3o do documento e a conclus\u00e3o dos debates iniciados pelos dirigentes sindicais.<\/p>\n\n\t\t<style type=\"text\/css\">\n\t\t\t#gallery-1 {\n\t\t\t\tmargin: auto;\n\t\t\t}\n\t\t\t#gallery-1 .gallery-item {\n\t\t\t\tfloat: left;\n\t\t\t\tmargin-top: 10px;\n\t\t\t\ttext-align: center;\n\t\t\t\twidth: 33%;\n\t\t\t}\n\t\t\t#gallery-1 img {\n\t\t\t\tborder: 2px solid #cfcfcf;\n\t\t\t}\n\t\t\t#gallery-1 .gallery-caption {\n\t\t\t\tmargin-left: 0;\n\t\t\t}\n\t\t\t\/* see gallery_shortcode() in wp-includes\/media.php *\/\n\t\t<\/style>\n\t\t<div id='gallery-1' class='gallery galleryid-19320 gallery-columns-3 gallery-size-thumbnail'><dl class='gallery-item'>\n\t\t\t<dt class='gallery-icon landscape'>\n\t\t\t\t<a href='https:\/\/sinprofaz.org.br\/2024\/wp-content\/uploads\/2025\/02\/Servir-Brasil-2.png'><img loading=\"lazy\" decoding=\"async\" width=\"150\" height=\"150\" src=\"https:\/\/sinprofaz.org.br\/2024\/wp-content\/uploads\/2025\/02\/Servir-Brasil-2-150x150.png\" class=\"attachment-thumbnail size-thumbnail\" alt=\"\" \/><\/a>\n\t\t\t<\/dt><\/dl>\n\t\t\t<br style='clear: both' \/>\n\t\t<\/div>\n\n","protected":false},"excerpt":{"rendered":"<p>O Instituto, apoiado pelo Sindicato e por v\u00e1rias outras entidades do funcionalismo nacional, atua como bra\u00e7o operacional da Frente Parlamentar Mista em Defesa do Servi\u00e7o P\u00fablico, constituindo, assim, um importante canal de interlocu\u00e7\u00e3o entre as carreiras e o Congresso Nacional.<\/p>\n","protected":false},"author":2,"featured_media":19321,"comment_status":"open","ping_status":"open","sticky":false,"template":"","format":"standard","meta":{"footnotes":""},"categories":[8],"tags":[23,200,25],"featured_image_url":"https:\/\/sinprofaz.org.br\/2024\/wp-content\/uploads\/2025\/02\/Servir-Brasil-1.png","character_count":630,"formatted_date":"07\/02\/2025 - 10:42","contentNovo":"O SINPROFAZ, representado pela presidente Iolanda Guindani, participou na quinta-feira (6) de assembleia geral ordin\u00e1ria do Instituto Servir Brasil. O Instituto, apoiado pelo Sindicato e por v\u00e1rias outras entidades do funcionalismo nacional, atua como bra\u00e7o operacional da Frente Parlamentar Mista em Defesa do Servi\u00e7o P\u00fablico, constituindo, assim, um importante canal de interlocu\u00e7\u00e3o entre as carreiras e o Congresso Nacional.\r\n\r\nA assembleia foi conduzida pelo presidente do Instituto, Alison Souza, e proporcionou a abordagem de temas relevantes para o funcionalismo. A atualiza\u00e7\u00e3o do regulamento da entidade, no entanto, motivou os principais debates. Na ocasi\u00e3o, Iolanda Guindani apresentou sugest\u00f5es e exemplos pr\u00e1ticos para o aprimoramento do estatuto. Uma nova assembleia ser\u00e1 agendada para a finaliza\u00e7\u00e3o do documento e a conclus\u00e3o dos debates iniciados pelos dirigentes sindicais.\r\n\r\n[gallery link=\"file\" ids=\"19322\"]","_links":{"self":[{"href":"https:\/\/sinprofaz.org.br\/2024\/wp-json\/wp\/v2\/posts\/19320"}],"collection":[{"href":"https:\/\/sinprofaz.org.br\/2024\/wp-json\/wp\/v2\/posts"}],"about":[{"href":"https:\/\/sinprofaz.org.br\/2024\/wp-json\/wp\/v2\/types\/post"}],"author":[{"embeddable":true,"href":"https:\/\/sinprofaz.org.br\/2024\/wp-json\/wp\/v2\/users\/2"}],"replies":[{"embeddable":true,"href":"https:\/\/sinprofaz.org.br\/2024\/wp-json\/wp\/v2\/comments?post=19320"}],"version-history":[{"count":1,"href":"https:\/\/sinprofaz.org.br\/2024\/wp-json\/wp\/v2\/posts\/19320\/revisions"}],"predecessor-version":[{"id":19323,"href":"https:\/\/sinprofaz.org.br\/2024\/wp-json\/wp\/v2\/posts\/19320\/revisions\/19323"}],"wp:featuredmedia":[{"embeddable":true,"href":"https:\/\/sinprofaz.org.br\/2024\/wp-json\/wp\/v2\/media\/19321"}],"wp:attachment":[{"href":"https:\/\/sinprofaz.org.br\/2024\/wp-json\/wp\/v2\/media?parent=19320"}],"wp:term":[{"taxonomy":"category","embeddable":true,"href":"https:\/\/sinprofaz.org.br\/2024\/wp-json\/wp\/v2\/categories?post=19320"},{"taxonomy":"post_tag","embeddable":true,"href":"https:\/\/sinprofaz.org.br\/2024\/wp-json\/wp\/v2\/tags?post=19320"}],"curies":[{"name":"wp","href":"https:\/\/api.w.org\/{rel}","templated":true}]}}